{"id":83721,"date":"2023-08-28T21:20:00","date_gmt":"2023-08-29T00:20:00","guid":{"rendered":"https:\/\/corrientesdetarde.com\/?p=83721"},"modified":"2023-08-28T21:20:12","modified_gmt":"2023-08-29T00:20:12","slug":"wanda-nara-mostro-como-fue-el-inicio-de-clases-de-sus-hijos-en-una-prestigiosa-escuela-de-turquia","status":"publish","type":"post","link":"https:\/\/corrientesdetarde.com\/index.php\/espectaculos\/wanda-nara-mostro-como-fue-el-inicio-de-clases-de-sus-hijos-en-una-prestigiosa-escuela-de-turquia\/","title":{"rendered":"Wanda Nara mostr\u00f3 c\u00f3mo fue el inicio de clases de sus hijos en una prestigiosa escuela de Turqu\u00eda"},"content":{"rendered":"\n<p><strong>Wanda Nara<\/strong>\u00a0<strong>disfruta de su nueva vida en Estambul<\/strong>. Luego de que\u00a0<strong>Mauro Icardi<\/strong>renovara su v\u00ednculo con el club Galatasaray, todo el clan se instal\u00f3 en Turqu\u00eda y ya empieza a acomodar su rutina nuevamente.<\/p>\n\n\n\n<p>Este lunes fue un d\u00eda muy especial para los m\u00e1s chicos de la familia. A trav\u00e9s de su cuenta de Instagram, la medi\u00e1tica mostr\u00f3 que sus hijos empezaron a estudiar en una prestigiosa escuela.\u00a0<strong>\u201cFeliz comienzo, mis peque\u00f1os\u201d<\/strong>, coment\u00f3 en el posteo donde se mostr\u00f3 junto a los nenes.<\/p>\n\n\n\n<p>En la foto,&nbsp;<strong>Constantino, Benedicto, Francesca<\/strong>&nbsp;e&nbsp;<strong>Isabella<\/strong>&nbsp;se muestran vestidos con el uniforme&nbsp;<strong>British International School,<\/strong>&nbsp;uno de los colegios m\u00e1s costosos de Estambul.<\/p>\n\n\n\n<figure class=\"wp-block-image\"><img decoding=\"async\" src=\"https:\/\/tn.com.ar\/resizer\/eFeHZx6FBXCaIpe9wwNXe8m1oAU=\/767x0\/smart\/filters:format(webp)\/cloudfront-us-east-1.images.arcpublishing.com\/artear\/IVH7UMGGIVGOBM6K45Y5CG3ZQ4.PNG\" alt=\"Wanda Nara en la vuelta a clases de sus hijos (Foto: wanda_nara)\"\/><\/figure>\n\n\n\n<p>Anteriormente, los chicos estudiaban desde su casa a la espera de que inicie el ciclo escolar en su nuevo pa\u00eds de residencia.<\/p>\n\n\n\n<h2 class=\"wp-block-heading\">Cu\u00e1nto cuesta el colegio de los hijos de Wanda Nara y Mauro Icardi<\/h2>\n\n\n\n<p>Una de las primeras decisiones que tom\u00f3 Wanda Nara despu\u00e9s de confirmar su mudanza a Turqu\u00eda fue&nbsp;<strong>la elecci\u00f3n del colegio al que ir\u00edan sus hijos en ese pa\u00eds<\/strong>. Luego de ver las ofertas, termin\u00f3 optando por el<strong>&nbsp;British International School<\/strong>, una instituci\u00f3n inglesa ubicada en Estambul.<\/p>\n\n\n\n<p>En las \u00faltimas horas, la empresaria comparti\u00f3 algunas de las publicaciones de sus hijas Isabella y Francesca disfrutando de la escuela de elite. Adem\u00e1s de una<strong>&nbsp;cuota anual de 40.050 d\u00f3lares<\/strong>, los estudiantes deben pagar, por \u00fanica vez,&nbsp;<strong>1150 d\u00f3lares para aplicar y 5350 d\u00f3lares para registrarse<\/strong>. En total, Wanda Nara y Mauro Icardi&nbsp;<strong>tuvieron que desembolsar 93.100 d\u00f3lares<\/strong>&nbsp;para que sus dos nenas pudieran ingresar en la instituci\u00f3n.<\/p>\n\n\n\n<figure class=\"wp-block-image\"><img decoding=\"async\" src=\"https:\/\/tn.com.ar\/resizer\/PwH6xDudbRGcn1RH_FPIgkKBcwQ=\/767x0\/smart\/filters:format(webp)\/cloudfront-us-east-1.images.arcpublishing.com\/artear\/WVHIGOWHZNECBHZSKIMWIML45I.jpg\" alt=\"Wanda Nara mostr\u00f3 c\u00f3mo fue el arranque de clases de sus hijos en un prestigioso colegio de Turqu\u00eda. (Foto: Instagram \/ wanda_nara)\"\/><figcaption>Wanda Nara mostr\u00f3 c\u00f3mo fue el arranque de clases de sus hijos en un prestigioso colegio de Turqu\u00eda. (Foto: Instagram \/ wanda_nara)<\/figcaption><\/figure>\n\n\n\n<p>Seg\u00fan el sitio oficial de la escuela,<strong>&nbsp;la jornada escolar secundaria consta de siete per\u00edodos de 45 minutos divididos por un descanso matutino y el almuerzo<\/strong>. \u201cLos alumnos tienen un tutor con el que pasan los primeros 10 minutos de cada d\u00eda. Tenemos un horario de clases repetitivo de dos semanas; los estudiantes se mueven de una habitaci\u00f3n a otra para recibir<strong>&nbsp;lecciones impartidas por profesores especialistas<\/strong>\u201d, detallan en la web.<\/p>\n\n\n\n<p>La escuela tambi\u00e9n<strong>&nbsp;ofrece actividades a la hora del almuerzo y despu\u00e9s de la escuela<\/strong>. Adem\u00e1s, cuenta con apoyo para los estudiantes que deban mejorar sus habilidades en el idioma ingl\u00e9s o que tengan necesidades de aprendizaje adicionales.&nbsp;<strong>Las clases tienen un m\u00e1ximo de 15 alumnos<\/strong>&nbsp;y cuentan con profesores bien calificados con experiencia ense\u00f1ando en distintos pa\u00edses.<\/p>\n","protected":false},"excerpt":{"rendered":"<p>Wanda Nara\u00a0disfruta de su nueva vida en Estambul. Luego de que\u00a0Mauro Icardirenovara su v\u00ednculo con el club Galatasaray, todo el clan se instal\u00f3 en Turqu\u00eda y ya empieza a acomodar&hellip; <\/p>\n","protected":false},"author":12,"featured_media":83727,"comment_status":"closed","ping_status":"open","sticky":false,"template":"","format":"standard","meta":{"footnotes":""},"categories":[19],"tags":[],"class_list":["post-83721","post","type-post","status-publish","format-standard","has-post-thumbnail","hentry","category-espectaculos"],"_links":{"self":[{"href":"https:\/\/corrientesdetarde.com\/index.php\/wp-json\/wp\/v2\/posts\/83721","targetHints":{"allow":["GET"]}}],"collection":[{"href":"https:\/\/corrientesdetarde.com\/index.php\/wp-json\/wp\/v2\/posts"}],"about":[{"href":"https:\/\/corrientesdetarde.com\/index.php\/wp-json\/wp\/v2\/types\/post"}],"author":[{"embeddable":true,"href":"https:\/\/corrientesdetarde.com\/index.php\/wp-json\/wp\/v2\/users\/12"}],"replies":[{"embeddable":true,"href":"https:\/\/corrientesdetarde.com\/index.php\/wp-json\/wp\/v2\/comments?post=83721"}],"version-history":[{"count":1,"href":"https:\/\/corrientesdetarde.com\/index.php\/wp-json\/wp\/v2\/posts\/83721\/revisions"}],"predecessor-version":[{"id":83728,"href":"https:\/\/corrientesdetarde.com\/index.php\/wp-json\/wp\/v2\/posts\/83721\/revisions\/83728"}],"wp:featuredmedia":[{"embeddable":true,"href":"https:\/\/corrientesdetarde.com\/index.php\/wp-json\/wp\/v2\/media\/83727"}],"wp:attachment":[{"href":"https:\/\/corrientesdetarde.com\/index.php\/wp-json\/wp\/v2\/media?parent=83721"}],"wp:term":[{"taxonomy":"category","embeddable":true,"href":"https:\/\/corrientesdetarde.com\/index.php\/wp-json\/wp\/v2\/categories?post=83721"},{"taxonomy":"post_tag","embeddable":true,"href":"https:\/\/corrientesdetarde.com\/index.php\/wp-json\/wp\/v2\/tags?post=83721"}],"curies":[{"name":"wp","href":"https:\/\/api.w.org\/{rel}","templated":true}]}}