{"id":83723,"date":"2023-08-28T21:34:30","date_gmt":"2023-08-29T00:34:30","guid":{"rendered":"https:\/\/corrientesdetarde.com\/?p=83723"},"modified":"2023-08-28T21:34:43","modified_gmt":"2023-08-29T00:34:43","slug":"ilay-ventura-la-tiktoker-que-canalizo-sus-traumas-a-traves-del-humor-me-di-el-lujo-de-sanar-asi","status":"publish","type":"post","link":"https:\/\/corrientesdetarde.com\/index.php\/espectaculos\/ilay-ventura-la-tiktoker-que-canalizo-sus-traumas-a-traves-del-humor-me-di-el-lujo-de-sanar-asi\/","title":{"rendered":"Ilay Ventura, la tiktoker que canaliz\u00f3 sus traumas a trav\u00e9s del humor: \u201cMe di el lujo de sanar as\u00ed\u201d"},"content":{"rendered":"\n<p>Con 25 a\u00f1os,<strong>\u00a0Ilay Ventura vivi\u00f3 de todo<\/strong>. Lejos de dejar que las distintas situaciones de abuso que sufri\u00f3 durante su vida la definieran, ella las canaliz\u00f3 a trav\u00e9s del humor. El resultado queda a la vista en sus redes sociales, en donde no solo acumula casi un mill\u00f3n de seguidores, sino que ayuda a personas que atravesaron cuestiones similares.<br>En los videos que comparte en Instagram y TikTok, Ilay toma temas tab\u00fa y los vuelve algo \u00fanico: desde \u201cTips para saber si tu hijo est\u00e1 sufriendo bullying en el colegio\u201d hasta \u201cCosas que no deb\u00e9s hacer si ten\u00e9s un padre aband\u00f3nico\u201d y\u00a0<strong>\u201cRazones para no dejar tu carrera\u201d<\/strong>. Aunque es egresada de la Tecnicatura en producci\u00f3n digital de la Universidad Nacional de Quilmes,<strong>\u00a0Ilay lleg\u00f3 a las redes casi por casualidad<\/strong>.<br><\/p>\n\n\n\n<p>\u201cYo ven\u00eda en una situaci\u00f3n mental bastante negativa, con cambios muy dr\u00e1sticos en mi vida. Un d\u00eda estaba en la oficina con mi socio charlando sobre este tema y tir\u00e9 el chiste<strong>&nbsp;\u2018El outfit de hoy es la depresi\u00f3n y el poco amor por uno mismo\u2019<\/strong>. \u00c9l se rio y me dijo \u2018Ahora dec\u00ed lo mismo, pero grabalo\u201d, record\u00f3 la tiktoker en di\u00e1logo con&nbsp;<strong>TN Show<\/strong>.<\/p>\n\n\n\n<p>Para ella, el humor&nbsp;<strong>se volvi\u00f3 una forma de lidiar con sus traumas y las situaciones que la molestaban, adem\u00e1s de una manera de hablar sobre la salud mental<\/strong>. Aunque era su deseo volverse conocida, nunca pens\u00f3 que sus videos explotar\u00edan as\u00ed: \u201cAl trabajar en Marketing digital sab\u00edamos que eso pod\u00eda funcionar y lo grabamos. Empez\u00f3 como un chiste y de pronto se hizo viral. Ah\u00ed descubrimos el patr\u00f3n que le gustaba a la gente\u201d.<\/p>\n\n\n\n<p>El reconocimiento en las redes le permiti\u00f3 ponerse en contacto con miles de personas que, como ella, hab\u00eda sufrido alg\u00fan tipo de abuso, seguidores que se identificaban con los temas que tocaba. \u201cCuando empezaron a explotar mis redes me di cuenta que hablar de salud mental a trav\u00e9s de la comedia no solamente me ayudaba a m\u00ed a canalizar lo que me pasaba, sino que<strong>&nbsp;tambi\u00e9n ayudaba a otras personas<\/strong>\u201d.<\/p>\n\n\n\n<figure class=\"wp-block-image\"><img decoding=\"async\" src=\"https:\/\/tn.com.ar\/resizer\/yYuuOlayaYec-56I8tpBMHmtXIs=\/767x0\/smart\/filters:format(webp)\/cloudfront-us-east-1.images.arcpublishing.com\/artear\/AWGCW34UDBHR5HVKAE5J75E6JU.JPG\" alt=\"Ilay Ventura crea contenido desde los 15 a\u00f1os (Foto: Instagram \/ ilayventura)\"\/><figcaption>Ilay Ventura crea contenido desde los 15 a\u00f1os (Foto: Instagram \/ ilayventura)<\/figcaption><\/figure>\n\n\n\n<p>Con una audiencia compuesta en su mayor\u00eda por j\u00f3venes,&nbsp;<strong>Ilay recibe diariamente cientos de mensajes<\/strong>: \u201cTrato de contestar absolutamente todos, me dedico m\u00ednimo dos horas al d\u00eda a eso. Obviamente como yo no soy profesional de la salud mental siempre trato de brindar el contacto de colegas psic\u00f3logos. Aunque no soy especialista, visibilizo estos temas y&nbsp;<strong>me considero una activista de la salud mental<\/strong>\u201d.<\/p>\n\n\n\n<h2 class=\"wp-block-heading\">Ilay Ventura y el talento para hacer comedia con la tragedia<\/h2>\n\n\n\n<p>\u201cA los 6 a\u00f1os<strong>&nbsp;sufr\u00ed una violaci\u00f3n con acceso carnal por parte de mi padre biol\u00f3gico<\/strong>&nbsp;y despu\u00e9s sufr\u00ed los efectos de lo que se llama&nbsp;<strong>trastorno de estr\u00e9s postraum\u00e1tico<\/strong>. A medida que fui creciendo sent\u00eda las respuestas f\u00edsicas de un trauma que est\u00e1 escondido en el inconsciente\u201d, cont\u00f3 Ilay sobre el hecho que la marc\u00f3 para siempre.<\/p>\n\n\n\n<p>Durante los a\u00f1os siguientes, Ilay volvi\u00f3 a tener relaciones abusivas en otros \u00e1mbitos de su vida. A medida que iba creciendo segu\u00eda intentando descifrar qu\u00e9 era lo que le pasaba y por qu\u00e9 tomaba las decisiones que tomaba. As\u00ed lleg\u00f3 a la terapia y, m\u00e1s all\u00e1 de las malas experiencias con profesionales que la diagnosticaron mal,&nbsp;<strong>pudo empezar a comprender mejor qui\u00e9n era<\/strong>.<\/p>\n\n\n\n<figure class=\"wp-block-image\"><img decoding=\"async\" src=\"https:\/\/tn.com.ar\/resizer\/kJyKg_5gFyFQti56l7_VVJWo5fU=\/767x0\/smart\/filters:format(webp)\/cloudfront-us-east-1.images.arcpublishing.com\/artear\/7DTEY3AYTBAPZLACS2PVCFXDLQ.JPG\" alt=\"Ilay Ventura crea contenido desde los 15 a\u00f1os (Foto: Instagram \/ ilayventura)\"\/><figcaption>Ilay Ventura crea contenido desde los 15 a\u00f1os (Foto: Instagram \/ ilayventura)<\/figcaption><\/figure>\n\n\n\n<p>\u201cCuando uno sufre ese tipo de trauma desarrolla ansiedades, depresi\u00f3n, brotes psic\u00f3ticos, te autoflagel\u00e1s&#8230; Yo pas\u00e9 por todas las situaciones que pudo haber pasado un adolescente en una situaci\u00f3n de salud mental muy decadente. Hoy, a mis 25 a\u00f1os, puedo ver esta situaci\u00f3n y puedo transformarla,&nbsp;<strong>canalizarla con el humor, que es un m\u00e9todo de defensa psicol\u00f3gico ante los traumas<\/strong>\u201d, explic\u00f3 sobre su modo de enfrentarse a su lado m\u00e1s oscuro.<\/p>\n\n\n\n<p>El paso del tiempo le permiti\u00f3 ver que el dolor que sent\u00eda la llevaba a descreer que existiera un futuro, todo era negro: \u201cEsa misma oscuridad que yo viv\u00ed no se la deseo a nadie. Por eso creo que hacer contenido es bueno. Hay alguien del otro lado, alguna chiquita o chiquito que est\u00e1 pasando lo que pas\u00e9 yo. Le hablo a ellos para que sepan que es un momento,&nbsp;<strong>que aunque parezca el fin del mundo va a pasar<\/strong>\u201d.<\/p>\n\n\n\n<figure class=\"wp-block-image\"><img decoding=\"async\" src=\"https:\/\/tn.com.ar\/resizer\/36mkEsbOSuMZwtPHiaOEqeJ8Y34=\/767x0\/smart\/filters:format(webp)\/cloudfront-us-east-1.images.arcpublishing.com\/artear\/VJXWOSNR55FBPFJQZPH5CF4TBY.JPG\" alt=\"Ilay Ventura crea contenido desde los 15 a\u00f1os (Foto: Instagram \/ ilayventura)\"\/><figcaption>Ilay Ventura crea contenido desde los 15 a\u00f1os (Foto: Instagram \/ ilayventura)<\/figcaption><\/figure>\n\n\n\n<p>En cuanto al trabajo de algunos colegas, la entrevistada coment\u00f3 que ella no cre\u00f3 un personaje en sus redes: \u201cEs raro que un influencer no te muestre una vida perfecta. Yo tengo las paredes llenas de humedad, hago videos con el pijama roto y toda despeinada. Esa es mi realidad. Soy as\u00ed. Crec\u00ed en una familia con ingresos bajos y hago un gran esfuerzo para&nbsp;<strong>mantenerme econ\u00f3micamente y creo contenido con eso<\/strong>\u201d.<\/p>\n\n\n\n<p>Sobre los haters, que tambi\u00e9n son parte del d\u00eda a d\u00eda de cualquier creador de contenido, Ilay decidi\u00f3 dejarlos afuera. \u201cYo tengo seteada la cabeza para&nbsp;<strong>elegir lo que permito entrar en mi vida<\/strong>. No leo los comentarios negativos. Yo subo un video y s\u00e9 muy bien que si se vuelve viral va a haber una gran cantidad de mensajes negativos\u201d, detall\u00f3.<\/p>\n\n\n\n<p>Para ella, la atenci\u00f3n tiene que estar puesta en otro lado: \u201cSi yo me quedo leyendo lo que una persona que no me conoce y que usa su anonimato para hacerme da\u00f1o comenta, \u00bfd\u00f3nde estoy poniendo mi atenci\u00f3n? \u00bfEstoy poniendo mi atenci\u00f3n en la gente que disfruta el contenido o en la que me dice \u2018gorda de mierda\u2019?&nbsp;<strong>Mi elecci\u00f3n es enfocarme en lo que dejo entrar<\/strong>\u201d.<\/p>\n\n\n\n<h2 class=\"wp-block-heading\">De sufrir agorafobia que la gente te reconozca en la calle<\/h2>\n\n\n\n<p>Tras la llegada del \u00e9xito en las redes sociales, Ilay le pidi\u00f3 al Universo que le diera una se\u00f1al para detectar si era verdad todo lo bueno que le estaba pasando. La se\u00f1al lleg\u00f3 cuando una persona la salud\u00f3 por la calle. Aunque a veces los encuentros y las miradas se tornan inc\u00f3modos, la entrevistada asegura que<strong>&nbsp;le encanta la visibilidad que tiene ahora<\/strong>.<\/p>\n\n\n\n<p>\u201cDefinitivamente yo manifest\u00e9 esto, lo dese\u00e9 en mi vida. Capaz suena muy narcisista, pero me voy a dar el lujo de sanar as\u00ed. Yo desde chica subo contenido, desde que tengo 15 a\u00f1os. Yo quer\u00eda ser conocida, que la gente me escuche y poder ayudarlos. No quer\u00eda ser una influencer que baila o usa maquillaje. Amo ese contenido, pero yo no serv\u00eda para eso. Cuando empec\u00e9 en YouTube dije&nbsp;<strong>\u2018en alg\u00fan momento la voy a pegar\u2019<\/strong>\u201d, cont\u00f3 sobre sus inicios en las plataformas sociales.<\/p>\n\n\n\n<figure class=\"wp-block-image\"><img decoding=\"async\" src=\"https:\/\/tn.com.ar\/resizer\/zehNWQmOZU88i43VTa6LYxuMDVE=\/767x0\/smart\/filters:format(webp)\/cloudfront-us-east-1.images.arcpublishing.com\/artear\/R7UAK5VPM5FG5DCB5UWSQ7UC7E.JPG\" alt=\"Ilay Ventura crea contenido desde los 15 a\u00f1os (Foto: Instagram \/ ilayventura)\"\/><figcaption>Ilay Ventura crea contenido desde los 15 a\u00f1os (Foto: Instagram \/ ilayventura)<\/figcaption><\/figure>\n\n\n\n<p>Con los a\u00f1os, su contenido le permiti\u00f3 sanar una parte de su pasado: \u201cEs necesario quitarse esta idea de lo que es realmente sanar, de lo que significa perdonar, de que tenemos derecho a perdonar y a no hacerlo.<strong>&nbsp;Y que si no perdonamos no tenemos por qu\u00e9 sentir culpa<\/strong>\u201d. Ahora, uno de sus pr\u00f3ximos objetivos ser\u00e1 lanzar una gu\u00eda pr\u00e1ctica para ayudar a personas que tengan problemas de salud mental. En el futuro, le gustar\u00eda crear una fundaci\u00f3n donde se pueda acceder a ayuda psicol\u00f3gica de manera gratuita.<\/p>\n\n\n\n<p>Cuando le preguntamos a Ilay qu\u00e9 le dir\u00eda a la adolescente que fue se toma unos minutos para responder: \u201cQue respire, que se quede tranquila. Aunque parece que el mundo se est\u00e1 terminando, no es as\u00ed. Esa fortaleza que ella tiene adentro suyo la va a llevar muy lejos. Que simplemente no se tomen las pastillas, que no se corte y que no intente irse porque&nbsp;<strong>todav\u00eda tiene mucho que hacer ac\u00e1<\/strong>\u201d.<\/p>\n","protected":false},"excerpt":{"rendered":"<p>Con 25 a\u00f1os,\u00a0Ilay Ventura vivi\u00f3 de todo. Lejos de dejar que las distintas situaciones de abuso que sufri\u00f3 durante su vida la definieran, ella las canaliz\u00f3 a trav\u00e9s del humor.&hellip; <\/p>\n","protected":false},"author":12,"featured_media":83731,"comment_status":"closed","ping_status":"open","sticky":false,"template":"","format":"standard","meta":{"footnotes":""},"categories":[19],"tags":[],"class_list":["post-83723","post","type-post","status-publish","format-standard","has-post-thumbnail","hentry","category-espectaculos"],"_links":{"self":[{"href":"https:\/\/corrientesdetarde.com\/index.php\/wp-json\/wp\/v2\/posts\/83723","targetHints":{"allow":["GET"]}}],"collection":[{"href":"https:\/\/corrientesdetarde.com\/index.php\/wp-json\/wp\/v2\/posts"}],"about":[{"href":"https:\/\/corrientesdetarde.com\/index.php\/wp-json\/wp\/v2\/types\/post"}],"author":[{"embeddable":true,"href":"https:\/\/corrientesdetarde.com\/index.php\/wp-json\/wp\/v2\/users\/12"}],"replies":[{"embeddable":true,"href":"https:\/\/corrientesdetarde.com\/index.php\/wp-json\/wp\/v2\/comments?post=83723"}],"version-history":[{"count":1,"href":"https:\/\/corrientesdetarde.com\/index.php\/wp-json\/wp\/v2\/posts\/83723\/revisions"}],"predecessor-version":[{"id":83732,"href":"https:\/\/corrientesdetarde.com\/index.php\/wp-json\/wp\/v2\/posts\/83723\/revisions\/83732"}],"wp:featuredmedia":[{"embeddable":true,"href":"https:\/\/corrientesdetarde.com\/index.php\/wp-json\/wp\/v2\/media\/83731"}],"wp:attachment":[{"href":"https:\/\/corrientesdetarde.com\/index.php\/wp-json\/wp\/v2\/media?parent=83723"}],"wp:term":[{"taxonomy":"category","embeddable":true,"href":"https:\/\/corrientesdetarde.com\/index.php\/wp-json\/wp\/v2\/categories?post=83723"},{"taxonomy":"post_tag","embeddable":true,"href":"https:\/\/corrientesdetarde.com\/index.php\/wp-json\/wp\/v2\/tags?post=83723"}],"curies":[{"name":"wp","href":"https:\/\/api.w.org\/{rel}","templated":true}]}}