{"id":83799,"date":"2023-08-29T08:54:38","date_gmt":"2023-08-29T11:54:38","guid":{"rendered":"https:\/\/corrientesdetarde.com\/?p=83799"},"modified":"2023-08-29T08:54:50","modified_gmt":"2023-08-29T11:54:50","slug":"una-misa-de-desagravio-al-papa-francisco-ante-los-ataques-de-javier-milei","status":"publish","type":"post","link":"https:\/\/corrientesdetarde.com\/index.php\/informacion-general\/una-misa-de-desagravio-al-papa-francisco-ante-los-ataques-de-javier-milei\/","title":{"rendered":"Una misa de desagravio al Papa Francisco ante los ataques de Javier Milei"},"content":{"rendered":"\n<p>El sacerdote Jos\u00e9 Mar\u00eda &#8220;Pepe&#8221; Di Paola, coordinador de Los Hogares de Cristo e integrante del Equipo de Curas de villas y barrios populares porte\u00f1os y bonaerenses, critic\u00f3 al candidato presidencial de La Libertad Avanza, Javier Milei, por los &#8220;insultos indignos&#8221; expresados en varias ocasiones en contra del Papa Francisco. En ese marco, anunci\u00f3 una misa &#8220;en desagravio por los ultrajes&#8221; a la figura del pont\u00edfice.<\/p>\n\n\n\n<p>&#8220;Un pol\u00edtico puede decir, con todo respeto, &#8220;no coincido con esto que dice el Papa&#8221;, pero insultos de los m\u00e1s graves, indignos de quien se postula para un lugar importante&#8230; Salvo que pensemos que la sociedad tiene que estar basada en los insultos&#8221;, expres\u00f3 Di Paola.<\/p>\n\n\n\n<p>&nbsp;Seg\u00fan el sacerdote, &#8220;los insultos&#8221; de Milei al Papa tambi\u00e9n &#8220;afectan a la sensibilidad de la grey cat\u00f3lica&#8221;. Por ese motivo, el Equipo de Curas de villas y barrios populares de Buenos Aires y Gran Buenos Aires convoc\u00f3 para el pr\u00f3ximo martes 5 de septiembre a una misa &#8220;en desagravio por los ultrajes&#8221; a la figura del pont\u00edfice. La celebraci\u00f3n religiosa se llevar\u00e1 a cabo en la parroquia Virgen de Caacup\u00e9, en la villa 21-24 del barrio porte\u00f1o de Barracas.<\/p>\n\n\n\n<p>La misa tiene como objetivo &#8220;reivindicar al Papa Francisco y rechazar todo tipo de injurias, mentiras e insultos que se est\u00e1n manifestando en esta campa\u00f1a electoral&#8221;, afirmaron los sacerdotes en un comunicado.&nbsp;<\/p>\n\n\n\n<p>&#8220;La misa la vamos a celebrar todos los curas de villas de Capital y el Conurbano, acompa\u00f1ados de representantes de nuestra comunidad, en un sitio que para nosotros es hist\u00f3rico porque es un lugar donde el obispo Jorge Bergoglio, hoy Papa Francisco, acompa\u00f1\u00f3 a la Virgen de Caacup\u00e9 hace 26 a\u00f1os&#8221;, cont\u00f3 el padre Pepe.<\/p>\n\n\n\n<p>El 5 de septiembre &#8220;es el d\u00eda de Santa Teresa de Calcuta&#8221; y fue elegido porque &#8220;nos parece que es una figura clave en lo que significa el amor al pr\u00f3jimo&#8221;, describi\u00f3 Di Paola.&nbsp;<\/p>\n\n\n\n<p>&#8220;Desde hace mucho tiempo el candidato Milei&#8221; puso en el eje de sus cr\u00edticas al sumo pont\u00edfice, apunt\u00f3 el sacerdote. &#8220;Uno revisa los tuits de este hombre y est\u00e1 agrediendo&#8221;, consign\u00f3. En varias ocasiones, Milei llam\u00f3 a Francisco &#8220;jesuita que promueve el comunismo&#8221;, &#8220;personaje impresentable y nefasto&#8221; o &#8220;representante del maligno en la Tierra&#8221;.<\/p>\n\n\n\n<p>Di Paola tambi\u00e9n critic\u00f3 al candidato presidencial de LLA por sus posturas contraria a la intervenci\u00f3n del Estado con pol\u00edticas que favorecen a los sectores sociales m\u00e1s desprotegidos del pa\u00eds. &#8220;Nosotros, que estamos en una villa, vivimos en un barrio popular, sabemos qu\u00e9 importante es cuando el Estado est\u00e1 presente en un centro de salud, en una escuela, en el asfalto que no se ten\u00eda, en el agua que no se ten\u00eda. Nos damos cuenta de que esos progresos realmente est\u00e1n sirviendo much\u00edsimo para que la gente pueda vivir un poco mejor&#8221;, asever\u00f3.<\/p>\n\n\n\n<p>Di Paola sostuvo que pese a la &#8220;bronca&#8221; que la sociedad pueda tener frente a la situaci\u00f3n econ\u00f3mica y social del pa\u00eds, &#8220;hay que un poco en aquellas cosas que tenemos de la Argentina, que son fruto de a\u00f1os y a\u00f1os&#8221;.<\/p>\n","protected":false},"excerpt":{"rendered":"<p>El sacerdote Jos\u00e9 Mar\u00eda &#8220;Pepe&#8221; Di Paola, coordinador de Los Hogares de Cristo e integrante del Equipo de Curas de villas y barrios populares porte\u00f1os y bonaerenses, critic\u00f3 al candidato&hellip; <\/p>\n","protected":false},"author":1,"featured_media":83800,"comment_status":"closed","ping_status":"open","sticky":false,"template":"","format":"standard","meta":{"footnotes":""},"categories":[1],"tags":[],"class_list":["post-83799","post","type-post","status-publish","format-standard","has-post-thumbnail","hentry","category-informacion-general"],"_links":{"self":[{"href":"https:\/\/corrientesdetarde.com\/index.php\/wp-json\/wp\/v2\/posts\/83799","targetHints":{"allow":["GET"]}}],"collection":[{"href":"https:\/\/corrientesdetarde.com\/index.php\/wp-json\/wp\/v2\/posts"}],"about":[{"href":"https:\/\/corrientesdetarde.com\/index.php\/wp-json\/wp\/v2\/types\/post"}],"author":[{"embeddable":true,"href":"https:\/\/corrientesdetarde.com\/index.php\/wp-json\/wp\/v2\/users\/1"}],"replies":[{"embeddable":true,"href":"https:\/\/corrientesdetarde.com\/index.php\/wp-json\/wp\/v2\/comments?post=83799"}],"version-history":[{"count":1,"href":"https:\/\/corrientesdetarde.com\/index.php\/wp-json\/wp\/v2\/posts\/83799\/revisions"}],"predecessor-version":[{"id":83801,"href":"https:\/\/corrientesdetarde.com\/index.php\/wp-json\/wp\/v2\/posts\/83799\/revisions\/83801"}],"wp:featuredmedia":[{"embeddable":true,"href":"https:\/\/corrientesdetarde.com\/index.php\/wp-json\/wp\/v2\/media\/83800"}],"wp:attachment":[{"href":"https:\/\/corrientesdetarde.com\/index.php\/wp-json\/wp\/v2\/media?parent=83799"}],"wp:term":[{"taxonomy":"category","embeddable":true,"href":"https:\/\/corrientesdetarde.com\/index.php\/wp-json\/wp\/v2\/categories?post=83799"},{"taxonomy":"post_tag","embeddable":true,"href":"https:\/\/corrientesdetarde.com\/index.php\/wp-json\/wp\/v2\/tags?post=83799"}],"curies":[{"name":"wp","href":"https:\/\/api.w.org\/{rel}","templated":true}]}}