{"id":83916,"date":"2023-08-29T15:29:49","date_gmt":"2023-08-29T18:29:49","guid":{"rendered":"https:\/\/corrientesdetarde.com\/?p=83916"},"modified":"2023-08-29T15:29:55","modified_gmt":"2023-08-29T18:29:55","slug":"suma-fija-para-trabajadores-una-por-una-que-hara-cada-provincia-con-el-pago-del-bono","status":"publish","type":"post","link":"https:\/\/corrientesdetarde.com\/index.php\/economia\/suma-fija-para-trabajadores-una-por-una-que-hara-cada-provincia-con-el-pago-del-bono\/","title":{"rendered":"Suma Fija para trabajadores: una por una, qu\u00e9 har\u00e1 cada provincia con el pago del bono"},"content":{"rendered":"\n<p>Apenas tres provincias confirmaron que pagar\u00e1n el bono, mientras que m\u00e1s de una decena ya anticiparon que no tienen fondos para pagarlo. Otras cuatro provincias todav\u00eda no informaron qu\u00e9 decisi\u00f3n tomar\u00e1n.<\/p>\n\n\n\n<p>Tras el anuncio de la suma fija de $60.000\u00a0para\u00a0<strong>trabajadores del sector p\u00fablico y privado,<\/strong>\u00a0las provincias comenzaron a definir si se plegar\u00e1n a la medida establecida por el Gobierno Nacional.<\/p>\n\n\n\n<p>Apenas tres provincias confirmaron que pagar\u00e1n el bono, mientras que<strong>\u00a0m\u00e1s de una decena ya anticiparon que no tienen fondos para pagarlo.\u00a0<\/strong>Otras cuatro provincias todav\u00eda no informaron qu\u00e9 decisi\u00f3n tomar\u00e1n. El uno por uno.<\/p>\n\n\n\n<h2 class=\"wp-block-heading\">Ciudad de Buenos Aires<\/h2>\n\n\n\n<p>Fuentes del gobierno porte\u00f1o confirmaron<strong>\u00a0<\/strong>que<strong>\u00a0no est\u00e1 en evaluaci\u00f3n la aplicaci\u00f3n del bono<\/strong>\u00a0anunciado por\u00a0Sergio Massa.\u00a0\u201cLa mesa paritaria est\u00e1 abierta mes a mes y de esa manera empardamos a la inflaci\u00f3n\u201d, explicaron.<\/p>\n\n\n\n<h2 class=\"wp-block-heading\">Buenos Aires<\/h2>\n\n\n\n<p>El gobernador bonaerense,\u00a0<strong>Axel Kicillof<\/strong>, analiza distintas alternativas para acoplarse a la suma fija de $60.000 anunciada por Sergio Massa. Desde el gobierno provincial aseguraron<strong>\u00a0<\/strong>que<strong>\u00a0los salarios est\u00e1n por encima de la inflaci\u00f3n y que en septiembre est\u00e1 previsto un aumento del 15%<\/strong>.<\/p>\n\n\n\n<p>Kicillof analiza alternativas para ampliar espectro de empleados estatales que se vean beneficiados por la medida, debido a que el tope de $400.000 excluye a trabajadores del Poder Judicial, entre otras categor\u00edas medias y superiores de la administraci\u00f3n p\u00fablica bonaerense. La decisi\u00f3n ser\u00eda anunciada en los pr\u00f3ximos d\u00edas.<\/p>\n\n\n\n<h2 class=\"wp-block-heading\">C\u00f3rdoba<\/h2>\n\n\n\n<p>Medios locales se\u00f1alaron que el Gobierno&nbsp;<strong>no pagar\u00eda la suma fija de $60.000&nbsp;<\/strong>que anunci\u00f3 el Gobierno debido a que tuvo negociaciones paritarias con la mayor\u00eda de gremios, salvo con la Uni\u00f3n de Educadores de la Provincia de C\u00f3rdoba (UEPC).<\/p>\n\n\n\n<h2 class=\"wp-block-heading\">Santa Fe<\/h2>\n\n\n\n<p>El gobierno de Santa Fe confirm\u00f3 a trav\u00e9s de su ministro de Trabajo,<strong>&nbsp;Juan Pusineri<\/strong>, que<strong>&nbsp;no va a pagar el bono de $60.000.&nbsp;<\/strong>El argumento que plantean es que con el aumento paritario de agosto ya est\u00e1 atendida la situaci\u00f3n salarial de los trabajadores estatales.<\/p>\n\n\n\n<p>\u201cTrabajo y Econom\u00eda invitan a provinciales y municipios a sumarse. Nosotros con el aumento paritario de agosto&nbsp;<strong>estamos atendiendo la situaci\u00f3n salarial<\/strong>\u201d, se\u00f1al\u00f3 Pusineri en di\u00e1logo con Cadena 3.<\/p>\n\n\n\n<h2 class=\"wp-block-heading\">Mendoza<\/h2>\n\n\n\n<p>El gobernador de Mendoza,&nbsp;<strong>Rodolfo Su\u00e1rez<\/strong>, fue uno de los primeros jefes provinciales en plegarse a la medida anunciada por Sergio Massa y esta semana publicar\u00e1 el decreto en el que se establece el pago de la suma fija.Tanto el Poder Judicial como el Legislativo adherir\u00e1n a la medida.<\/p>\n\n\n\n<p>La diferencia con el anuncio de Naci\u00f3n es que en\u00a0<strong>Mendoza los $60.000 se pagar\u00e1n en una cuota no remunerativa, no bonificable y por \u00fanica vez.<\/strong>\u00a0Se pagar\u00e1 el jueves 14 de septiembre, a diez d\u00edas de las elecciones provinciales.<\/p>\n\n\n\n<h2 class=\"wp-block-heading\">R\u00edo Negro<\/h2>\n\n\n\n<p>El Gobierno de R\u00edo Negro no confirm\u00f3 si pagar\u00e1 la suma fija,\u00a0pero s\u00ed adelant\u00f3 que\u00a0<strong>no se abonar\u00e1 en el mes de agosto.<\/strong>\u00a0Tambi\u00e9n adelant\u00f3 que la medida ser\u00e1 conversada en las negociaciones paritarias con los gremios.<\/p>\n\n\n\n<p>\u201cLas liquidaciones de agosto ya est\u00e1n cerradas<strong>.<\/strong>&nbsp;La Provincia todav\u00eda no tuvo ning\u00fan impacto en sus ingresos por la devaluaci\u00f3n.&nbsp;<strong>Por ahora, no hay decisi\u00f3n con las sumas fijas y se evaluar\u00e1n en las pr\u00f3ximas paritarias,<\/strong>&nbsp;igualmente los gremios no vienen aceptando ese mecanismo, pero se discutir\u00e1 con ellos en paritarias\u201d, explic\u00f3 el ministro de Econom\u00eda, Luis Vaisberg, en di\u00e1logo con Diario de R\u00edo Negro.<\/p>\n\n\n\n<p>Previo al anuncio de Massa, el gobierno rionegrino ya hab\u00eda aceptado reunirse con los gremios estatales frente al reclamo por el incremento de los precios tras la devaluaci\u00f3n del peso.&nbsp;<strong>La reuni\u00f3n con los gremios y las organizaciones sindicales ser\u00e1 este martes por la tarde.<\/strong><\/p>\n\n\n\n<h2 class=\"wp-block-heading\">La Rioja<\/h2>\n\n\n\n<p>El gobernador de La Rioja,&nbsp;<strong>Ricardo Quintela,&nbsp;<\/strong>anunci\u00f3 este lunes la entrega d<strong>e una suma fija de $55.0000 y un incremento del 5%<\/strong>&nbsp;en el sueldo b\u00e1sico para los trabajadores p\u00fablicos de esa provincia.<\/p>\n\n\n\n<p>El aumento no incluye a funcionarios de rangos superiores, secretarios, ministros, los cinco miembros del Tribunal de Cuentas y jueces del Tribunal Superior, ni a diputados, ni intendentes.<\/p>\n\n\n\n<p>Quintela explic\u00f3 que el incremento para&nbsp;<strong>los empleados vinculados es de $40.000<\/strong>&nbsp;y que \u201calcanza a contratados, becados, beneficiarios de tutor\u00edas y otros programas del Gobierno Provincial y municipal\u201d. La medida tambi\u00e9n alcanza a los retirados de las Fuerzas de Seguridad.<\/p>\n\n\n\n<h2 class=\"wp-block-heading\">Santiago del Estero<\/h2>\n\n\n\n<p>El gobernador de Santiago del Estero,<strong>&nbsp;Gerardo Zamora,&nbsp;<\/strong>anunci\u00f3<strong>&nbsp;una suma fija de $55.000 que se suma al bono de $400.000 a pagarse en cuatro cuota<\/strong>s que ya hab\u00eda sido anunciado previamente.<\/p>\n\n\n\n<p>Los&nbsp;<strong>agentes de la administraci\u00f3n p\u00fablica provincial y los docentes<\/strong>&nbsp;con hasta dos cargos recibir\u00e1n una recomposici\u00f3n salarial de emergencia no bonificable de $55.000 mensuales, que entrar\u00e1 en vigencia a partir del sueldo de septiembre. Para los contratos de locaci\u00f3n, se estableci\u00f3 u<strong>n monto fijo de $32.000, sin deducciones.<\/strong><\/p>\n\n\n\n<p>Mientras que el bono de $400.00 se pagar\u00e1 en cuatro cuotas de $100.000. Las fechas son las siguientes:<strong>\u00a07 de septiembre, 17 de octubre, 14 de noviembre y 7 de diciembre.<\/strong><\/p>\n\n\n\n<h2 class=\"wp-block-heading\">Formosa<\/h2>\n\n\n\n<p>El ministro de Econom\u00eda, Hacienda y Finanza de Formosa,&nbsp;<strong>Jorge Iba\u00f1ez,<\/strong>&nbsp;advirti\u00f3 que el gobernador Gildo Insfr\u00e1n&nbsp;<strong>definir\u00e1 en los pr\u00f3ximos d\u00edas<\/strong>&nbsp;si paga la suma fija de $60.000.<\/p>\n\n\n\n<p>\u201cAnalizar\u00e1 la recaudaci\u00f3n fiscal, c\u00f3mo estamos posicionados, para hacer lo que prometi\u00f3 hace algunos meses. Hasta el momento de la devaluaci\u00f3n<strong>&nbsp;le est\u00e1bamos ganando a la inflaci\u00f3n\u201d, se<\/strong>\u00f1al\u00f3 Iba\u00f1ez.<\/p>\n\n\n\n<h2 class=\"wp-block-heading\">Entre R\u00edos<\/h2>\n\n\n\n<p>El gobernador de Entre R\u00edos,&nbsp;<strong>Gustavo Bordet,<\/strong>&nbsp;destac\u00f3 las medidas anunciadas por Sergio Massa, pero aclar\u00f3 que&nbsp;<strong>los empleados p\u00fablicos provinciales no recibir\u00e1n la suma fija&nbsp;<\/strong>de $60.000.<\/p>\n\n\n\n<p>\u201cEn Entre R\u00edos tenemos nuestro propio sistema de paritarias.<strong>&nbsp;Hoy estamos con un 76% de aumento acumulado, con el 5% que acordamos este mes,&nbsp;<\/strong>y estamos un 15 o 16 puntos arriba de la inflaci\u00f3n. Igualmente, seguimos con paritarias abiertas y trabajando\u201d, se\u00f1al\u00f3<\/p>\n\n\n\n<h2 class=\"wp-block-heading\">Neuqu\u00e9n<\/h2>\n\n\n\n<p>El Gobernador de Neuqu\u00e9n,&nbsp;<strong>Omar Guti\u00e9rrez,<\/strong>&nbsp;confirm\u00f3 que&nbsp;<strong>no pagar\u00e1 el bono de $60.000<\/strong>&nbsp;y argument\u00f3 que la decisi\u00f3n se tom\u00f3 en base a que los trabajadores est\u00e1n bajo convenio colectivo, los salarios seactualizan de acuerdo a la inflaci\u00f3n y a la actualizaci\u00f3n elalivio sobre el Impuesto a las Ganancias, tanto para activos como jubilados.<\/p>\n\n\n\n<h2 class=\"wp-block-heading\">Salta<\/h2>\n\n\n\n<p>El ministro de Gobierno, Derechos Humanos y Trabajo de Salta,&nbsp;<strong>Ricardo Villada,<\/strong>&nbsp;explic\u00f3 que la provinci<strong>a no tiene los recursos necesarios para pagar la suma fija de $60.000<\/strong>, aunque dijo que podr\u00eda ser incorporada en futuras paritarias dentro de cada sindicato.<\/p>\n\n\n\n<p><strong>\u201cEstamos evaluando si optamos por una compensaci\u00f3n inflacionaria o si planteamos una remuneraci\u00f3n fija\u201d,<\/strong>&nbsp;detall\u00f3 Villada.<\/p>\n\n\n\n<h2 class=\"wp-block-heading\">Catamarca<\/h2>\n\n\n\n<p>El gobernador de Catamarca,<strong>\u00a0Ra\u00fal Jalil,<\/strong>\u00a0celebr\u00f3 la decisi\u00f3n de\u00a0Sergio Massa de anunciar una suma fija, pero\u00a0<strong>evit\u00f3 referirse a si la provicia le pagar\u00e1 a los empleados estatales.<\/strong><\/p>\n\n\n\n<p>\u201cEn Catamarca esto lo vamos a hacer a trav\u00e9s del di\u00e1logo.<strong>\u00a0Hemos citado a los gremios para la semana que viene\u00a0<\/strong>y adem\u00e1s tenemos que ver como termina el mes con la recaudaci\u00f3n. Pero nosotros ya venimos con un sueldo que es el mejor del norte argentino\u201d, dijo Jalil en di\u00e1logo con\u00a0<em>Radio Valle Viejo.<\/em><\/p>\n\n\n\n<h2 class=\"wp-block-heading\">San Luis<\/h2>\n\n\n\n<p>Hasta el momento el gobierno de San Luis&nbsp;<strong>no inform\u00f3 si pagar\u00e1 o no la suma fija a los empleados estatales<\/strong>. El pasado jueves 24 de agosto, el gobernador Alberto Rodriguez Sa\u00e1 hab\u00eda anunciado un aumento del 10% que acumula un 55% total desde marzo hasta septiembre.<\/p>\n\n\n\n<p>Desde la Universidad Nacional de San Luis (UNLS) le confirmaron a los trabajadores docentes y nodocentes que recibir\u00e1n el pago de los primeros $30.000 durante las pr\u00f3ximas semanas, pero&nbsp;<strong>no estar\u00e1 incluido en los salarios de agosto.<\/strong><\/p>\n\n\n\n<h2 class=\"wp-block-heading\">San Juan<\/h2>\n\n\n\n<p>El gobernador de San Juan,<strong>&nbsp;Sergio U\u00f1ac<\/strong>, dijo que los anuncios econ\u00f3micos de Sergio Massa \u201cson importantes\u201d, pero&nbsp;<strong>no se refiri\u00f3 a qu\u00e9 ocurrir\u00e1 con el pago de la suma fija a empleados estatales en la provincia.<\/strong><\/p>\n\n\n\n<p>El vicegobernador, Roberto Gattoni, aclar\u00f3 que la provincia<strong>&nbsp;acaba de otorgar un aumento salarial en agosto<\/strong>, cuando cerr\u00f3 paritarias con gremios estatales. \u201cConocemos los anuncios, pero acabamos de otorgar un aumento a los empleados p\u00fablicos y creo que<strong>&nbsp;hay que compatibilizarlo con los acuerdos paritarios.<\/strong>&nbsp;As\u00ed que habr\u00e1 que ver c\u00f3mo funciona lo del bono, porque nosotros en el mismo mes de agosto hemos dado aumentos paritarios en la provincia a los estatales\u201d, asegur\u00f3.<\/p>\n\n\n\n<h2 class=\"wp-block-heading\">Chubut<\/h2>\n\n\n\n<p>El Gobierno de Chubut todav\u00eda<strong>&nbsp;no defini\u00f3 si pagar\u00e1 la suma fija de $60.000.<\/strong>&nbsp;La Asociaci\u00f3n de Trabajadores de la Educaci\u00f3n de Chubut (ATECH) ya solicit\u00f3 una reuni\u00f3n con el ministerio de Educaci\u00f3n provincial para establecer c\u00f3mo ser\u00e1 la modalidad de pago.<\/p>\n\n\n\n<h2 class=\"wp-block-heading\">Misiones<\/h2>\n\n\n\n<p>El ministro de Hacienda de Misiones,&nbsp;<strong>Adolfo Safr\u00e1n<\/strong>, dijo que los empleados de administraci\u00f3n p\u00fablica mantendr\u00e1n los aumentos pactados en paritarias y&nbsp;<strong>no recibir\u00e1n el bono de $60.000.<\/strong><\/p>\n\n\n\n<p><strong>\u201cYa tenemos en Misiones aumentos pactados bimestrales.\u00a0<\/strong>Hace tres semanas fijamos aumentos para septiembre y seguimos discutiendo con el sector docente\u201d, explic\u00f3 Safr\u00e1n en di\u00e1logo con<em>\u00a0radio Rep\u00fablica.<\/em><\/p>\n\n\n\n<h2 class=\"wp-block-heading\">Jujuy<\/h2>\n\n\n\n<p>El Gobierno de Jujuy\u00a0<strong>descart\u00f3 que la provincia pague los $60.000 de suma fija para empleados estatales.<\/strong>\u00a0As\u00ed lo confirm\u00f3 el ministro de Hacienda de la provincia,<strong>\u00a0Carlos Sadir,<\/strong>\u00a0este martes.<\/p>\n\n\n\n<p>\u201c<strong>Lo descarto de plano porque no se puede hacer, salvo que el Gobierno Nacional nos envi\u00e9 los recursos<\/strong>. Si ellos anunciaron un bono, entonces que nos env\u00eden los recursos, porque nosotros no contamos con los recursos para hacer frente a ello\u201d, expres\u00f3 este martes ante la prensa el funcionario provincial.<\/p>\n\n\n\n<h2 class=\"wp-block-heading\">La Pampa<\/h2>\n\n\n\n<p>El gobernador de La Pampa,&nbsp;<strong>Sergio Ziliotto,<\/strong>&nbsp;confirm\u00f3 que<strong>&nbsp;no adherir\u00e1 al pago de la suma fija de $60.000.&nbsp;<\/strong>\u201cEl gobierno nacional sac\u00f3 esa medida para los empleados nacionales. Nosotros en La Pampa hace 4 a\u00f1os que garantizamos cl\u00e1usula gatillo por encima del nivel de la inflaci\u00f3n y hoy por hoy hay un esfuerzo mayor para los trabajadores que tienen cargas familiares\u201d, sostuvo.<\/p>\n\n\n\n<h2 class=\"wp-block-heading\">Chaco<\/h2>\n\n\n\n<p>El gobierno de Chaco hasta el momento no anunci\u00f3 si pagar\u00e1 la suma fija de $60.000. De acuerdo a lo que explicaron fuentes oficiales, la provincia ya hab\u00eda dispuesto medidas antes de que Massa anunci\u00f3 la bater\u00eda de medidas el pasado domingo.<\/p>\n\n\n\n<h2 class=\"wp-block-heading\">Corrientes<\/h2>\n\n\n\n<p>El gobierno de Corrientes hasta el momento no anunci\u00f3 si pagar\u00e1 la suma fija de $60.000.<\/p>\n\n\n\n<h2 class=\"wp-block-heading\">Santa Cruz<\/h2>\n\n\n\n<p>El gobierno de Santa Cruz hasta el momento no anunci\u00f3 si pagar\u00e1 la suma fija de $60.000.<\/p>\n\n\n\n<h2 class=\"wp-block-heading\">Tucum\u00e1n<\/h2>\n\n\n\n<p>El gobierno de Tucum\u00e1n hasta el momento no anunci\u00f3 si pagar\u00e1 la suma fija de $60.000.<\/p>\n\n\n\n<h2 class=\"wp-block-heading\">Tierra del Fuego<\/h2>\n\n\n\n<p>El gobierno de Tierra del Fuego hasta el momento no anunci\u00f3 si pagar\u00e1 la suma fija de $60.000.<\/p>\n","protected":false},"excerpt":{"rendered":"<p>Apenas tres provincias confirmaron que pagar\u00e1n el bono, mientras que m\u00e1s de una decena ya anticiparon que no tienen fondos para pagarlo. Otras cuatro provincias todav\u00eda no informaron qu\u00e9 decisi\u00f3n&hellip; <\/p>\n","protected":false},"author":8,"featured_media":83917,"comment_status":"closed","ping_status":"open","sticky":false,"template":"","format":"standard","meta":{"footnotes":""},"categories":[20],"tags":[],"class_list":["post-83916","post","type-post","status-publish","format-standard","has-post-thumbnail","hentry","category-economia"],"_links":{"self":[{"href":"https:\/\/corrientesdetarde.com\/index.php\/wp-json\/wp\/v2\/posts\/83916","targetHints":{"allow":["GET"]}}],"collection":[{"href":"https:\/\/corrientesdetarde.com\/index.php\/wp-json\/wp\/v2\/posts"}],"about":[{"href":"https:\/\/corrientesdetarde.com\/index.php\/wp-json\/wp\/v2\/types\/post"}],"author":[{"embeddable":true,"href":"https:\/\/corrientesdetarde.com\/index.php\/wp-json\/wp\/v2\/users\/8"}],"replies":[{"embeddable":true,"href":"https:\/\/corrientesdetarde.com\/index.php\/wp-json\/wp\/v2\/comments?post=83916"}],"version-history":[{"count":1,"href":"https:\/\/corrientesdetarde.com\/index.php\/wp-json\/wp\/v2\/posts\/83916\/revisions"}],"predecessor-version":[{"id":83918,"href":"https:\/\/corrientesdetarde.com\/index.php\/wp-json\/wp\/v2\/posts\/83916\/revisions\/83918"}],"wp:featuredmedia":[{"embeddable":true,"href":"https:\/\/corrientesdetarde.com\/index.php\/wp-json\/wp\/v2\/media\/83917"}],"wp:attachment":[{"href":"https:\/\/corrientesdetarde.com\/index.php\/wp-json\/wp\/v2\/media?parent=83916"}],"wp:term":[{"taxonomy":"category","embeddable":true,"href":"https:\/\/corrientesdetarde.com\/index.php\/wp-json\/wp\/v2\/categories?post=83916"},{"taxonomy":"post_tag","embeddable":true,"href":"https:\/\/corrientesdetarde.com\/index.php\/wp-json\/wp\/v2\/tags?post=83916"}],"curies":[{"name":"wp","href":"https:\/\/api.w.org\/{rel}","templated":true}]}}