{"id":83926,"date":"2023-08-29T15:44:59","date_gmt":"2023-08-29T18:44:59","guid":{"rendered":"https:\/\/corrientesdetarde.com\/?p=83926"},"modified":"2023-08-29T15:45:03","modified_gmt":"2023-08-29T18:45:03","slug":"el-coprodis-inicio-curso-de-lengua-de-senas","status":"publish","type":"post","link":"https:\/\/corrientesdetarde.com\/index.php\/sociales\/el-coprodis-inicio-curso-de-lengua-de-senas\/","title":{"rendered":"El COPRODIS inici\u00f3 curso de Lengua de Se\u00f1as"},"content":{"rendered":"\n<p>El&nbsp;Ministerio de Desarrollo Social de la Provincia comenz\u00f3 el curso de Lengua de Se\u00f1as \u201cCreando Puentes Comunicativos\u201d este viernes 25 en la localidad de San Roque. El curso se dicta a trav\u00e9s del Consejo Provincial de Discapacidad organizado en forma conjunta con la Delegaci\u00f3n del Ministerio de Desarrollo &nbsp;Social en esa localidad.<br>Participaron de la apertura del Curso la Directora del COPRODIS Prof. Roxana Tannuri y la Delegada por Desarrollo Social Dra. Yanina Ortiz.<br>Se inscribieron m\u00e1s de 100 personas, agentes de la salud, seguridad, educaci\u00f3n y personal administrativo.<br>El taller tendr\u00e1 una duraci\u00f3n de 6 encuentros los d\u00edas viernes de 8.30 a 16.30.hs a cargo del equipo de COPRODIS los int\u00e9rpretes Tec Yamila Sclippa, Prof. Elizabet Canteros y Asesor T\u00e9cnico Fernando G\u00f3mez.<\/p>\n\n\n\n<figure class=\"wp-block-image size-large\"><img loading=\"lazy\" decoding=\"async\" width=\"1024\" height=\"771\" src=\"https:\/\/corrientesdetarde.com\/wp-content\/uploads\/2023\/08\/image-819-1024x771.png\" alt=\"\" class=\"wp-image-83928\" srcset=\"https:\/\/corrientesdetarde.com\/wp-content\/uploads\/2023\/08\/image-819-1024x771.png 1024w, https:\/\/corrientesdetarde.com\/wp-content\/uploads\/2023\/08\/image-819-300x226.png 300w, https:\/\/corrientesdetarde.com\/wp-content\/uploads\/2023\/08\/image-819-768x578.png 768w, https:\/\/corrientesdetarde.com\/wp-content\/uploads\/2023\/08\/image-819.png 1080w\" sizes=\"auto, (max-width: 1024px) 100vw, 1024px\" \/><\/figure>\n\n\n\n<figure class=\"wp-block-image size-full\"><img loading=\"lazy\" decoding=\"async\" width=\"818\" height=\"387\" src=\"https:\/\/corrientesdetarde.com\/wp-content\/uploads\/2023\/08\/image-820.png\" alt=\"\" class=\"wp-image-83929\" srcset=\"https:\/\/corrientesdetarde.com\/wp-content\/uploads\/2023\/08\/image-820.png 818w, https:\/\/corrientesdetarde.com\/wp-content\/uploads\/2023\/08\/image-820-300x142.png 300w, https:\/\/corrientesdetarde.com\/wp-content\/uploads\/2023\/08\/image-820-768x363.png 768w\" sizes=\"auto, (max-width: 818px) 100vw, 818px\" \/><\/figure>\n","protected":false},"excerpt":{"rendered":"<p>El&nbsp;Ministerio de Desarrollo Social de la Provincia comenz\u00f3 el curso de Lengua de Se\u00f1as \u201cCreando Puentes Comunicativos\u201d este viernes 25 en la localidad de San Roque. El curso se dicta&hellip; <\/p>\n","protected":false},"author":8,"featured_media":83927,"comment_status":"closed","ping_status":"open","sticky":false,"template":"","format":"standard","meta":{"footnotes":""},"categories":[17],"tags":[],"class_list":["post-83926","post","type-post","status-publish","format-standard","has-post-thumbnail","hentry","category-sociales"],"_links":{"self":[{"href":"https:\/\/corrientesdetarde.com\/index.php\/wp-json\/wp\/v2\/posts\/83926","targetHints":{"allow":["GET"]}}],"collection":[{"href":"https:\/\/corrientesdetarde.com\/index.php\/wp-json\/wp\/v2\/posts"}],"about":[{"href":"https:\/\/corrientesdetarde.com\/index.php\/wp-json\/wp\/v2\/types\/post"}],"author":[{"embeddable":true,"href":"https:\/\/corrientesdetarde.com\/index.php\/wp-json\/wp\/v2\/users\/8"}],"replies":[{"embeddable":true,"href":"https:\/\/corrientesdetarde.com\/index.php\/wp-json\/wp\/v2\/comments?post=83926"}],"version-history":[{"count":1,"href":"https:\/\/corrientesdetarde.com\/index.php\/wp-json\/wp\/v2\/posts\/83926\/revisions"}],"predecessor-version":[{"id":83930,"href":"https:\/\/corrientesdetarde.com\/index.php\/wp-json\/wp\/v2\/posts\/83926\/revisions\/83930"}],"wp:featuredmedia":[{"embeddable":true,"href":"https:\/\/corrientesdetarde.com\/index.php\/wp-json\/wp\/v2\/media\/83927"}],"wp:attachment":[{"href":"https:\/\/corrientesdetarde.com\/index.php\/wp-json\/wp\/v2\/media?parent=83926"}],"wp:term":[{"taxonomy":"category","embeddable":true,"href":"https:\/\/corrientesdetarde.com\/index.php\/wp-json\/wp\/v2\/categories?post=83926"},{"taxonomy":"post_tag","embeddable":true,"href":"https:\/\/corrientesdetarde.com\/index.php\/wp-json\/wp\/v2\/tags?post=83926"}],"curies":[{"name":"wp","href":"https:\/\/api.w.org\/{rel}","templated":true}]}}