{"id":83936,"date":"2023-08-29T15:53:20","date_gmt":"2023-08-29T18:53:20","guid":{"rendered":"https:\/\/corrientesdetarde.com\/?p=83936"},"modified":"2023-08-29T15:53:32","modified_gmt":"2023-08-29T18:53:32","slug":"alberto-fernandez-encabeza-una-reunion-del-consejo-economico-y-social","status":"publish","type":"post","link":"https:\/\/corrientesdetarde.com\/index.php\/politica\/alberto-fernandez-encabeza-una-reunion-del-consejo-economico-y-social\/","title":{"rendered":"Alberto Fern\u00e1ndez encabeza una reuni\u00f3n del Consejo Econ\u00f3mico y Social"},"content":{"rendered":"\n<p>El mandatario, gremialistas, empresario, cient\u00edficos y autoridades universitarias buscan la formalizaci\u00f3n del organismo.<\/p>\n\n\n\n<p>El presidente&nbsp;<strong>Alberto Fern\u00e1ndez<\/strong>&nbsp;encabeza una nueva reuni\u00f3n del&nbsp;<strong>Consejo Econ\u00f3mico y Social (CES)<\/strong>&nbsp;al que asisten representantes de la&nbsp;<strong>Confederaci\u00f3n General de los Trabajadores (CGT)<\/strong>&nbsp;y la<strong>&nbsp;Uni\u00f3n Industrial Argentina (UIA)<\/strong>.<\/p>\n\n\n\n<p>Del encuentro, que se lleva adelante en el Sal\u00f3n de las Mujeres de Casa Rosada, participan dirigentes sindicales, autoridades de las c\u00e1maras empresariales, cient\u00edficos, miembros de organizaciones de la sociedad civil, autoridades universitarias y referentes de la econom\u00eda popular que hicieron entrega de un proyecto de ley para avanzar en la formalizaci\u00f3n e institucionalizaci\u00f3n del organismo.<\/p>\n\n\n\n<p>La normativa que dio forma al CES (Decreto 124\/2021) estableci\u00f3 un per\u00edodo de hasta mil d\u00edas para formular y elevar un proyecto de ley al Poder Ejecutivo para formalizar al organismo, que es el resultado de un proceso que tom\u00f3 en consideraci\u00f3n los proyectos presentados en el Congreso de la Naci\u00f3n y la experiencia internacional.<\/p>\n\n\n\n<p>Se trata de un \u00f3rgano colegiado y de participaci\u00f3n ciudadana creado por el Poder Ejecutivo Nacional para el debate informado y la&nbsp;<strong>b\u00fasqueda de consensos sobre prioridades estrat\u00e9gicas que trabajadores, empresarios y representantes del sistema acad\u00e9mico y cient\u00edfico y de la sociedad civil.<\/strong><\/p>\n\n\n\n<p>El Presidente public\u00f3 un video a trav\u00e9s de sus redes sociales en el que celebr\u00f3 las medidas econ\u00f3micas anunciadas por el ministro de Econom\u00eda y aspirante a la presidencia, Sergio Massa, para paliar los efectos de la devaluaci\u00f3n y la inflaci\u00f3n que en agosto ser\u00e1 de dos d\u00edgitos.<\/p>\n\n\n\n<p><strong>&#8220;Las medidas que anunci\u00f3 ayer (por el domingo) el ministro Sergio Massa son para ustedes: las familias argentinas&#8221;<\/strong>, remarc\u00f3 el mandatario que procedi\u00f3 adem\u00e1s a explicar una a una las normas.<\/p>\n\n\n\n<p>Alejado de la campa\u00f1a electoral, Alberto Fern\u00e1ndez grab\u00f3 un mensaje en el que analiz\u00f3 con preocupaci\u00f3n la situaci\u00f3n econ\u00f3mica que atraviesa el pa\u00eds. Hizo \u00e9nfasis tambi\u00e9n en &#8220;las medidas que tomamos&#8221;, y asegur\u00f3 que persigue &#8220;un solo prop\u00f3sito: mejorar tu ingreso, es lo que m\u00e1s nos importa. Nosotros te escuchamos. Nosotros te leemos, sabemos los problemas que ten\u00e9s&#8221;.<\/p>\n","protected":false},"excerpt":{"rendered":"<p>El mandatario, gremialistas, empresario, cient\u00edficos y autoridades universitarias buscan la formalizaci\u00f3n del organismo. El presidente&nbsp;Alberto Fern\u00e1ndez&nbsp;encabeza una nueva reuni\u00f3n del&nbsp;Consejo Econ\u00f3mico y Social (CES)&nbsp;al que asisten representantes de la&nbsp;Confederaci\u00f3n General&hellip; <\/p>\n","protected":false},"author":8,"featured_media":83937,"comment_status":"closed","ping_status":"open","sticky":false,"template":"","format":"standard","meta":{"footnotes":""},"categories":[3],"tags":[],"class_list":["post-83936","post","type-post","status-publish","format-standard","has-post-thumbnail","hentry","category-politica"],"_links":{"self":[{"href":"https:\/\/corrientesdetarde.com\/index.php\/wp-json\/wp\/v2\/posts\/83936","targetHints":{"allow":["GET"]}}],"collection":[{"href":"https:\/\/corrientesdetarde.com\/index.php\/wp-json\/wp\/v2\/posts"}],"about":[{"href":"https:\/\/corrientesdetarde.com\/index.php\/wp-json\/wp\/v2\/types\/post"}],"author":[{"embeddable":true,"href":"https:\/\/corrientesdetarde.com\/index.php\/wp-json\/wp\/v2\/users\/8"}],"replies":[{"embeddable":true,"href":"https:\/\/corrientesdetarde.com\/index.php\/wp-json\/wp\/v2\/comments?post=83936"}],"version-history":[{"count":1,"href":"https:\/\/corrientesdetarde.com\/index.php\/wp-json\/wp\/v2\/posts\/83936\/revisions"}],"predecessor-version":[{"id":83938,"href":"https:\/\/corrientesdetarde.com\/index.php\/wp-json\/wp\/v2\/posts\/83936\/revisions\/83938"}],"wp:featuredmedia":[{"embeddable":true,"href":"https:\/\/corrientesdetarde.com\/index.php\/wp-json\/wp\/v2\/media\/83937"}],"wp:attachment":[{"href":"https:\/\/corrientesdetarde.com\/index.php\/wp-json\/wp\/v2\/media?parent=83936"}],"wp:term":[{"taxonomy":"category","embeddable":true,"href":"https:\/\/corrientesdetarde.com\/index.php\/wp-json\/wp\/v2\/categories?post=83936"},{"taxonomy":"post_tag","embeddable":true,"href":"https:\/\/corrientesdetarde.com\/index.php\/wp-json\/wp\/v2\/tags?post=83936"}],"curies":[{"name":"wp","href":"https:\/\/api.w.org\/{rel}","templated":true}]}}