{"id":83939,"date":"2023-08-29T16:33:25","date_gmt":"2023-08-29T19:33:25","guid":{"rendered":"https:\/\/corrientesdetarde.com\/?p=83939"},"modified":"2023-08-29T16:33:37","modified_gmt":"2023-08-29T19:33:37","slug":"la-provincia-concreto-malla-vial-en-el-barrio-santa-rosa-al-terminar-pavimento-de-necochea","status":"publish","type":"post","link":"https:\/\/corrientesdetarde.com\/index.php\/informacion-general\/la-provincia-concreto-malla-vial-en-el-barrio-santa-rosa-al-terminar-pavimento-de-necochea\/","title":{"rendered":"La Provincia concret\u00f3 malla vial en el barrio Santa Rosa al terminar pavimento de Necochea &nbsp;"},"content":{"rendered":"\n<p>El Gobierno Provincial concluy\u00f3 el pavimento de hormig\u00f3n armado de la calle Necochea entre&nbsp; Gobernador Contte (continuaci\u00f3n Roca) y Ex v\u00eda en el barrio Santa Rosa, cerrando de esta manera una \u201cmalla\u201c vial que&nbsp; mejorar\u00e1&nbsp; el tr\u00e1nsito en esa parte de la ciudad de Corrientes, a vez de aliviar el tr\u00e1fico de la avenida &nbsp;Maip\u00fa, que contar\u00e1 con una alternativa de circulaci\u00f3n \u00e1gil y din\u00e1mica.&nbsp;<\/p>\n\n\n\n<p>Estos trabajos, que contin\u00faan con la construcci\u00f3n de cordones en el sector y el entibado de Ex V\u00eda entre Teniente Ib\u00e1\u00f1ez y Roca, son ejecutados por el Ministerio de Obras y Servicios P\u00fablicos, a trav\u00e9s de Vialidad Urbana.<\/p>\n\n\n\n<p>Establecidos los niveles de escurrimiento pluvial y corregida la infraestructura de servicios de agua y cloaca, se paviment\u00f3 inicialmente Necochea desde su cruce con calle Contte Gobernador Robert&nbsp; (continuaci\u00f3n Brasil), para luego extenderse hacia Ex V\u00eda.<\/p>\n\n\n\n<p>Cabe destacar que en esta zona tambi\u00e9n ya se paviment\u00f3 con hormig\u00f3n armado la calle Ex V\u00eda desde su intersecci\u00f3n con General Paz &nbsp;hasta&nbsp; Contte (Roca).<\/p>\n\n\n\n<p>En Ex V\u00eda entre Necochea y&nbsp; Teniente Ib\u00e1\u00f1ez, Vialidad Urbana construy\u00f3 un entubado de 200 metros de largo&nbsp; con ca\u00f1os de 60 cm. de di\u00e1metro para asegurar el desague pluvial no solo en la calle reci\u00e9n pavimentada sino tambi\u00e9n en aquellas aleda\u00f1as, dejando atr\u00e1s un serio problema de anegamiento que se afectaba ese sector barrial.<\/p>\n\n\n\n<p><strong>Otro desague pluvial<\/strong><\/p>\n\n\n\n<p>En los pr\u00f3ximos d\u00edas, comenzar\u00e1 la construcci\u00f3n de otro ducto de desague de 60 cent\u00edmetros de di\u00e1metro sobre Ex V\u00eda, que ir\u00e1 de Dr. Contte hacia Teniente Ib\u00e1\u00f1ez, el cual ser\u00e1 ejecutado sobre la vereda oeste de dicho tramo, algo menos de 100 metros.<\/p>\n\n\n\n<p>Cabe destacar que&nbsp; estas obras, encaradas por administraci\u00f3n con personal y maquinaria provincial, adem\u00e1s de mejorar&nbsp; la circulaci\u00f3n del sector e interconectarlo con otros de la ciudad, se enmarcan en el objetivo de la Provincia de erradicar definitivamente calles de tierra y las zanjas a cielo abierto, posibilitando una mejora en la calidad de vida y sanitaria de los vecinos de Corrientes.<\/p>\n\n\n\n<figure class=\"wp-block-image size-large\"><img loading=\"lazy\" decoding=\"async\" width=\"1024\" height=\"563\" src=\"https:\/\/corrientesdetarde.com\/wp-content\/uploads\/2023\/08\/image-824-1024x563.png\" alt=\"\" class=\"wp-image-83940\" srcset=\"https:\/\/corrientesdetarde.com\/wp-content\/uploads\/2023\/08\/image-824-1024x563.png 1024w, https:\/\/corrientesdetarde.com\/wp-content\/uploads\/2023\/08\/image-824-300x165.png 300w, https:\/\/corrientesdetarde.com\/wp-content\/uploads\/2023\/08\/image-824-768x422.png 768w, https:\/\/corrientesdetarde.com\/wp-content\/uploads\/2023\/08\/image-824.png 1057w\" sizes=\"auto, (max-width: 1024px) 100vw, 1024px\" \/><\/figure>\n\n\n\n<figure class=\"wp-block-image size-large\"><img loading=\"lazy\" decoding=\"async\" width=\"1024\" height=\"532\" src=\"https:\/\/corrientesdetarde.com\/wp-content\/uploads\/2023\/08\/image-825-1024x532.png\" alt=\"\" class=\"wp-image-83941\" srcset=\"https:\/\/corrientesdetarde.com\/wp-content\/uploads\/2023\/08\/image-825-1024x532.png 1024w, https:\/\/corrientesdetarde.com\/wp-content\/uploads\/2023\/08\/image-825-300x156.png 300w, https:\/\/corrientesdetarde.com\/wp-content\/uploads\/2023\/08\/image-825-768x399.png 768w, https:\/\/corrientesdetarde.com\/wp-content\/uploads\/2023\/08\/image-825.png 1100w\" sizes=\"auto, (max-width: 1024px) 100vw, 1024px\" \/><\/figure>\n\n\n\n<figure class=\"wp-block-image size-large\"><img loading=\"lazy\" decoding=\"async\" width=\"1024\" height=\"563\" src=\"https:\/\/corrientesdetarde.com\/wp-content\/uploads\/2023\/08\/image-826-1024x563.png\" alt=\"\" class=\"wp-image-83942\" srcset=\"https:\/\/corrientesdetarde.com\/wp-content\/uploads\/2023\/08\/image-826-1024x563.png 1024w, https:\/\/corrientesdetarde.com\/wp-content\/uploads\/2023\/08\/image-826-300x165.png 300w, https:\/\/corrientesdetarde.com\/wp-content\/uploads\/2023\/08\/image-826-768x422.png 768w, https:\/\/corrientesdetarde.com\/wp-content\/uploads\/2023\/08\/image-826.png 1057w\" sizes=\"auto, (max-width: 1024px) 100vw, 1024px\" \/><\/figure>\n","protected":false},"excerpt":{"rendered":"<p>El Gobierno Provincial concluy\u00f3 el pavimento de hormig\u00f3n armado de la calle Necochea entre&nbsp; Gobernador Contte (continuaci\u00f3n Roca) y Ex v\u00eda en el barrio Santa Rosa, cerrando de esta manera&hellip; <\/p>\n","protected":false},"author":8,"featured_media":83945,"comment_status":"closed","ping_status":"open","sticky":false,"template":"","format":"standard","meta":{"footnotes":""},"categories":[1],"tags":[],"class_list":["post-83939","post","type-post","status-publish","format-standard","has-post-thumbnail","hentry","category-informacion-general"],"_links":{"self":[{"href":"https:\/\/corrientesdetarde.com\/index.php\/wp-json\/wp\/v2\/posts\/83939","targetHints":{"allow":["GET"]}}],"collection":[{"href":"https:\/\/corrientesdetarde.com\/index.php\/wp-json\/wp\/v2\/posts"}],"about":[{"href":"https:\/\/corrientesdetarde.com\/index.php\/wp-json\/wp\/v2\/types\/post"}],"author":[{"embeddable":true,"href":"https:\/\/corrientesdetarde.com\/index.php\/wp-json\/wp\/v2\/users\/8"}],"replies":[{"embeddable":true,"href":"https:\/\/corrientesdetarde.com\/index.php\/wp-json\/wp\/v2\/comments?post=83939"}],"version-history":[{"count":1,"href":"https:\/\/corrientesdetarde.com\/index.php\/wp-json\/wp\/v2\/posts\/83939\/revisions"}],"predecessor-version":[{"id":83946,"href":"https:\/\/corrientesdetarde.com\/index.php\/wp-json\/wp\/v2\/posts\/83939\/revisions\/83946"}],"wp:featuredmedia":[{"embeddable":true,"href":"https:\/\/corrientesdetarde.com\/index.php\/wp-json\/wp\/v2\/media\/83945"}],"wp:attachment":[{"href":"https:\/\/corrientesdetarde.com\/index.php\/wp-json\/wp\/v2\/media?parent=83939"}],"wp:term":[{"taxonomy":"category","embeddable":true,"href":"https:\/\/corrientesdetarde.com\/index.php\/wp-json\/wp\/v2\/categories?post=83939"},{"taxonomy":"post_tag","embeddable":true,"href":"https:\/\/corrientesdetarde.com\/index.php\/wp-json\/wp\/v2\/tags?post=83939"}],"curies":[{"name":"wp","href":"https:\/\/api.w.org\/{rel}","templated":true}]}}