{"id":83951,"date":"2023-08-29T16:47:10","date_gmt":"2023-08-29T19:47:10","guid":{"rendered":"https:\/\/corrientesdetarde.com\/?p=83951"},"modified":"2023-08-29T16:47:22","modified_gmt":"2023-08-29T19:47:22","slug":"valentin-barco-concentra-para-la-revancha-ante-racing-no-tiene-dolor-y-dejo-una-frase-muy-optimista","status":"publish","type":"post","link":"https:\/\/corrientesdetarde.com\/index.php\/deportes\/valentin-barco-concentra-para-la-revancha-ante-racing-no-tiene-dolor-y-dejo-una-frase-muy-optimista\/","title":{"rendered":"Valent\u00edn Barco concentra para la revancha ante Racing: no tiene dolor y dej\u00f3 una frase muy optimista"},"content":{"rendered":"\n<p>Hace seis d\u00edas, cuando sufri\u00f3 una lesi\u00f3n muscular, el \u201cColo\u201d parec\u00eda completamente descartado para la esperada definici\u00f3n de la llave de cuartos de final. Qu\u00e9 les dijo a sus compa\u00f1eros.<\/p>\n\n\n\n<p>Valent\u00edn Barco est\u00e1 muy bien y sin dolor, raz\u00f3n por la que\u00a0<strong>fue convocado\u00a0<\/strong>para el partido que Boca jugar\u00e1 ante Racing el mi\u00e9rcoles en el Cilindro de Avellaneda. El Colo practic\u00f3 a la par de sus compa\u00f1eros mientras se recupera de una\u00a0<strong>lesi\u00f3n muscular en el psoas il\u00edaco izquierdo<\/strong>\u00a0que sufri\u00f3 en el partido de ida. En el cuerpo t\u00e9cnico de Jorge Almir\u00f3n \u00a0hay optimismo de que pueda jugar por el partido de vuelta de los cuartos de final de la Copa Libertadores.<\/p>\n\n\n\n<p>Mientras Barco trabaja a contrarreloj, el DT piensa en tres nombres para reemplazar al Colo en caso de que no est\u00e9 en condiciones.&nbsp;<strong>Exequiel Zeballos<\/strong>, el uruguayo&nbsp;<strong>Miguel Merentiel<\/strong>&nbsp;y&nbsp;<strong>Lucas Janson<\/strong>.<\/p>\n\n\n\n<figure class=\"wp-block-image\"><img decoding=\"async\" src=\"https:\/\/tn.com.ar\/resizer\/-sN5Uxn3OExih_Rz78UsbucsRtA=\/767x0\/smart\/filters:format(webp)\/cloudfront-us-east-1.images.arcpublishing.com\/artear\/TMUYOBSSRR4LKICFOCRCJVSAUY.jpg\" alt=\"En Boca hay optimismo para que el Colo est\u00e9 ante Racing por la Copa Libertadores. (Foto: REUTERS\/Agustin Marcarian)\"\/><\/figure>\n\n\n\n<h2 class=\"wp-block-heading\">Qu\u00e9 chances tiene Barco de jugar ante Racing<\/h2>\n\n\n\n<p>Lo cierto es que al tener apenas seis d\u00edas de recuperaci\u00f3n es muy dif\u00edcil que pueda estar al ciento por ciento de la lesi\u00f3n muscular que lo afecta. Pero al no tratarse de un desgarro en el cu\u00e1driceps o en el aductor, como se crey\u00f3 en primera instancia,<strong>&nbsp;en Boca mantienen al menos una m\u00ednima ilusi\u00f3n de que uno de sus mejores futbolistas pueda jugar.<\/strong>&nbsp;Por eso, el entrenador lo incluy\u00f3 dentro de la lista de convocados.<\/p>\n\n\n\n<figure class=\"wp-block-image\"><img decoding=\"async\" src=\"https:\/\/tn.com.ar\/resizer\/fEn_CIG_8aOvVDT4GNuSh6heoGc=\/767x0\/smart\/filters:format(webp)\/cloudfront-us-east-1.images.arcpublishing.com\/artear\/DP2EYVJ5FVGV3E3M3SEECTUGHI.jfif\" alt=\"El Colo Barco est\u00e1 en la lista de convocados de Boca para enfrentar a Racing. (Foto: Boca Juniors)\"\/><\/figure>\n\n\n\n<h2 class=\"wp-block-heading\">Valent\u00edn Barco y un mensaje optimista para todo Boca en plena recuperaci\u00f3n: \u201cEstoy bien de la lesi\u00f3n\u201d<\/h2>\n\n\n\n<p><em><strong>\u201cBien, bien\u201d,<\/strong><\/em><strong>\u00a0respondi\u00f3 el Colo,<\/strong>\u00a0esbozando una leve sonrisa, ante la pregunta de uno de los tantos hinchas del Xeneize que se juntaron a las afueras del predio de Ezeiza el s\u00e1bado y que quer\u00edan saber\u00a0<strong>c\u00f3mo estaba de la lesi\u00f3n.<\/strong>\u00a0El juvenil que quieren comprar equipos de la Premier League como son los casos del Brighton y el Manchester City tuvo la predisposici\u00f3n de quedarse unos minutos y atendi\u00f3 a los fan\u00e1ticos de cara al partido ante Racing por la Copa Libertadores.<\/p>\n\n\n\n<h2 class=\"wp-block-heading\">El parte m\u00e9dico de Boca por la lesi\u00f3n del Colo Barco<\/h2>\n\n\n\n<p>Boca public\u00f3 el parte m\u00e9dico de Valent\u00edn Barco el jueves pasado e inform\u00f3 que tuvo una&nbsp;<strong>\u201clesi\u00f3n muscular grado 1\/2 del m\u00fasculo psoas il\u00edaco izquierdo\u201d.&nbsp;<\/strong>Al no ser un desgarro, lagravedad de la lesi\u00f3n es muy inferior a lo que se preve\u00eda cuando dej\u00f3 la cancha desconsolado.<\/p>\n","protected":false},"excerpt":{"rendered":"<p>Hace seis d\u00edas, cuando sufri\u00f3 una lesi\u00f3n muscular, el \u201cColo\u201d parec\u00eda completamente descartado para la esperada definici\u00f3n de la llave de cuartos de final. Qu\u00e9 les dijo a sus compa\u00f1eros.&hellip; <\/p>\n","protected":false},"author":8,"featured_media":83952,"comment_status":"closed","ping_status":"open","sticky":false,"template":"","format":"standard","meta":{"footnotes":""},"categories":[4],"tags":[],"class_list":["post-83951","post","type-post","status-publish","format-standard","has-post-thumbnail","hentry","category-deportes"],"_links":{"self":[{"href":"https:\/\/corrientesdetarde.com\/index.php\/wp-json\/wp\/v2\/posts\/83951","targetHints":{"allow":["GET"]}}],"collection":[{"href":"https:\/\/corrientesdetarde.com\/index.php\/wp-json\/wp\/v2\/posts"}],"about":[{"href":"https:\/\/corrientesdetarde.com\/index.php\/wp-json\/wp\/v2\/types\/post"}],"author":[{"embeddable":true,"href":"https:\/\/corrientesdetarde.com\/index.php\/wp-json\/wp\/v2\/users\/8"}],"replies":[{"embeddable":true,"href":"https:\/\/corrientesdetarde.com\/index.php\/wp-json\/wp\/v2\/comments?post=83951"}],"version-history":[{"count":1,"href":"https:\/\/corrientesdetarde.com\/index.php\/wp-json\/wp\/v2\/posts\/83951\/revisions"}],"predecessor-version":[{"id":83953,"href":"https:\/\/corrientesdetarde.com\/index.php\/wp-json\/wp\/v2\/posts\/83951\/revisions\/83953"}],"wp:featuredmedia":[{"embeddable":true,"href":"https:\/\/corrientesdetarde.com\/index.php\/wp-json\/wp\/v2\/media\/83952"}],"wp:attachment":[{"href":"https:\/\/corrientesdetarde.com\/index.php\/wp-json\/wp\/v2\/media?parent=83951"}],"wp:term":[{"taxonomy":"category","embeddable":true,"href":"https:\/\/corrientesdetarde.com\/index.php\/wp-json\/wp\/v2\/categories?post=83951"},{"taxonomy":"post_tag","embeddable":true,"href":"https:\/\/corrientesdetarde.com\/index.php\/wp-json\/wp\/v2\/tags?post=83951"}],"curies":[{"name":"wp","href":"https:\/\/api.w.org\/{rel}","templated":true}]}}