{"id":83957,"date":"2023-08-29T16:59:03","date_gmt":"2023-08-29T19:59:03","guid":{"rendered":"https:\/\/corrientesdetarde.com\/?p=83957"},"modified":"2023-08-29T16:59:15","modified_gmt":"2023-08-29T19:59:15","slug":"cruce-entre-el-gobierno-y-las-prepagas-por-la-suspension-en-la-suba-de-las-cuotas","status":"publish","type":"post","link":"https:\/\/corrientesdetarde.com\/index.php\/economia\/cruce-entre-el-gobierno-y-las-prepagas-por-la-suspension-en-la-suba-de-las-cuotas\/","title":{"rendered":"Cruce entre el Gobierno y las prepagas por la suspensi\u00f3n en la suba de las cuotas"},"content":{"rendered":"\n<p>Luego de que se anunciara la suspensi\u00f3n del aumento en la medicina prepaga por 90 d\u00edas, el jefe de Gabinete\u00a0Agust\u00edn Rossi respondi\u00f3 a las cr\u00edticas de las empresas de salud.<\/p>\n\n\n\n<p>Tras el anuncio del ministro de Econom\u00eda, Sergio Massa, respecto a la suspensi\u00f3n del aumento de la medicina prepaga durante los pr\u00f3ximos 90 d\u00edas para las\u00a0<strong>familias con ingresos que no superen los $2 millones mensuales<\/strong>, el Gobierno cruz\u00f3 a las empresas de medicina que cuestionaron la medida.<\/p>\n\n\n\n<p><strong>\u201cNo creo que ninguna empresa de medicina prepaga por mantener dos o tres meses congelados sus precios tenga un d\u00e9ficit econ\u00f3mico\u201d<\/strong>, expuso en ese sentido el jefe de Gabinete y precandidato a vicepresidente,&nbsp;<strong>Agust\u00edn Rossi<\/strong>, aunque consider\u00f3 que \u201c<strong>seguramente ganar\u00e1n menos\u201d.<\/strong><\/p>\n\n\n\n<p><strong><mark style=\"background-color:rgba(0, 0, 0, 0)\" class=\"has-inline-color has-black-color\">El Gobierno suspende el aumento de prepagas<\/mark><\/strong><\/p>\n\n\n\n<figure class=\"wp-block-image\"><img decoding=\"async\" src=\"https:\/\/media.minutouno.com\/p\/33e7fd614fca2ecb10cd6b07adcf773f\/adjuntos\/150\/imagenes\/040\/881\/0040881849\/agustin-rossi.jpg?2023-08-01-14-19-45\" alt=\"\" title=\"\"\/><\/figure>\n\n\n\n<p>El cuestionamiento por parte de las empresas de medicina privada vino a ra\u00edz de la preocupaci\u00f3n por tener que congelar las cuotas a una gran proporci\u00f3n de sus clientes, al tiempo que deben pagar los incrementos salariales de empleados, insumos, tratamientos y honorarios.<\/p>\n\n\n\n<p>Seg\u00fan Rossi, \u201clos aumentos de suma fija son a cuenta de paritarias\u201d y habl\u00f3 de la medida como un \u201cesfuerzo\u201d que \u201cno puede caer s\u00f3lo entre los que menos tienen\u201d.<\/p>\n\n\n\n<p><strong>\u201cEs un esfuerzo fiscal importante, pero estamos conformes con las medidas, era el camino que ten\u00edamos que tomar, sino terminan siendo perjudicados siempre los mismos sectores\u201d,&nbsp;<\/strong>dijo en FM Nacional Rock.<\/p>\n\n\n\n<p>De la vereda contraria, desde una de las prepagas m\u00e1s importantes del pa\u00eds destacaron que<strong>&nbsp;los aumentos de los insumos m\u00e9dicos llegaron hasta un 50% en el \u00faltimo mes<\/strong>&nbsp;y consideraron que&nbsp;<strong>&#8220;una suspensi\u00f3n transitoria de aumentos no resuelve, peor a\u00fan, agrava el problema del financiamiento del sistema de salud\u201d<\/strong>, seg\u00fan public\u00f3 Infobae.<\/p>\n\n\n\n<figure class=\"wp-block-image\"><img decoding=\"async\" src=\"https:\/\/media.minutouno.com\/p\/b2d5c3d1ee70a71feb4652d7b770ca4b\/adjuntos\/150\/imagenes\/039\/555\/0039555992\/prepagas-copago.jpg?2021-12-27-17-01-02\" alt=\"\" title=\"\"\/><\/figure>\n\n\n\n<p>\u201cLas prepagas trasladaban autom\u00e1ticamente el 92% de sus aumentos a los prestadores. Con esta medida,&nbsp;<strong>no habr\u00e1 aumento de aranceles a los sanatorios y centros<\/strong>; tampoco habr\u00e1 aumento de honorarios profesionales, lo cual profundizar\u00e1 el retraso de lo que cada profesional debe ganar.&nbsp;<strong>Se producir\u00e1n problemas gremiales&nbsp;<\/strong>ante la imposibilidad de revisar paritarias. Se intenta solucionar un problema generando otro con el consecuente desfasaje entre los costos de las prestaciones m\u00e9dicas, honorarios, tratamientos, insumos, etc.\u201d, mencionaron a ese medio desde la prepaga.<\/p>\n\n\n\n<p>Las prepagas estiman que casi 97% de los clientes ver\u00e1n congelados los precios en sus cuotas&nbsp;y, en paralelo, las empresas no recibir\u00e1n ninguna compensaci\u00f3n tributaria o de Seguridad Social.<\/p>\n\n\n\n<p>Desde las empresas de salud, analizan diferentes medidas como el&nbsp;<strong>congelamiento de aranceles profesionales de la salud, cl\u00ednicas, sanatorios y laboratorios,<\/strong>&nbsp;la&nbsp;<strong>suspensi\u00f3n de la paritaria<\/strong>, el&nbsp;cobro de copagos para todos los tratamientos&nbsp;o recurrir a la Justicia mediante amparos.<\/p>\n","protected":false},"excerpt":{"rendered":"<p>Luego de que se anunciara la suspensi\u00f3n del aumento en la medicina prepaga por 90 d\u00edas, el jefe de Gabinete\u00a0Agust\u00edn Rossi respondi\u00f3 a las cr\u00edticas de las empresas de salud.&hellip; <\/p>\n","protected":false},"author":8,"featured_media":83958,"comment_status":"closed","ping_status":"open","sticky":false,"template":"","format":"standard","meta":{"footnotes":""},"categories":[20],"tags":[],"class_list":["post-83957","post","type-post","status-publish","format-standard","has-post-thumbnail","hentry","category-economia"],"_links":{"self":[{"href":"https:\/\/corrientesdetarde.com\/index.php\/wp-json\/wp\/v2\/posts\/83957","targetHints":{"allow":["GET"]}}],"collection":[{"href":"https:\/\/corrientesdetarde.com\/index.php\/wp-json\/wp\/v2\/posts"}],"about":[{"href":"https:\/\/corrientesdetarde.com\/index.php\/wp-json\/wp\/v2\/types\/post"}],"author":[{"embeddable":true,"href":"https:\/\/corrientesdetarde.com\/index.php\/wp-json\/wp\/v2\/users\/8"}],"replies":[{"embeddable":true,"href":"https:\/\/corrientesdetarde.com\/index.php\/wp-json\/wp\/v2\/comments?post=83957"}],"version-history":[{"count":1,"href":"https:\/\/corrientesdetarde.com\/index.php\/wp-json\/wp\/v2\/posts\/83957\/revisions"}],"predecessor-version":[{"id":83959,"href":"https:\/\/corrientesdetarde.com\/index.php\/wp-json\/wp\/v2\/posts\/83957\/revisions\/83959"}],"wp:featuredmedia":[{"embeddable":true,"href":"https:\/\/corrientesdetarde.com\/index.php\/wp-json\/wp\/v2\/media\/83958"}],"wp:attachment":[{"href":"https:\/\/corrientesdetarde.com\/index.php\/wp-json\/wp\/v2\/media?parent=83957"}],"wp:term":[{"taxonomy":"category","embeddable":true,"href":"https:\/\/corrientesdetarde.com\/index.php\/wp-json\/wp\/v2\/categories?post=83957"},{"taxonomy":"post_tag","embeddable":true,"href":"https:\/\/corrientesdetarde.com\/index.php\/wp-json\/wp\/v2\/tags?post=83957"}],"curies":[{"name":"wp","href":"https:\/\/api.w.org\/{rel}","templated":true}]}}