{"id":84004,"date":"2023-08-29T21:58:34","date_gmt":"2023-08-30T00:58:34","guid":{"rendered":"https:\/\/corrientesdetarde.com\/?p=84004"},"modified":"2023-08-29T21:58:46","modified_gmt":"2023-08-30T00:58:46","slug":"criticas-desde-ucrania-hacia-el-papa-francisco-por-apoyar-las-ideas-de-la-gran-potencia-rusa-entre-los-jovenes","status":"publish","type":"post","link":"https:\/\/corrientesdetarde.com\/index.php\/internacionales\/criticas-desde-ucrania-hacia-el-papa-francisco-por-apoyar-las-ideas-de-la-gran-potencia-rusa-entre-los-jovenes\/","title":{"rendered":"Cr\u00edticas desde Ucrania hacia el papa Francisco &#8220;por apoyar las\u00a0ideas de la gran potencia rusa entre los j\u00f3venes&#8221;"},"content":{"rendered":"\n<p>Para el sitio Ukrinform, el Sumo Pont\u00edfice de la Iglesia Cat\u00f3lica pas\u00f3 de h\u00e9roe a villano en dos d\u00edas.<\/p>\n\n\n\n<p><strong>El Ministerio de Asuntos&nbsp;Exteriores de Ucrania reprendi\u00f3 al papa Francisco por apoyar las&nbsp;ideas de la gran potencia rusa entre los j\u00f3venes del pa\u00eds&nbsp; agresor,&nbsp;<\/strong>seg\u00fan titul\u00f3 la prensa de Kiev.<\/p>\n\n\n\n<p><strong>El portavoz del Ministerio de Asuntos Exteriores de Ucrania,&nbsp;Oleg Nikolenko,&nbsp;<\/strong>coment\u00f3 -a modo de introducci\u00f3n al tema-<strong>&nbsp;que &#8220;el Kremlin justifica el asesinato de&nbsp;miles de ucranianos y&nbsp; ucranianas y la destrucci\u00f3n de cientos de&nbsp;ciudades y pueblos&#8221; con la &#8220;propaganda imperialista&#8221; referida a&nbsp;&#8220;lazos espirituales&#8221; y la &#8220;necesidad&#8221; de salvar a &#8220;la gran Madre&nbsp;Rusia&#8221;.<\/strong><\/p>\n\n\n\n<p>Seg\u00fan Nikolenko,&nbsp;<strong>&#8220;es muy lamentable que las ideas de la gran&nbsp;potencia rusa, que en realidad son la causa de su agresividad&nbsp;cr\u00f3nica, se escuchen del Papa, cuya misi\u00f3n es precisamente abrir&nbsp;los ojos de la juventud rusa hacia el rumbo destructivo&#8221; de sus&nbsp;actuales dirigentes&#8221;<\/strong>.<\/p>\n\n\n\n<p><strong>&#8220;Como se inform\u00f3, el Papa en un mensaje dirigido a los j\u00f3venes&nbsp;<\/strong><strong>cat\u00f3licos rusos el 25 de agosto los inst\u00f3 a no renunciar a su&nbsp;<\/strong><strong>herencia imperialista,&nbsp; diciendo ustedes son descendientes de la&nbsp;<\/strong><strong>gran Rusia&#8221;,&nbsp;<\/strong>public\u00f3 el sitio Ukrinform al referirse al discurso&nbsp;del mencionado portavoz.<\/p>\n\n\n\n<p>All\u00ed se agreg\u00f3 que&nbsp;<strong>el Papa aludi\u00f3 a &#8220;la gran Rusia de los&nbsp;santos, los gobernantes, la gran Rusia de Pedro I, Catalina II,&nbsp;ese imperio: grande, educado, de gran cultura y de gran&nbsp;humanidad&#8221;.<\/strong><\/p>\n\n\n\n<p><strong>El sitio se refiri\u00f3 en todo momento en min\u00fasculas al &#8220;papa&#8221; y&nbsp;al &#8220;pont\u00edfice&#8221;, en un claro giro con respecto a su publicaci\u00f3n del&nbsp;domingo, festiva por la&nbsp; alocuci\u00f3n del l\u00edder cat\u00f3lico durante sus&nbsp;saludos posteriores al \u00c1ngelus.<\/strong><\/p>\n\n\n\n<p><strong>&#8220;El Papa Francisco dirigi\u00f3 su mirada a dos pa\u00edses, uno&nbsp;devastado por los incendios y el otro por la guerra&#8221;,<\/strong>&nbsp;destac\u00f3&nbsp;Ukrinform mencionando a Vatican News.<\/p>\n\n\n\n<p><strong>&#8220;Tambi\u00e9n recuerdo en la oraci\u00f3n a las v\u00edctimas de los incendios&nbsp;que se produjeron en los \u00faltimos d\u00edas en el noreste de Grecia, y&nbsp;expreso mi solidaridad con el pueblo griego. Asimismo,&nbsp;permanezcamos cercanos al pueblo ucraniano, que sufre por la&nbsp;guerra, y sufre tanto: no olvidemos a Ucrania&#8221;,<\/strong>&nbsp;hab\u00eda dicho el&nbsp;Pont\u00edfice, en esa ocasi\u00f3n mencionado con may\u00fascula.&nbsp;<\/p>\n\n\n\n<p>Tambi\u00e9n escribi\u00f3 Ukrinform ese d\u00eda que&nbsp;<strong>&#8220;en un discurso a las&nbsp;autoridades portuguesas, el Papa Francisco reiter\u00f3 el llamamiento&nbsp;a la Uni\u00f3n Europea a desarrollar una diplomacia de paz dirigida a&nbsp;<\/strong><strong>la resoluci\u00f3n de conflictos, particularmente en el contexto de la&nbsp;<\/strong><strong>guerra en Ucrania&#8221;;<\/strong>&nbsp; material que continuaba en l\u00ednea este martes.<\/p>\n","protected":false},"excerpt":{"rendered":"<p>Para el sitio Ukrinform, el Sumo Pont\u00edfice de la Iglesia Cat\u00f3lica pas\u00f3 de h\u00e9roe a villano en dos d\u00edas. El Ministerio de Asuntos&nbsp;Exteriores de Ucrania reprendi\u00f3 al papa Francisco por&hellip; <\/p>\n","protected":false},"author":4,"featured_media":84007,"comment_status":"closed","ping_status":"open","sticky":false,"template":"","format":"standard","meta":{"footnotes":""},"categories":[11],"tags":[],"class_list":["post-84004","post","type-post","status-publish","format-standard","has-post-thumbnail","hentry","category-internacionales"],"_links":{"self":[{"href":"https:\/\/corrientesdetarde.com\/index.php\/wp-json\/wp\/v2\/posts\/84004","targetHints":{"allow":["GET"]}}],"collection":[{"href":"https:\/\/corrientesdetarde.com\/index.php\/wp-json\/wp\/v2\/posts"}],"about":[{"href":"https:\/\/corrientesdetarde.com\/index.php\/wp-json\/wp\/v2\/types\/post"}],"author":[{"embeddable":true,"href":"https:\/\/corrientesdetarde.com\/index.php\/wp-json\/wp\/v2\/users\/4"}],"replies":[{"embeddable":true,"href":"https:\/\/corrientesdetarde.com\/index.php\/wp-json\/wp\/v2\/comments?post=84004"}],"version-history":[{"count":1,"href":"https:\/\/corrientesdetarde.com\/index.php\/wp-json\/wp\/v2\/posts\/84004\/revisions"}],"predecessor-version":[{"id":84008,"href":"https:\/\/corrientesdetarde.com\/index.php\/wp-json\/wp\/v2\/posts\/84004\/revisions\/84008"}],"wp:featuredmedia":[{"embeddable":true,"href":"https:\/\/corrientesdetarde.com\/index.php\/wp-json\/wp\/v2\/media\/84007"}],"wp:attachment":[{"href":"https:\/\/corrientesdetarde.com\/index.php\/wp-json\/wp\/v2\/media?parent=84004"}],"wp:term":[{"taxonomy":"category","embeddable":true,"href":"https:\/\/corrientesdetarde.com\/index.php\/wp-json\/wp\/v2\/categories?post=84004"},{"taxonomy":"post_tag","embeddable":true,"href":"https:\/\/corrientesdetarde.com\/index.php\/wp-json\/wp\/v2\/tags?post=84004"}],"curies":[{"name":"wp","href":"https:\/\/api.w.org\/{rel}","templated":true}]}}