{"id":84051,"date":"2023-08-30T00:00:32","date_gmt":"2023-08-30T03:00:32","guid":{"rendered":"https:\/\/corrientesdetarde.com\/?p=84051"},"modified":"2023-08-30T00:00:36","modified_gmt":"2023-08-30T03:00:36","slug":"river-anuncio-oficialmente-la-llegada-de-sebastian-boselli-como-refuerzo","status":"publish","type":"post","link":"https:\/\/corrientesdetarde.com\/index.php\/deportes\/river-anuncio-oficialmente-la-llegada-de-sebastian-boselli-como-refuerzo\/","title":{"rendered":"River anunci\u00f3 oficialmente la llegada de Sebasti\u00e1n Boselli como refuerzo"},"content":{"rendered":"\n<p>El defensor se sum\u00f3 a los arribos de Ramiro Funes Mori, Facundo Colidio, Manuel Lanzini, Gonzalo &#8220;Pity&#8221; Mart\u00ednez y Nicol\u00e1s Fonseca, que se incorporar\u00e1 en diciembre de este a\u00f1o.\u00a0<\/p>\n\n\n\n<p><strong>River\u00a0anunci\u00f3 hoy oficialmente la llegada del defensor Sebasti\u00e1n Boselli<\/strong>, su sexto refuerzo en el mercado de pases, tras haber concretado su arribo d\u00edas atr\u00e1s luego de comprar parte de su pase a Defensor Sporting de Uruguay.<\/p>\n\n\n\n<p><strong>&#8220;\u00a1Bienvenido a River, Sebasti\u00e1n!&#8221;<\/strong>, public\u00f3 la instituci\u00f3n en la red social X, mientras que luego comparti\u00f3 las fotos del zaguero con la camiseta del club y junto al presidente Jorge Brito y al vice Mat\u00edas Patanian para confirmar que&nbsp;<strong>sell\u00f3 su contrato hasta diciembre de 2026.<\/strong><\/p>\n\n\n\n<p><strong>River compr\u00f3 el 70 por ciento de la ficha del futbolista de 19 a\u00f1os a cambio de 3,5 millones de d\u00f3lares<\/strong>\u00a0para Defensor Sporting, despu\u00e9s de concretar las incorporaciones de\u00a0<strong>Ramiro Funes Mori, Facundo Colidio, Manuel Lanzini,\u00a0Gonzalo &#8220;Pity&#8221; Mart\u00ednez\u00a0y Nicol\u00e1s Fonseca<\/strong>, que se sumar\u00e1 al equipo en diciembre de este a\u00f1o.<\/p>\n\n\n\n<figure class=\"wp-block-image\"><img decoding=\"async\" src=\"https:\/\/noticiasargentinas.com\/images\/NA\/Contenidos\/F4s7wCzb0AEcBeh.webp\" alt=\"F4s7wCzb0AEcBeh.jpg\"\/><\/figure>\n\n\n\n<p><strong>\u201cSebasti\u00e1n Boselli es joven pero ya mostr\u00f3 sus dotes de liderazgo. No le va a costar la adaptaci\u00f3n, los uruguayos siempre se adaptan muy bien a nuestra instituci\u00f3n. Nos va a aportar mucha agresividad como todo defensor, lo iremos acompa\u00f1ando en su evoluci\u00f3n&#8221;<\/strong>, expres\u00f3 d\u00edas atr\u00e1s el entrenador Mart\u00edn Demichelis al ser consultado sobre el flamante refuerzo.<\/p>\n\n\n\n<p>Por su parte, el marcador central indic\u00f3:&nbsp;<strong>\u201cEs una alegr\u00eda tremenda ir a jugar en un equipo tan grande como lo es River.<\/strong>&nbsp;Tengo unas muchas ganas de afrontar este desaf\u00edo. Todav\u00eda no lo proces\u00e9, estoy en esa etapa de cre\u00e9rmelo porque, como dije siempre, yo no estaba al tanto de todo y una vez que se hizo empec\u00e9 a disfrutarlo&#8221;.<\/p>\n\n\n\n<p>Y agreg\u00f3: &#8220;Estoy muy contento de estar en un lugar as\u00ed. Conozco mucho lo que fue (Enzo) Francescoli como jugador y me mueve mucho que me haya llamado \u00e9l, para m\u00ed es un orgullo\u201d.<\/p>\n","protected":false},"excerpt":{"rendered":"<p>El defensor se sum\u00f3 a los arribos de Ramiro Funes Mori, Facundo Colidio, Manuel Lanzini, Gonzalo &#8220;Pity&#8221; Mart\u00ednez y Nicol\u00e1s Fonseca, que se incorporar\u00e1 en diciembre de este a\u00f1o.\u00a0 River\u00a0anunci\u00f3&hellip; <\/p>\n","protected":false},"author":4,"featured_media":84052,"comment_status":"closed","ping_status":"open","sticky":false,"template":"","format":"standard","meta":{"footnotes":""},"categories":[4],"tags":[],"class_list":["post-84051","post","type-post","status-publish","format-standard","has-post-thumbnail","hentry","category-deportes"],"_links":{"self":[{"href":"https:\/\/corrientesdetarde.com\/index.php\/wp-json\/wp\/v2\/posts\/84051","targetHints":{"allow":["GET"]}}],"collection":[{"href":"https:\/\/corrientesdetarde.com\/index.php\/wp-json\/wp\/v2\/posts"}],"about":[{"href":"https:\/\/corrientesdetarde.com\/index.php\/wp-json\/wp\/v2\/types\/post"}],"author":[{"embeddable":true,"href":"https:\/\/corrientesdetarde.com\/index.php\/wp-json\/wp\/v2\/users\/4"}],"replies":[{"embeddable":true,"href":"https:\/\/corrientesdetarde.com\/index.php\/wp-json\/wp\/v2\/comments?post=84051"}],"version-history":[{"count":1,"href":"https:\/\/corrientesdetarde.com\/index.php\/wp-json\/wp\/v2\/posts\/84051\/revisions"}],"predecessor-version":[{"id":84053,"href":"https:\/\/corrientesdetarde.com\/index.php\/wp-json\/wp\/v2\/posts\/84051\/revisions\/84053"}],"wp:featuredmedia":[{"embeddable":true,"href":"https:\/\/corrientesdetarde.com\/index.php\/wp-json\/wp\/v2\/media\/84052"}],"wp:attachment":[{"href":"https:\/\/corrientesdetarde.com\/index.php\/wp-json\/wp\/v2\/media?parent=84051"}],"wp:term":[{"taxonomy":"category","embeddable":true,"href":"https:\/\/corrientesdetarde.com\/index.php\/wp-json\/wp\/v2\/categories?post=84051"},{"taxonomy":"post_tag","embeddable":true,"href":"https:\/\/corrientesdetarde.com\/index.php\/wp-json\/wp\/v2\/tags?post=84051"}],"curies":[{"name":"wp","href":"https:\/\/api.w.org\/{rel}","templated":true}]}}