{"id":8409,"date":"2022-10-04T10:09:22","date_gmt":"2022-10-04T13:09:22","guid":{"rendered":"https:\/\/corrientesdetarde.com\/?p=8409"},"modified":"2022-10-04T10:09:25","modified_gmt":"2022-10-04T13:09:25","slug":"bellas-artes-eligio-cuatro-peliculas-que-tienen-al-libro-como-eje-de-la-trama","status":"publish","type":"post","link":"https:\/\/corrientesdetarde.com\/index.php\/cultura\/bellas-artes-eligio-cuatro-peliculas-que-tienen-al-libro-como-eje-de-la-trama\/","title":{"rendered":"Bellas Artes eligi\u00f3 cuatro pel\u00edculas que tienen al libro como eje de la trama"},"content":{"rendered":"\n<p>El cine gratuito del Museo Provincial de Bellas Artes propone para este mes, cuatro pel\u00edculas en las que el libro es el eje conductor de tramas con las que el s\u00e9ptimo arte ha creado grandes historias basadas en la literatura y la fascinaci\u00f3n que solo los libros logran despertar. Los films que ser\u00e1n proyectados cada viernes a las 20 son &#8220;\u00c1gora&#8221;, &#8220;El lector&#8221;, &#8220;Ladrona de libros&#8221; y &#8220;La librer\u00eda&#8221; &nbsp;<\/p>\n\n\n\n<p>Libros, lectores, bibliotecas, librer\u00edas. Un segmento de la historia del cine se ha obsesionado particularmente con la representaci\u00f3n de la lectura, los juegos de m\u00e1scaras entre libros y pel\u00edculas, as\u00ed como con el ejercicio de la lectura como resistencia frente a contextos apremiantes. Los libros catalizan, detonan relaciones entre personajes, hacen florecer relaciones amorosas o juegan como elementos de escape; las librer\u00edas y bibliotecas, como espacios de encuentro que, a la vez que convocan, resguardan. Desde el drama, el romance y el humor, de forma directa o subrepticia, varios directores se han esforzado por reivindicar los libros y la lectura como elementos medulares para la representaci\u00f3n de la emoci\u00f3n y el pensamiento, as\u00ed como de la creaci\u00f3n cinematogr\u00e1fica misma.&nbsp;<\/p>\n\n\n\n<p>Para este mes el Cine en el Bellas Artes propone cuatro pel\u00edculas que tiene al libro como eje de su trama. &nbsp;<\/p>\n\n\n\n<p>Agora (2009)&nbsp;<\/p>\n\n\n\n<p>Una de las pel\u00edculas elegidas es Agora. En el Egipto del siglo IV, los disturbios religiosos de Alejandr\u00eda han llegado hasta los muros de la famosa biblioteca. Hypatia lucha por salvar la sabidur\u00eda del viejo mundo mientras su disc\u00edpulo y su esclavo luchan por conquistar su coraz\u00f3n.&nbsp;<\/p>\n\n\n\n<p>El lector (2008)&nbsp;<\/p>\n\n\n\n<p>El adolescente Michael Berg (David Kross) inicia un idilio con una mujer mucho mayor que \u00e9l, Hanna Schmitz (Kate Winslet), en la Alemania posterior a la Segunda Guerra Mundial. Pero ella desaparece de repente, y \u00e9l no se la vuelve a encontrar hasta ocho a\u00f1os m\u00e1s tarde, cuando, at\u00f3nito, la descubre como acusada de cr\u00edmenes contra la humanidad en un juicio contra los nazis. &nbsp;<\/p>\n\n\n\n<p>Ladrona de libros (2013)&nbsp;<\/p>\n\n\n\n<p>En la Alemania de la era nazi, el \u00c1ngel de la Muerte narra la historia de una ni\u00f1a adoptada, quien aprende a leer gracias a su padre. Ella se hace amiga de un joven jud\u00edo, cuyos padres est\u00e1n ocultando.&nbsp;<\/p>\n\n\n\n<p>La Librer\u00eda (2017)&nbsp;<\/p>\n\n\n\n<p>Inglaterra, 1959. Una joven de esp\u00edritu libre que vive en un peque\u00f1o pueblo decide, en contra de la educada e implacable oposici\u00f3n vecinal, abrir la primera librer\u00eda de la zona.\u00a0<\/p>\n\n\n\n<figure class=\"wp-block-image size-full\"><img loading=\"lazy\" decoding=\"async\" width=\"857\" height=\"477\" src=\"https:\/\/corrientesdetarde.com\/wp-content\/uploads\/2022\/10\/FireShot-Capture-1925-Bellas-Artes-eligio-cuatro-peliculas-que-tienen-al-libro-como-eje-de_-www.ellitoral.com_.ar_.png\" alt=\"\" class=\"wp-image-8411\" srcset=\"https:\/\/corrientesdetarde.com\/wp-content\/uploads\/2022\/10\/FireShot-Capture-1925-Bellas-Artes-eligio-cuatro-peliculas-que-tienen-al-libro-como-eje-de_-www.ellitoral.com_.ar_.png 857w, https:\/\/corrientesdetarde.com\/wp-content\/uploads\/2022\/10\/FireShot-Capture-1925-Bellas-Artes-eligio-cuatro-peliculas-que-tienen-al-libro-como-eje-de_-www.ellitoral.com_.ar_-300x167.png 300w, https:\/\/corrientesdetarde.com\/wp-content\/uploads\/2022\/10\/FireShot-Capture-1925-Bellas-Artes-eligio-cuatro-peliculas-que-tienen-al-libro-como-eje-de_-www.ellitoral.com_.ar_-768x427.png 768w\" sizes=\"auto, (max-width: 857px) 100vw, 857px\" \/><\/figure>\n","protected":false},"excerpt":{"rendered":"<p>El cine gratuito del Museo Provincial de Bellas Artes propone para este mes, cuatro pel\u00edculas en las que el libro es el eje conductor de tramas con las que el&hellip; <\/p>\n","protected":false},"author":1,"featured_media":8411,"comment_status":"closed","ping_status":"open","sticky":false,"template":"","format":"standard","meta":{"footnotes":""},"categories":[15],"tags":[],"class_list":["post-8409","post","type-post","status-publish","format-standard","has-post-thumbnail","hentry","category-cultura"],"_links":{"self":[{"href":"https:\/\/corrientesdetarde.com\/index.php\/wp-json\/wp\/v2\/posts\/8409","targetHints":{"allow":["GET"]}}],"collection":[{"href":"https:\/\/corrientesdetarde.com\/index.php\/wp-json\/wp\/v2\/posts"}],"about":[{"href":"https:\/\/corrientesdetarde.com\/index.php\/wp-json\/wp\/v2\/types\/post"}],"author":[{"embeddable":true,"href":"https:\/\/corrientesdetarde.com\/index.php\/wp-json\/wp\/v2\/users\/1"}],"replies":[{"embeddable":true,"href":"https:\/\/corrientesdetarde.com\/index.php\/wp-json\/wp\/v2\/comments?post=8409"}],"version-history":[{"count":1,"href":"https:\/\/corrientesdetarde.com\/index.php\/wp-json\/wp\/v2\/posts\/8409\/revisions"}],"predecessor-version":[{"id":8412,"href":"https:\/\/corrientesdetarde.com\/index.php\/wp-json\/wp\/v2\/posts\/8409\/revisions\/8412"}],"wp:featuredmedia":[{"embeddable":true,"href":"https:\/\/corrientesdetarde.com\/index.php\/wp-json\/wp\/v2\/media\/8411"}],"wp:attachment":[{"href":"https:\/\/corrientesdetarde.com\/index.php\/wp-json\/wp\/v2\/media?parent=8409"}],"wp:term":[{"taxonomy":"category","embeddable":true,"href":"https:\/\/corrientesdetarde.com\/index.php\/wp-json\/wp\/v2\/categories?post=8409"},{"taxonomy":"post_tag","embeddable":true,"href":"https:\/\/corrientesdetarde.com\/index.php\/wp-json\/wp\/v2\/tags?post=8409"}],"curies":[{"name":"wp","href":"https:\/\/api.w.org\/{rel}","templated":true}]}}