{"id":84122,"date":"2023-08-30T10:21:55","date_gmt":"2023-08-30T13:21:55","guid":{"rendered":"https:\/\/corrientesdetarde.com\/?p=84122"},"modified":"2023-08-30T10:22:07","modified_gmt":"2023-08-30T13:22:07","slug":"haran-pericia-psicologica-a-la-nina-abusada-en-una-escuela-de-corrientes","status":"publish","type":"post","link":"https:\/\/corrientesdetarde.com\/index.php\/policiales\/haran-pericia-psicologica-a-la-nina-abusada-en-una-escuela-de-corrientes\/","title":{"rendered":"har\u00e1n pericia psicol\u00f3gica a la ni\u00f1a abusada en una escuela de Corrientes"},"content":{"rendered":"\n<p>En compa\u00f1\u00eda de su madre y una asesora de Menores se realiza este mi\u00e9rcoles&nbsp;&nbsp;<strong>la pericia psicol\u00f3gica a la ni\u00f1a de 6 a\u00f1os abusada en el ba\u00f1o de la Escuela N404 &#8220;Dr Eduardo Wilde&#8221; de la ciudad de Corrientes.<\/strong><\/p>\n\n\n\n<p>Se trata de una diligencia ordenada por la fiscal Sonia Meza en el avance de la investigaci\u00f3n.&nbsp;<\/p>\n\n\n\n<p>En tanto familiares de la menor&nbsp;&nbsp;<strong>dieron a conocer que a las 13&nbsp;se realizar\u00e1 una manifestaci\u00f3n<\/strong>&nbsp; en reclamo de justicia frente al establecimiento escolar.&nbsp;<\/p>\n\n\n\n<p>Es por eso que la Polic\u00eda estar\u00e1 en el lugar de manera preventiva para evitar cualquier tipo de incidentes.<\/p>\n\n\n\n<p>Cabe recordar que el acusado de abuso es un alumno de la escuela que cursar\u00eda el quinto grado, seg\u00fan la denuncia del padre de la v\u00edctima.&nbsp;<\/p>\n\n\n\n<p>\u201cEl padre de la ni\u00f1a denunci\u00f3 que el agresor ser\u00eda un alumno de quinto grado. Sin embargo la directora del establecimiento inform\u00f3 que el d\u00eda del hecho, los alumnos de ese grado estaban realizando actividades fuera de la escuela, es decir que no se encontraban en la instituci\u00f3n y regresaron cerca de las 17:30 horas, informaci\u00f3n acreditada con &nbsp;documentaci\u00f3n\u201d, se\u00f1al\u00f3 la Fiscal Sonia Meza.&nbsp;<\/p>\n","protected":false},"excerpt":{"rendered":"<p>En compa\u00f1\u00eda de su madre y una asesora de Menores se realiza este mi\u00e9rcoles&nbsp;&nbsp;la pericia psicol\u00f3gica a la ni\u00f1a de 6 a\u00f1os abusada en el ba\u00f1o de la Escuela N404&hellip; <\/p>\n","protected":false},"author":1,"featured_media":84135,"comment_status":"closed","ping_status":"open","sticky":false,"template":"","format":"standard","meta":{"footnotes":""},"categories":[33],"tags":[],"class_list":["post-84122","post","type-post","status-publish","format-standard","has-post-thumbnail","hentry","category-policiales"],"_links":{"self":[{"href":"https:\/\/corrientesdetarde.com\/index.php\/wp-json\/wp\/v2\/posts\/84122","targetHints":{"allow":["GET"]}}],"collection":[{"href":"https:\/\/corrientesdetarde.com\/index.php\/wp-json\/wp\/v2\/posts"}],"about":[{"href":"https:\/\/corrientesdetarde.com\/index.php\/wp-json\/wp\/v2\/types\/post"}],"author":[{"embeddable":true,"href":"https:\/\/corrientesdetarde.com\/index.php\/wp-json\/wp\/v2\/users\/1"}],"replies":[{"embeddable":true,"href":"https:\/\/corrientesdetarde.com\/index.php\/wp-json\/wp\/v2\/comments?post=84122"}],"version-history":[{"count":1,"href":"https:\/\/corrientesdetarde.com\/index.php\/wp-json\/wp\/v2\/posts\/84122\/revisions"}],"predecessor-version":[{"id":84136,"href":"https:\/\/corrientesdetarde.com\/index.php\/wp-json\/wp\/v2\/posts\/84122\/revisions\/84136"}],"wp:featuredmedia":[{"embeddable":true,"href":"https:\/\/corrientesdetarde.com\/index.php\/wp-json\/wp\/v2\/media\/84135"}],"wp:attachment":[{"href":"https:\/\/corrientesdetarde.com\/index.php\/wp-json\/wp\/v2\/media?parent=84122"}],"wp:term":[{"taxonomy":"category","embeddable":true,"href":"https:\/\/corrientesdetarde.com\/index.php\/wp-json\/wp\/v2\/categories?post=84122"},{"taxonomy":"post_tag","embeddable":true,"href":"https:\/\/corrientesdetarde.com\/index.php\/wp-json\/wp\/v2\/tags?post=84122"}],"curies":[{"name":"wp","href":"https:\/\/api.w.org\/{rel}","templated":true}]}}