{"id":8420,"date":"2022-10-04T11:05:17","date_gmt":"2022-10-04T14:05:17","guid":{"rendered":"https:\/\/corrientesdetarde.com\/?p=8420"},"modified":"2022-10-05T12:51:04","modified_gmt":"2022-10-05T15:51:04","slug":"la-provincia-presento-los-nuevos-contenidos-de-la-plataforma-educaplay","status":"publish","type":"post","link":"https:\/\/corrientesdetarde.com\/index.php\/cultura\/la-provincia-presento-los-nuevos-contenidos-de-la-plataforma-educaplay\/","title":{"rendered":"La Provincia present\u00f3 los nuevos contenidos de la plataforma EducaPlay"},"content":{"rendered":"\n<p>A trav\u00e9s de la plataforma web EducaPlay, el Gobierno de Corrientes ofrece contenidos audiovisuales para los alumnos correntinos, como complemento del programa Incluir Futuro que entrega notebooks en las escuelas. Este martes, la ministra de Educaci\u00f3n, Pr\u00e1xedes L\u00f3pez present\u00f3 los nuevos contenidos dirigidos al tercer a\u00f1o del secundario<\/p>\n\n\n\n<p>&nbsp;\u201cCon estas acciones estamos dando un salto cualitativo en la educaci\u00f3n p\u00fablica\u201d, comenz\u00f3 expresando la ministra, resaltando que \u201ces la continuidad de un desaf\u00edo que nos planteamos a partir de la pandemia, con los primeros contenidos audiovisuales\u201d.&nbsp;<\/p>\n\n\n\n<p>\u201cNo nos quedamos ah\u00ed y fuimos por m\u00e1s. Se cre\u00f3 la Subsecretar\u00eda de Contenidos Audiovisuales, profundizando la pol\u00edtica inclusiva a trav\u00e9s de la educaci\u00f3n digital\u201d, se explay\u00f3 L\u00f3pez, para luego poner de relieve que se empez\u00f3 con los contenidos para primero y segundo a\u00f1o del nivel secundario, y hoy \u201cestamos presentando los dirigidos a tercer a\u00f1o\u201d.<\/p>\n\n\n\n<p>Cabe destacar que todo el material est\u00e1 realizado por docentes correntinos y son de acceso libre y gratuito a trav\u00e9s del sitio&nbsp;<a href=\"http:\/\/www.corrientesplay.ar\/educaplay\" target=\"_blank\" rel=\"noreferrer noopener\">www.corrientesplay.ar\/educaplay<\/a>.<\/p>\n\n\n\n<p>La titular de la cartera educativa dej\u00f3 en claro que \u201cexiste un trabajo muy fuerte de nuestros docentes, creando todos los d\u00edas los contenidos audiovisuales necesarios\u201d, que apuntan a \u201cpromover los aprendizajes aut\u00f3nomos\u201d.<\/p>\n\n\n\n<p>La oportunidad fue propicia para que la ministra destaque la entrega de computadoras a lo largo y a lo ancho de la provincia en el marco del programa Incluir Futuro, lo que representa una \u201cherramienta valiosa para que los alumnos accedan a la plataforma de contenidos para trabajar, tanto desde el aula como desde sus casas\u201d.<\/p>\n\n\n\n<p><strong>Presencias<\/strong><\/p>\n\n\n\n<p>Acompa\u00f1aron a la ministra la subsecretaria de Contenidos Audiovisuales, Paula Buontempo; el subsecretario de Gesti\u00f3n Educativa, Julio Navias; el director de Nivel Secundario, Sergio Guti\u00e9rrez; el coordinador t\u00e9cnico pedag\u00f3gico de EducaPlay, David Aguirre y las integrantes del equipo central de EducaPlay, Marta Cendra y Mahali Dop.<\/p>\n","protected":false},"excerpt":{"rendered":"<p>A trav\u00e9s de la plataforma web EducaPlay, el Gobierno de Corrientes ofrece contenidos audiovisuales para los alumnos correntinos, como complemento del programa Incluir Futuro que entrega notebooks en las escuelas.&hellip; <\/p>\n","protected":false},"author":4,"featured_media":8430,"comment_status":"closed","ping_status":"open","sticky":false,"template":"","format":"standard","meta":{"footnotes":""},"categories":[15],"tags":[],"class_list":["post-8420","post","type-post","status-publish","format-standard","has-post-thumbnail","hentry","category-cultura"],"_links":{"self":[{"href":"https:\/\/corrientesdetarde.com\/index.php\/wp-json\/wp\/v2\/posts\/8420","targetHints":{"allow":["GET"]}}],"collection":[{"href":"https:\/\/corrientesdetarde.com\/index.php\/wp-json\/wp\/v2\/posts"}],"about":[{"href":"https:\/\/corrientesdetarde.com\/index.php\/wp-json\/wp\/v2\/types\/post"}],"author":[{"embeddable":true,"href":"https:\/\/corrientesdetarde.com\/index.php\/wp-json\/wp\/v2\/users\/4"}],"replies":[{"embeddable":true,"href":"https:\/\/corrientesdetarde.com\/index.php\/wp-json\/wp\/v2\/comments?post=8420"}],"version-history":[{"count":1,"href":"https:\/\/corrientesdetarde.com\/index.php\/wp-json\/wp\/v2\/posts\/8420\/revisions"}],"predecessor-version":[{"id":8432,"href":"https:\/\/corrientesdetarde.com\/index.php\/wp-json\/wp\/v2\/posts\/8420\/revisions\/8432"}],"wp:featuredmedia":[{"embeddable":true,"href":"https:\/\/corrientesdetarde.com\/index.php\/wp-json\/wp\/v2\/media\/8430"}],"wp:attachment":[{"href":"https:\/\/corrientesdetarde.com\/index.php\/wp-json\/wp\/v2\/media?parent=8420"}],"wp:term":[{"taxonomy":"category","embeddable":true,"href":"https:\/\/corrientesdetarde.com\/index.php\/wp-json\/wp\/v2\/categories?post=8420"},{"taxonomy":"post_tag","embeddable":true,"href":"https:\/\/corrientesdetarde.com\/index.php\/wp-json\/wp\/v2\/tags?post=8420"}],"curies":[{"name":"wp","href":"https:\/\/api.w.org\/{rel}","templated":true}]}}