{"id":84224,"date":"2023-08-30T14:59:59","date_gmt":"2023-08-30T17:59:59","guid":{"rendered":"https:\/\/corrientesdetarde.com\/?p=84224"},"modified":"2023-08-30T15:00:11","modified_gmt":"2023-08-30T18:00:11","slug":"los-intendentes-de-jxc-le-reclaman-a-kicillof-un-fondo-extra-para-implementar-la-suma-fija","status":"publish","type":"post","link":"https:\/\/corrientesdetarde.com\/index.php\/politica\/los-intendentes-de-jxc-le-reclaman-a-kicillof-un-fondo-extra-para-implementar-la-suma-fija\/","title":{"rendered":"Los intendentes de JxC le reclaman a Kicillof un fondo extra para implementar la suma fija"},"content":{"rendered":"\n<p>Advirtieron sobre la imposibilidad de concretar el pago del bono anunciado por Sergio Massa sin asistencia de recursos e hicieron advertencias sobre la escalada inflacionaria.<\/p>\n\n\n\n<p>Los intendentes bonaerenses de\u00a0<strong>Juntos por el Cambio<\/strong>\u00a0le pidieron al gobernador bonaerense, Axel Kicillof<strong>,<\/strong>\u00a0la asignaci\u00f3n de un\u00a0<strong>\u201cfondo extraordinario\u201d<\/strong>\u00a0para concretar el pago de\u00a0<strong>$60.000<\/strong>\u00a0a los empleados municipales, tras el anuncio de la medida que hizo el ministro de Econom\u00eda,\u00a0Sergio Massa<strong>.<\/strong><\/p>\n\n\n\n<p>Expresaron en un comunicado: \u201cLos intendentes que conformamos Juntos por el Cambio manifestamos nuestra\u00a0<strong>preocupaci\u00f3n\u00a0<\/strong>por la medida anunciada por el ministro de Econom\u00eda, Sergio Massa, en relaci\u00f3n al pago de\u00a0<strong>dos sumas fijas<\/strong>\u00a0a los trabajadores. En efecto, existe una\u00a0<strong>imposibilidad<\/strong>\u00a0de la gran mayor\u00eda de los gobiernos locales de dar cumplimiento a una medida de este tipo, sin afectar seriamente sus finanzas, en muchos casos, o directamente por carecer de dichos fondos en otros\u201d.<\/p>\n\n\n\n<p>Advirtieron: \u201cLa actual coyuntura econ\u00f3mica caracterizada por un incremento constante en las demandas que deben atender nuestros municipios, el incesante&nbsp;<strong>incremento&nbsp;<\/strong>en el costo de los bienes y servicios necesarios, tanto para garantizar la prestaci\u00f3n de servicios esenciales como para dar continuidad a distintos programas de obras, que en muchos casos no contemplan redeterminaci\u00f3n de precios en los recursos acordados, nos encuentra en una situaci\u00f3n de suma restricci\u00f3n financiera y falta de disponibilidad de recursos para llevar adelante una medida como la mencionada\u201d.<\/p>\n\n\n\n<figure class=\"wp-block-image\"><img decoding=\"async\" src=\"https:\/\/tn.com.ar\/resizer\/3guP5A6a450DSWRlR1MVJ_zP0LI=\/767x0\/smart\/filters:format(webp)\/cloudfront-us-east-1.images.arcpublishing.com\/artear\/LDB7ZKKX3VCDFNU7N2XHNRJLWU.jpg\" alt=\"Intendentes bonaerenses de Juntos por el Cambio reclaman un fondo extraordinario para implementar la suma fija (Foto: prensa Juntos por el Cambio).\"\/><\/figure>\n\n\n\n<p>Dijeron que comprenden \u201cel efecto que busca este paliativo para atenuar la aceleraci\u00f3n en el deterioro de los ingreso de las familias, producto de la devaluaci\u00f3n reciente que agrava a\u00fan m\u00e1s este prolongado y creciente proceso<strong>&nbsp;inflacionario\u201d,<\/strong>&nbsp;y reclamaron que \u201cse disponga de un fondo extraordinario que permita implementar la medida en cada uno de nuestros territorios<strong>&nbsp;sin desfinanciar<\/strong>&nbsp;a los municipios o alterar su funcionamiento en un momento donde es esencial que los mismos puedan mantener su capacidad de respuesta\u201d.<\/p>\n\n\n\n<h2 class=\"wp-block-heading\">El planteo de los intendentes de la UCR a Axel Kicillof por el pago de la suma fija<\/h2>\n\n\n\n<p>Esta semana hubo una reunion entre Kicillof y cuatro intendentes radicales\u00a0\u00a0en la que los jefes comunales\u00a0<strong>Maximiliano Suescun<\/strong>\u00a0(Rauch),\u00a0<strong>Jos\u00e9 Luis Salom\u00f3n\u00a0<\/strong>(Saladillo),\u00a0<strong>Alejandro Federico<\/strong>\u00a0(Suipacha) y\u00a0<strong>Gonzalo Peluso<\/strong>\u00a0(Magdalena), le plantearon al gobernador bonaerense la\u00a0<strong>imposibilidad\u00a0<\/strong>de acceder al pago de la suma fija a municipales, como anticip\u00f3<strong>.<\/strong><\/p>\n\n\n\n<ul class=\"wp-block-list\"><li>Suescun dijo en declaraciones<strong>:<\/strong>\u00a0\u201cDejamos planteada nuestra preocupaci\u00f3n por estas medidas anunciadas por Massa: si funcionan en cascada, los municipios no tienen\u00a0<strong>ninguna posibilidad<\/strong>\u00a0de abordarlas. No tenemos acceso al cr\u00e9dito ni posibilidad de emitir dinero para costearlas\u201d.<\/li><li>Federico dijo: \u201cLa reuni\u00f3n que tuvimos con el gobernador abord\u00f3 los anuncios que hizo Massa, porque nos pueden afectar directamente, con relaci\u00f3n a los bonos para los estatales, el gobernador nos dijo que no tiene ninguna decisi\u00f3n tomada respecto de este tema. Le aclaramos que para nosotros ser\u00eda una\u00a0<strong>complicaci\u00f3n\u00a0<\/strong>muy grande, porque seguramente va a llegar el reclamo de los municipales\u201d.<\/li><\/ul>\n","protected":false},"excerpt":{"rendered":"<p>Advirtieron sobre la imposibilidad de concretar el pago del bono anunciado por Sergio Massa sin asistencia de recursos e hicieron advertencias sobre la escalada inflacionaria. Los intendentes bonaerenses de\u00a0Juntos por&hellip; <\/p>\n","protected":false},"author":8,"featured_media":84225,"comment_status":"closed","ping_status":"open","sticky":false,"template":"","format":"standard","meta":{"footnotes":""},"categories":[3],"tags":[],"class_list":["post-84224","post","type-post","status-publish","format-standard","has-post-thumbnail","hentry","category-politica"],"_links":{"self":[{"href":"https:\/\/corrientesdetarde.com\/index.php\/wp-json\/wp\/v2\/posts\/84224","targetHints":{"allow":["GET"]}}],"collection":[{"href":"https:\/\/corrientesdetarde.com\/index.php\/wp-json\/wp\/v2\/posts"}],"about":[{"href":"https:\/\/corrientesdetarde.com\/index.php\/wp-json\/wp\/v2\/types\/post"}],"author":[{"embeddable":true,"href":"https:\/\/corrientesdetarde.com\/index.php\/wp-json\/wp\/v2\/users\/8"}],"replies":[{"embeddable":true,"href":"https:\/\/corrientesdetarde.com\/index.php\/wp-json\/wp\/v2\/comments?post=84224"}],"version-history":[{"count":1,"href":"https:\/\/corrientesdetarde.com\/index.php\/wp-json\/wp\/v2\/posts\/84224\/revisions"}],"predecessor-version":[{"id":84226,"href":"https:\/\/corrientesdetarde.com\/index.php\/wp-json\/wp\/v2\/posts\/84224\/revisions\/84226"}],"wp:featuredmedia":[{"embeddable":true,"href":"https:\/\/corrientesdetarde.com\/index.php\/wp-json\/wp\/v2\/media\/84225"}],"wp:attachment":[{"href":"https:\/\/corrientesdetarde.com\/index.php\/wp-json\/wp\/v2\/media?parent=84224"}],"wp:term":[{"taxonomy":"category","embeddable":true,"href":"https:\/\/corrientesdetarde.com\/index.php\/wp-json\/wp\/v2\/categories?post=84224"},{"taxonomy":"post_tag","embeddable":true,"href":"https:\/\/corrientesdetarde.com\/index.php\/wp-json\/wp\/v2\/tags?post=84224"}],"curies":[{"name":"wp","href":"https:\/\/api.w.org\/{rel}","templated":true}]}}