{"id":84227,"date":"2023-08-30T15:06:36","date_gmt":"2023-08-30T18:06:36","guid":{"rendered":"https:\/\/corrientesdetarde.com\/?p=84227"},"modified":"2023-08-30T15:06:41","modified_gmt":"2023-08-30T18:06:41","slug":"el-gobierno-redobla-la-presion-sobre-las-empresas-por-la-suma-fija-la-tienen-para-pagar-no-se-quejen","status":"publish","type":"post","link":"https:\/\/corrientesdetarde.com\/index.php\/economia\/el-gobierno-redobla-la-presion-sobre-las-empresas-por-la-suma-fija-la-tienen-para-pagar-no-se-quejen\/","title":{"rendered":"El Gobierno redobla la presi\u00f3n sobre las empresas por la suma fija: \u201cLa tienen para pagar, no se quejen\u201d"},"content":{"rendered":"\n<p>El jefe de la AFIP, Carlos Castagneto, sali\u00f3 a cruzar a las c\u00e1maras empresarias por sus planteos contra la obligatoriedad del pago del bono y asegur\u00f3 que la ayuda estatal es suficiente para costear el bono.<\/p>\n\n\n\n<p>El jefe de la AFIP,\u00a0<strong>Carlos Castagneto<\/strong>, sali\u00f3 al cruce de las\u00a0cr\u00edticas de las c\u00e1maras empresariales\u00a0y redobl\u00f3 la presi\u00f3n por el\u00a0pago de la suma fija para trabajadores que dispuso el Gobierno, al asegurar que la ayuda estatal es suficiente para costear el bono.<\/p>\n\n\n\n<p>\u201cLas empresas\u00a0<strong>est\u00e1n en condiciones de pagar la suma fija<\/strong>. Hay una parte que subsidiamos, del 50% al 100%. El resto son las\u00a0<strong>grandes empresas en las que encontramos evasi\u00f3n constantemente<\/strong>. La tienen para pagar,\u00a0<strong>no se quejen<\/strong>\u201d, carg\u00f3 Castagneto.<\/p>\n\n\n\n<p>El funcionario reclam\u00f3 a las empresas<strong>&nbsp;\u201cque aporten cuando hay que aportar para el pa\u00eds\u201d<\/strong>&nbsp;y record\u00f3 que, en 2020, cuando el Estado le dio \u201cATP a 4 millones de trabajadores (en pandemia) estaba bien\u201d.<\/p>\n\n\n\n<p>\u201cAhora hay elecciones, entonces&nbsp;<strong>algunos sectores o c\u00e1maras juegan para la oposici\u00f3n.&nbsp;<\/strong>Te das cuenta de que los sectores m\u00e1s fuertes son los que no quieren pagarlo.&nbsp;<strong>Quieren ganar cada vez m\u00e1s y distribuir menos,<\/strong>&nbsp;cuando toda ganancia que tienen es producto de la mano de obra de sus trabajadores. Cuando la empresa est\u00e1 mejor van a tener m\u00e1s rentabilidad\u201d, desafi\u00f3.<\/p>\n\n\n\n<figure class=\"wp-block-image\"><img decoding=\"async\" src=\"https:\/\/tn.com.ar\/resizer\/rc0_JC3M3NzrDfL0zWYd2TMxAp0=\/767x0\/smart\/filters:format(webp)\/cloudfront-us-east-1.images.arcpublishing.com\/artear\/RH3JFJHU6VFKPKELSIJHMJTX3M.jpg\" alt=\"Castagneto cruz\u00f3 a las empresas en declaraciones radiales. (Foto: NA)\"\/><\/figure>\n\n\n\n<p>Castagneto asegur\u00f3 que las medidas definidas y anuncias por&nbsp;<strong>Sergio Massa<\/strong>, que incluye el pago de una&nbsp;<strong>suma fija de $60.000, en dos cuotas<\/strong>, para empleados del sector privado y p\u00fablico nacional tiene el objetivo de \u201cequiparar el golpe que ha tenido\u201d el salario despu\u00e9s de la devaluaci\u00f3n, aunque reconoci\u00f3 que \u201ccon esto no alcanza\u201d.<\/p>\n\n\n\n<h2 class=\"wp-block-heading\">Mayor control sobre Precios Justos y quita de beneficios a los incumplidores<\/h2>\n\n\n\n<p>Castagneto advirti\u00f3 que se&nbsp;<strong>reforzar\u00e1n los controles<\/strong>&nbsp;para que&nbsp;<strong>las empresas que adhirieron<\/strong>&nbsp;a&nbsp;<strong>Precios Justos<\/strong>&nbsp;cumplan con ese programa, ya que&nbsp;<strong>si no lo hacen perder\u00e1n los beneficios del acuerdo<\/strong>&nbsp;que firmaron con la Secretar\u00eda de Comercio.<\/p>\n\n\n\n<p>Como inform\u00f3<strong>\u00a0<\/strong>, este fin de semana, despu\u00e9s de anunciar la\u00a0<strong>renovaci\u00f3n de Precios Justos\u00a0<\/strong>con topes de aumento de 5% hasta noviembre y las fuertes cr\u00edticas del sector empresario, el Ejecutivo emiti\u00f3 un decreto que establece menos carga tributaria en el comercio exterior para las firmas que adhieran al programa.\u00a0<\/p>\n\n\n\n<p>\u201cEl Estado ha hecho un gran esfuerzo con los acuerdos de precios.\u00a0<strong>Las empresas no van a perder, sino que van a ganar un poquito menos<\/strong>\u201d, justific\u00f3 el jefe de la AFIP.<\/p>\n\n\n\n<p>En cuanto a las medidas lanzadas el fin de semana, Castagneto plante\u00f3 que \u201csignifican casi 0,5% del PIB, y son un gran esfuerzo que est\u00e1 haciendo el Gobierno, en cabeza de Massa, para&nbsp;<strong>equilibrar un poco las cuentas de la gente<\/strong>&nbsp;en funci\u00f3n de la devaluaci\u00f3n que hubo que hacerse por pedido del FMI (Fondo Monetario Internacional)\u201d.<\/p>\n\n\n\n<p>Y destac\u00f3 las&nbsp;<strong>medidas destinadas a monotributistas<\/strong>&nbsp;y contextualiz\u00f3 que \u201cun 30% a veces se atrasa un poco con los aportes\u201d, y detall\u00f3 que \u201cuna de las medidas que tomamos es que no pagaran el componente impositivo de las categor\u00edas A a D\u201d.<\/p>\n\n\n\n<p>\u201cLo m\u00e1s importante es que puedan acceder a&nbsp;<strong>cr\u00e9dito subsidiado al 50% de la tasa bancaria<\/strong>, y tambi\u00e9n el Monotributo productivo, que alcanza a 188.346 monotributistas\u201d, destac\u00f3.<\/p>\n","protected":false},"excerpt":{"rendered":"<p>El jefe de la AFIP, Carlos Castagneto, sali\u00f3 a cruzar a las c\u00e1maras empresarias por sus planteos contra la obligatoriedad del pago del bono y asegur\u00f3 que la ayuda estatal&hellip; <\/p>\n","protected":false},"author":8,"featured_media":84228,"comment_status":"closed","ping_status":"open","sticky":false,"template":"","format":"standard","meta":{"footnotes":""},"categories":[20],"tags":[],"class_list":["post-84227","post","type-post","status-publish","format-standard","has-post-thumbnail","hentry","category-economia"],"_links":{"self":[{"href":"https:\/\/corrientesdetarde.com\/index.php\/wp-json\/wp\/v2\/posts\/84227","targetHints":{"allow":["GET"]}}],"collection":[{"href":"https:\/\/corrientesdetarde.com\/index.php\/wp-json\/wp\/v2\/posts"}],"about":[{"href":"https:\/\/corrientesdetarde.com\/index.php\/wp-json\/wp\/v2\/types\/post"}],"author":[{"embeddable":true,"href":"https:\/\/corrientesdetarde.com\/index.php\/wp-json\/wp\/v2\/users\/8"}],"replies":[{"embeddable":true,"href":"https:\/\/corrientesdetarde.com\/index.php\/wp-json\/wp\/v2\/comments?post=84227"}],"version-history":[{"count":1,"href":"https:\/\/corrientesdetarde.com\/index.php\/wp-json\/wp\/v2\/posts\/84227\/revisions"}],"predecessor-version":[{"id":84229,"href":"https:\/\/corrientesdetarde.com\/index.php\/wp-json\/wp\/v2\/posts\/84227\/revisions\/84229"}],"wp:featuredmedia":[{"embeddable":true,"href":"https:\/\/corrientesdetarde.com\/index.php\/wp-json\/wp\/v2\/media\/84228"}],"wp:attachment":[{"href":"https:\/\/corrientesdetarde.com\/index.php\/wp-json\/wp\/v2\/media?parent=84227"}],"wp:term":[{"taxonomy":"category","embeddable":true,"href":"https:\/\/corrientesdetarde.com\/index.php\/wp-json\/wp\/v2\/categories?post=84227"},{"taxonomy":"post_tag","embeddable":true,"href":"https:\/\/corrientesdetarde.com\/index.php\/wp-json\/wp\/v2\/tags?post=84227"}],"curies":[{"name":"wp","href":"https:\/\/api.w.org\/{rel}","templated":true}]}}