{"id":84319,"date":"2023-08-30T21:09:43","date_gmt":"2023-08-31T00:09:43","guid":{"rendered":"https:\/\/corrientesdetarde.com\/?p=84319"},"modified":"2023-08-30T21:09:54","modified_gmt":"2023-08-31T00:09:54","slug":"video-el-impresionante-recibimiento-de-la-hinchada-de-racing-al-plantel-antes-del-partido-con-boca","status":"publish","type":"post","link":"https:\/\/corrientesdetarde.com\/index.php\/deportes\/video-el-impresionante-recibimiento-de-la-hinchada-de-racing-al-plantel-antes-del-partido-con-boca\/","title":{"rendered":"Video: el impresionante recibimiento de la hinchada de Racing al plantel antes del partido con Boca"},"content":{"rendered":"\n<p>Una multitud recibi\u00f3 a los jugadores en las inmediaciones del Cilindro a la espera del encuentro clave por la Copa Libertadores.<\/p>\n\n\n\n<p><strong>Una multitud de hinchas de Racing recibi\u00f3 al micro del plantel en las inmediaciones del Cilindro\u00a0en la antesala del partido clave frente a Boca<\/strong>\u00a0por la revancha de los cuartos de final de la Copa Libertadores.<\/p>\n\n\n\n<p>Una gran cantidad de fan\u00e1ticos dijo presente desde temprano en el estadio y, con fuegos artificiales y entonando las canciones de cancha caracter\u00edsticas de la &#8220;Academia&#8221;, acompa\u00f1\u00f3 a los jugadores en el ingreso al Presidente Per\u00f3n.<\/p>\n\n\n\n<figure class=\"wp-block-embed is-type-rich is-provider-twitter wp-block-embed-twitter\"><div class=\"wp-block-embed__wrapper\">\n<blockquote class=\"twitter-tweet\" data-width=\"550\" data-dnt=\"true\"><p lang=\"es\" dir=\"ltr\">\u00a1IMPRESIONANTE RECIBIMIENTO PARA RACING EN LOS ALREDEDORES DEL CILINDRO!<br><br>\ud83d\udcfa Mir\u00e1 la CONMEBOL <a href=\"https:\/\/twitter.com\/hashtag\/Libertadores?src=hash&amp;ref_src=twsrc%5Etfw\">#Libertadores<\/a> por <a href=\"https:\/\/twitter.com\/hashtag\/StarPlusLA?src=hash&amp;ref_src=twsrc%5Etfw\">#StarPlusLA<\/a> <a href=\"https:\/\/t.co\/46cXZze7oi\">pic.twitter.com\/46cXZze7oi<\/a><\/p>&mdash; SportsCenter (@SC_ESPN) <a href=\"https:\/\/twitter.com\/SC_ESPN\/status\/1697018704851026079?ref_src=twsrc%5Etfw\">August 30, 2023<\/a><\/blockquote><script async src=\"https:\/\/platform.twitter.com\/widgets.js\" charset=\"utf-8\"><\/script>\n<\/div><\/figure>\n\n\n\n<p><strong>Racing definir\u00e1 la serie en condici\u00f3n de local y ante su gente luego de empatar sin goles en La Bombonera en el choque de ida<\/strong>, en busca del pasaje a las semifinales del certamen continental.<\/p>\n\n\n\n<p><a href=\"https:\/\/noticiasargentinas.com\/deportes\/renuncio-gabriel-milito-como-entrenador-de-argentinos-juniors\" target=\"_blank\" rel=\"noreferrer noopener\"><\/a><\/p>\n","protected":false},"excerpt":{"rendered":"<p>Una multitud recibi\u00f3 a los jugadores en las inmediaciones del Cilindro a la espera del encuentro clave por la Copa Libertadores. Una multitud de hinchas de Racing recibi\u00f3 al micro&hellip; <\/p>\n","protected":false},"author":4,"featured_media":84323,"comment_status":"closed","ping_status":"open","sticky":false,"template":"","format":"standard","meta":{"footnotes":""},"categories":[4],"tags":[],"class_list":["post-84319","post","type-post","status-publish","format-standard","has-post-thumbnail","hentry","category-deportes"],"_links":{"self":[{"href":"https:\/\/corrientesdetarde.com\/index.php\/wp-json\/wp\/v2\/posts\/84319","targetHints":{"allow":["GET"]}}],"collection":[{"href":"https:\/\/corrientesdetarde.com\/index.php\/wp-json\/wp\/v2\/posts"}],"about":[{"href":"https:\/\/corrientesdetarde.com\/index.php\/wp-json\/wp\/v2\/types\/post"}],"author":[{"embeddable":true,"href":"https:\/\/corrientesdetarde.com\/index.php\/wp-json\/wp\/v2\/users\/4"}],"replies":[{"embeddable":true,"href":"https:\/\/corrientesdetarde.com\/index.php\/wp-json\/wp\/v2\/comments?post=84319"}],"version-history":[{"count":1,"href":"https:\/\/corrientesdetarde.com\/index.php\/wp-json\/wp\/v2\/posts\/84319\/revisions"}],"predecessor-version":[{"id":84324,"href":"https:\/\/corrientesdetarde.com\/index.php\/wp-json\/wp\/v2\/posts\/84319\/revisions\/84324"}],"wp:featuredmedia":[{"embeddable":true,"href":"https:\/\/corrientesdetarde.com\/index.php\/wp-json\/wp\/v2\/media\/84323"}],"wp:attachment":[{"href":"https:\/\/corrientesdetarde.com\/index.php\/wp-json\/wp\/v2\/media?parent=84319"}],"wp:term":[{"taxonomy":"category","embeddable":true,"href":"https:\/\/corrientesdetarde.com\/index.php\/wp-json\/wp\/v2\/categories?post=84319"},{"taxonomy":"post_tag","embeddable":true,"href":"https:\/\/corrientesdetarde.com\/index.php\/wp-json\/wp\/v2\/tags?post=84319"}],"curies":[{"name":"wp","href":"https:\/\/api.w.org\/{rel}","templated":true}]}}