{"id":84384,"date":"2023-08-30T22:58:38","date_gmt":"2023-08-31T01:58:38","guid":{"rendered":"https:\/\/corrientesdetarde.com\/?p=84384"},"modified":"2023-08-30T22:58:44","modified_gmt":"2023-08-31T01:58:44","slug":"el-accidente-aereo-de-prigozhin-pudo-ser-provocado-deliberadamente-segun-el-kremlin","status":"publish","type":"post","link":"https:\/\/corrientesdetarde.com\/index.php\/internacionales\/el-accidente-aereo-de-prigozhin-pudo-ser-provocado-deliberadamente-segun-el-kremlin\/","title":{"rendered":"El accidente a\u00e9reo de Prigozhin pudo ser provocado deliberadamente, seg\u00fan el Kremlin"},"content":{"rendered":"\n<p>Por otra parte, Rusia inform\u00f3 a la autoridad brasile\u00f1a de investigaci\u00f3n aeron\u00e1utica que no investigar\u00e1 el accidente del avi\u00f3n Embraer, seg\u00fan las normas internacionales &#8220;por el momento&#8221;.<\/p>\n\n\n\n<p><strong>El Kremlin&nbsp;<\/strong>ventil\u00f3 este mi\u00e9rcoles que<strong>&nbsp;la&nbsp;investigaci\u00f3n sobre el accidente a\u00e9reo en el que muri\u00f3 el jefe de&nbsp;los mercenarios Yevgeny Prigozhin inclu\u00eda la posibilidad de que&nbsp;fuera causado deliberadamente,&nbsp;<\/strong>su primer reconocimiento expl\u00edcito&nbsp;de que pudo haber sido asesinado.<\/p>\n\n\n\n<p><strong>&#8220;Es obvio que se barajan distintas versiones, incluida la de&nbsp; \u2014ya saben de qu\u00e9 estamos hablando\u2014 digamos que de una atrocidad&nbsp;deliberada&#8221;, declar\u00f3 a la prensa el portavoz del Kremlin,<\/strong>&nbsp;Dmitri&nbsp;Peskov.<\/p>\n\n\n\n<p><strong>El avi\u00f3n privado Embraer en el que Prigozhin viajaba a San\u00a0Petersburgo desde Mosc\u00fa se estrell\u00f3 el 23 de agosto al norte de\u00a0Mosc\u00fa\u00a0y murieron las 10 personas que iban a bordo<\/strong>, entre ellas\u00a0otras dos altas personalidades de Wagner, sus cuatro\u00a0guardaespaldas y una tripulaci\u00f3n de tres personas.<\/p>\n\n\n\n<p><strong>La causa a\u00fan no est\u00e1 clara<\/strong>, pero los vecinos de la zona declararon&nbsp;a la agencia de noticias Reuters que oyeron un estruendo y vieron c\u00f3mo el avi\u00f3n ca\u00eda en&nbsp;picada.<\/p>\n\n\n\n<p><strong>El avi\u00f3n se estrell\u00f3 exactamente dos meses despu\u00e9s de que&nbsp;Prigozhin tomara el control de la ciudad meridional de Rostov&nbsp;<\/strong>a&nbsp;finales de junio, un mot\u00edn que sacudi\u00f3 los&nbsp;cimientos de la Rusia del presidente Vladimir Putin.<\/p>\n\n\n\n<p>Preguntado por ese informe,&nbsp;<strong>Peskov respondi\u00f3: &#8220;En primer lugar, la&nbsp;investigaci\u00f3n est\u00e1 en marcha, el Comit\u00e9 de Investigaci\u00f3n se dedica&nbsp;a ello. En este caso no se puede hablar de ning\u00fan aspecto internacional&#8221;.<\/strong><\/p>\n\n\n\n<p><strong>Seg\u00fan la&nbsp;<\/strong><strong>Organizaci\u00f3n de Aviaci\u00f3n Civil Internacional (OACI) de las&nbsp;<\/strong><strong>Naciones Unidas,&nbsp;<\/strong>con sede en Montreal,<strong>&nbsp;el vuelo procedente de&nbsp;<\/strong><strong>Mosc\u00fa con destino a San Petersburgo era nacional,&nbsp;<\/strong>por lo que no&nbsp;est\u00e1 sujeto a las normas internacionales conocidas en la industria&nbsp;por su nombre legal &#8220;Anexo 13&#8221;.<\/p>\n","protected":false},"excerpt":{"rendered":"<p>Por otra parte, Rusia inform\u00f3 a la autoridad brasile\u00f1a de investigaci\u00f3n aeron\u00e1utica que no investigar\u00e1 el accidente del avi\u00f3n Embraer, seg\u00fan las normas internacionales &#8220;por el momento&#8221;. El Kremlin&nbsp;ventil\u00f3 este&hellip; <\/p>\n","protected":false},"author":4,"featured_media":84389,"comment_status":"closed","ping_status":"open","sticky":false,"template":"","format":"standard","meta":{"footnotes":""},"categories":[11],"tags":[],"class_list":["post-84384","post","type-post","status-publish","format-standard","has-post-thumbnail","hentry","category-internacionales"],"_links":{"self":[{"href":"https:\/\/corrientesdetarde.com\/index.php\/wp-json\/wp\/v2\/posts\/84384","targetHints":{"allow":["GET"]}}],"collection":[{"href":"https:\/\/corrientesdetarde.com\/index.php\/wp-json\/wp\/v2\/posts"}],"about":[{"href":"https:\/\/corrientesdetarde.com\/index.php\/wp-json\/wp\/v2\/types\/post"}],"author":[{"embeddable":true,"href":"https:\/\/corrientesdetarde.com\/index.php\/wp-json\/wp\/v2\/users\/4"}],"replies":[{"embeddable":true,"href":"https:\/\/corrientesdetarde.com\/index.php\/wp-json\/wp\/v2\/comments?post=84384"}],"version-history":[{"count":1,"href":"https:\/\/corrientesdetarde.com\/index.php\/wp-json\/wp\/v2\/posts\/84384\/revisions"}],"predecessor-version":[{"id":84390,"href":"https:\/\/corrientesdetarde.com\/index.php\/wp-json\/wp\/v2\/posts\/84384\/revisions\/84390"}],"wp:featuredmedia":[{"embeddable":true,"href":"https:\/\/corrientesdetarde.com\/index.php\/wp-json\/wp\/v2\/media\/84389"}],"wp:attachment":[{"href":"https:\/\/corrientesdetarde.com\/index.php\/wp-json\/wp\/v2\/media?parent=84384"}],"wp:term":[{"taxonomy":"category","embeddable":true,"href":"https:\/\/corrientesdetarde.com\/index.php\/wp-json\/wp\/v2\/categories?post=84384"},{"taxonomy":"post_tag","embeddable":true,"href":"https:\/\/corrientesdetarde.com\/index.php\/wp-json\/wp\/v2\/tags?post=84384"}],"curies":[{"name":"wp","href":"https:\/\/api.w.org\/{rel}","templated":true}]}}