{"id":84421,"date":"2023-08-31T08:15:16","date_gmt":"2023-08-31T11:15:16","guid":{"rendered":"https:\/\/corrientesdetarde.com\/?p=84421"},"modified":"2023-08-31T08:15:19","modified_gmt":"2023-08-31T11:15:19","slug":"servicios-de-cable-e-internet-anunciaron-el-aumento-mas-grande-del-ano","status":"publish","type":"post","link":"https:\/\/corrientesdetarde.com\/index.php\/economia\/servicios-de-cable-e-internet-anunciaron-el-aumento-mas-grande-del-ano\/","title":{"rendered":"servicios de Cable e internet anunciaron el aumento m\u00e1s grande del a\u00f1o"},"content":{"rendered":"\n<p>Los aumentos en el cable, el internet y la telefon\u00eda fija y m\u00f3vil no cesan en Corrientes. Asimismo para los pr\u00f3ximos meses el panorama ser\u00e1 a\u00fan m\u00e1s complicado, ya que la tendencia y las perspectivas de la inflaci\u00f3n demuestran que los porcentajes de incrementos se mantendr\u00e1n por arriba del 10%. En el medio, conviven una resoluci\u00f3n del Gobierno nacional que nadie cumple hace cinco meses, y organismos que est\u00e1n lejos de efectivizar estas medidas.<\/p>\n\n\n\n<p>Las dos empresas con m\u00e1s cobertura territorial en la ciudad de Corrientes informaron las modificaciones en el cuadro tarifario esta semana. &#8220;Se incrementar\u00e1n los precios de los servicios de televisi\u00f3n y packs, internet en el hogar, telefon\u00eda fija nacional, adicionales y otros cargos hasta un 15%&#8221;, anunci\u00f3 en las boletas de este mes Personal Flow (antes Cablevisi\u00f3n y Fibertel). En tanto, Gigared SA hizo lo propio: &#8220;Informamos que a partir del 1 de octubre los precios de TV e internet subir\u00e1n hasta un 15%&#8221;.<\/p>\n\n\n\n<p>De esta forma, las firmas acumulan un aumento de un 32% en los \u00faltimos cuatro meses que llegar\u00e1 a un 47% en septiembre. Vale recordar que el Gobierno nacional autoriz\u00f3 aumentos solo del 4,5% desde el primer d\u00eda de cada mes posterior a mayo de 2023, sucesivamente, y hasta diciembre, inclusive. Estos incrementos se iban a aplicar de acuerdo al precio anterior de cada factura. Sin embargo, la evidencia muestra que los montos fueron superados ampliamente y van camino a un 60% en seis meses.<\/p>\n\n\n\n<p><strong>Subas en septiembre<\/strong><br>&nbsp;<\/p>\n\n\n\n<p>Las empresas de clave e internet domiciliario aplicaran el mes pr\u00f3ximo actualizaciones en sus tarifas en torno al 6%. En tanto, Personal pasar\u00e1 desde el 21 de septiembre el costo del SMS de $22 a $24 (9%); el minuto de voz de $87,80 a $96,30 (9,7%), y el primer bloque de 500 MB por d\u00eda de $110 a $120 (9%).<\/p>\n\n\n\n<p><strong>El plan b\u00e1sico de Netflix se encarece un 67%<\/strong><\/p>\n\n\n\n<p>La plataforma de streaming inform\u00f3 los incrementos del mes de septiembre en todos sus planes. As\u00ed, el plan b\u00e1sico pasar\u00e1 de $1.738,30 a $2.902, 24.(+1.163,94 \/67%). Mientras que los servicios m\u00e1s costosos como Plan Est\u00e1ndar alcanzar\u00e1 a $4,926.24; y el Plan Premium a $7,038.24. Costos teniendo en cuenta impuestos.<\/p>\n","protected":false},"excerpt":{"rendered":"<p>Los aumentos en el cable, el internet y la telefon\u00eda fija y m\u00f3vil no cesan en Corrientes. Asimismo para los pr\u00f3ximos meses el panorama ser\u00e1 a\u00fan m\u00e1s complicado, ya que&hellip; <\/p>\n","protected":false},"author":1,"featured_media":84429,"comment_status":"closed","ping_status":"open","sticky":false,"template":"","format":"standard","meta":{"footnotes":""},"categories":[23,20],"tags":[],"class_list":["post-84421","post","type-post","status-publish","format-standard","has-post-thumbnail","hentry","category-actualidad","category-economia"],"_links":{"self":[{"href":"https:\/\/corrientesdetarde.com\/index.php\/wp-json\/wp\/v2\/posts\/84421","targetHints":{"allow":["GET"]}}],"collection":[{"href":"https:\/\/corrientesdetarde.com\/index.php\/wp-json\/wp\/v2\/posts"}],"about":[{"href":"https:\/\/corrientesdetarde.com\/index.php\/wp-json\/wp\/v2\/types\/post"}],"author":[{"embeddable":true,"href":"https:\/\/corrientesdetarde.com\/index.php\/wp-json\/wp\/v2\/users\/1"}],"replies":[{"embeddable":true,"href":"https:\/\/corrientesdetarde.com\/index.php\/wp-json\/wp\/v2\/comments?post=84421"}],"version-history":[{"count":1,"href":"https:\/\/corrientesdetarde.com\/index.php\/wp-json\/wp\/v2\/posts\/84421\/revisions"}],"predecessor-version":[{"id":84430,"href":"https:\/\/corrientesdetarde.com\/index.php\/wp-json\/wp\/v2\/posts\/84421\/revisions\/84430"}],"wp:featuredmedia":[{"embeddable":true,"href":"https:\/\/corrientesdetarde.com\/index.php\/wp-json\/wp\/v2\/media\/84429"}],"wp:attachment":[{"href":"https:\/\/corrientesdetarde.com\/index.php\/wp-json\/wp\/v2\/media?parent=84421"}],"wp:term":[{"taxonomy":"category","embeddable":true,"href":"https:\/\/corrientesdetarde.com\/index.php\/wp-json\/wp\/v2\/categories?post=84421"},{"taxonomy":"post_tag","embeddable":true,"href":"https:\/\/corrientesdetarde.com\/index.php\/wp-json\/wp\/v2\/tags?post=84421"}],"curies":[{"name":"wp","href":"https:\/\/api.w.org\/{rel}","templated":true}]}}