{"id":84458,"date":"2023-08-31T09:37:42","date_gmt":"2023-08-31T12:37:42","guid":{"rendered":"https:\/\/corrientesdetarde.com\/?p=84458"},"modified":"2023-08-31T09:37:53","modified_gmt":"2023-08-31T12:37:53","slug":"niveles-hidrometricos-de-los-rios-parana-y-uruguay","status":"publish","type":"post","link":"https:\/\/corrientesdetarde.com\/index.php\/medio-ambiente\/niveles-hidrometricos-de-los-rios-parana-y-uruguay\/","title":{"rendered":"Niveles hidrom\u00e9tricos de los r\u00edos Paran\u00e1 y Uruguay"},"content":{"rendered":"\n<p><\/p>\n\n\n\n<p>El informe semanal del Instituto Nacional del Agua (INA), publicado por el Instituto Correntino del Agua y del Ambiente (ICAA) en su sitio web\u00a0<a rel=\"noreferrer noopener\" href=\"https:\/\/4ue34.r.a.d.sendibm1.com\/mk\/cl\/f\/sh\/6rqJfgq8dINmNvd2HB7mP7OK8Ju\/0KIMCXM_3UKj\" target=\"_blank\">www.icaa.gov.ar<\/a>\u00a0\u00a0se\u00f1ala que el r\u00edo Paran\u00e1 en territorio argentino se encuentra en \u00a0ascenso, mientras que el r\u00edo Uruguay, se observa en gradual descenso, en tramo Santo Tom\u00e9- Paso de los Libres.<\/p>\n\n\n<div class=\"wp-block-image\">\n<figure class=\"aligncenter size-full is-resized\"><img loading=\"lazy\" decoding=\"async\" src=\"https:\/\/corrientesdetarde.com\/wp-content\/uploads\/2023\/08\/image-883.png\" alt=\"\" class=\"wp-image-84462\" width=\"554\" height=\"397\" srcset=\"https:\/\/corrientesdetarde.com\/wp-content\/uploads\/2023\/08\/image-883.png 310w, https:\/\/corrientesdetarde.com\/wp-content\/uploads\/2023\/08\/image-883-300x215.png 300w\" sizes=\"auto, (max-width: 554px) 100vw, 554px\" \/><\/figure>\n<\/div>\n\n\n<p>En la \u00faltima semana no se registraron precipitaciones significativas. Para la pr\u00f3xima semana se destacan precipitaciones moderadas o abundantes sobre el tramo Yacyret\u00e1 &#8211; Goya. En el resto de la cuenca se esperan precipitaciones leves.<\/p>\n\n\n\n<p>El nivel hidrom\u00e9trico en las secciones superiores del r\u00edo Paran\u00e1, en el tramo Corrientes-Goya, se observ\u00f3 en ascenso, en rango de aguas bajas a medias bajas, con recuperaci\u00f3n sostenida de los valores de base, por efecto de una mayor erogaci\u00f3n de Yacyret\u00e1.<\/p>\n\n\n\n<p>Se prev\u00e9 que, al menos, se sostengan los valores de base en niveles superiores a los precedentes o, inclusive, que se produzca un ascenso mayor en caso de observarse el escenario de lluvias previsto para el tramo paraguayo &#8211; argentino, incrementando los valores de punta hacia aguas medias.<\/p>\n\n\n\n<p>En el r\u00edo Uruguay, sobre el tramo Santo Tom\u00e9 &#8211; Paso de los Libres, el nivel hidrom\u00e9trico se observa en gradual descenso con significativa recuperaci\u00f3n de los niveles de base, en rango propio de aguas medias.<\/p>\n","protected":false},"excerpt":{"rendered":"<p>El informe semanal del Instituto Nacional del Agua (INA), publicado por el Instituto Correntino del Agua y del Ambiente (ICAA) en su sitio web\u00a0www.icaa.gov.ar\u00a0\u00a0se\u00f1ala que el r\u00edo Paran\u00e1 en territorio&hellip; <\/p>\n","protected":false},"author":1,"featured_media":84463,"comment_status":"closed","ping_status":"open","sticky":false,"template":"","format":"standard","meta":{"footnotes":""},"categories":[6],"tags":[],"class_list":["post-84458","post","type-post","status-publish","format-standard","has-post-thumbnail","hentry","category-medio-ambiente"],"_links":{"self":[{"href":"https:\/\/corrientesdetarde.com\/index.php\/wp-json\/wp\/v2\/posts\/84458","targetHints":{"allow":["GET"]}}],"collection":[{"href":"https:\/\/corrientesdetarde.com\/index.php\/wp-json\/wp\/v2\/posts"}],"about":[{"href":"https:\/\/corrientesdetarde.com\/index.php\/wp-json\/wp\/v2\/types\/post"}],"author":[{"embeddable":true,"href":"https:\/\/corrientesdetarde.com\/index.php\/wp-json\/wp\/v2\/users\/1"}],"replies":[{"embeddable":true,"href":"https:\/\/corrientesdetarde.com\/index.php\/wp-json\/wp\/v2\/comments?post=84458"}],"version-history":[{"count":1,"href":"https:\/\/corrientesdetarde.com\/index.php\/wp-json\/wp\/v2\/posts\/84458\/revisions"}],"predecessor-version":[{"id":84464,"href":"https:\/\/corrientesdetarde.com\/index.php\/wp-json\/wp\/v2\/posts\/84458\/revisions\/84464"}],"wp:featuredmedia":[{"embeddable":true,"href":"https:\/\/corrientesdetarde.com\/index.php\/wp-json\/wp\/v2\/media\/84463"}],"wp:attachment":[{"href":"https:\/\/corrientesdetarde.com\/index.php\/wp-json\/wp\/v2\/media?parent=84458"}],"wp:term":[{"taxonomy":"category","embeddable":true,"href":"https:\/\/corrientesdetarde.com\/index.php\/wp-json\/wp\/v2\/categories?post=84458"},{"taxonomy":"post_tag","embeddable":true,"href":"https:\/\/corrientesdetarde.com\/index.php\/wp-json\/wp\/v2\/tags?post=84458"}],"curies":[{"name":"wp","href":"https:\/\/api.w.org\/{rel}","templated":true}]}}