{"id":84507,"date":"2023-08-31T14:28:49","date_gmt":"2023-08-31T17:28:49","guid":{"rendered":"https:\/\/corrientesdetarde.com\/?p=84507"},"modified":"2023-08-31T14:28:52","modified_gmt":"2023-08-31T17:28:52","slug":"el-ministro-cardozo-realizo-la-apertura-de-la-jornada-de-actualizacion-en-obstetricia","status":"publish","type":"post","link":"https:\/\/corrientesdetarde.com\/index.php\/bienestar-y-salud\/el-ministro-cardozo-realizo-la-apertura-de-la-jornada-de-actualizacion-en-obstetricia\/","title":{"rendered":"El ministro Cardozo realiz\u00f3 la apertura de la Jornada de actualizaci\u00f3n en Obstetricia"},"content":{"rendered":"\n<p><em>Se desarroll\u00f3 en el marco del D\u00eda Internacional de la Obstetricia y de la Embarazada. En la oportunidad se realiz\u00f3 un reconocimiento al doctor Hip\u00f3lito Sodero, por su dedicaci\u00f3n en la humanizaci\u00f3n del parto y sus ense\u00f1anzas a estudiantes de Medicina y de la Salud Materno Neonatal.<\/em><\/p>\n\n\n\n<p>El ministro de Salud P\u00fablica,&nbsp;Ricardo Cardozo, realiz\u00f3 este jueves la apertura de la Jornada de actualizaci\u00f3n en Obstetricia, que se desarroll\u00f3 en la sede del Colegio M\u00e9dico de Corrientes. Participaron m\u00e1s de 100 profesionales de toda la provincia.<\/p>\n\n\n\n<p>En la oportunidad, el Ministro junto al subsecretario de Salud Materno Infanto Juvenil, Carlos Casella, entreg\u00f3 un reconocimiento al Dr. Hip\u00f3lito Sodero, por su dedicaci\u00f3n en la humanizaci\u00f3n del parto y sus ense\u00f1anzas a estudiantes de Medicina y de la Salud Materno Neonatal.&nbsp;<br>Tambi\u00e9n se distingui\u00f3 a las obstetras Norma Ram\u00edrez de APS de la Municipalidad de Corrientes, Norma Arguello del hospital de Ber\u00f3n de Astrada y Luisa Niveyro del hospital de Curuz\u00fa Cuati\u00e1, por su desempe\u00f1o y trayectoria en la profesi\u00f3n.&nbsp;<br>Del acto de apertura tambi\u00e9n participaron el presidente del Colegio M\u00e9dico, Pedro Espinosa; la directora de Obstetricia, Vanesa Aymerich, Subsecretarios y Directores del Ministerio de Salud P\u00fablica y profesionales de la obstetricia. &nbsp;<\/p>\n\n\n\n<p>El ministro de Salud P\u00fablica, Ricardo Cardozo, en primer lugar, destac\u00f3 a los profesionales que se desempe\u00f1an en la especialidad, \u201chay que reconocer a quienes hicieron historia en la provincia, como lo son los doctores Sodero y Casella, dos pilares con los que compart\u00ed el frente de batalla, muchos a\u00f1os tratando de que los chicos nacieran bien y de que las madres tuvieran los mejores partos. Quiero en la figura de ellos rendir un homenaje y que se sepa qui\u00e9nes fueron los hacedores de la medicina y la obstetricia de Corrientes\u201d.<br>\u201cLes deseo una buena profesi\u00f3n, que sigamos trabajando en post de mejorar nuestros indicadores\u201d, dijo y remarc\u00f3 \u201clo primordial es la buena atenci\u00f3n a las mujeres durante el embarazo y el parto humanizado, con sumo respeto y por supuesto, con la mayor capacidad t\u00e9cnica que puedan lograr, desde el Ministerio vamos a apoyar esto siempre\u201d, remarc\u00f3.&nbsp;<br>Continuando en este camino, de jerarquizar la profesi\u00f3n, adelant\u00f3 que \u201crealizaremos la gestiones con el Ministerio de Educaci\u00f3n para continuar con la carrera de obstetricia. Ustedes son fundamentales para el control y lo que est\u00e1 pasando a trav\u00e9s de las residencias que, con Vanesa, hemos abierto a lo largo y a lo ancho de la provincia en materia de obstetricia, que est\u00e1n cambiando la historia del control de los embarazos en esos lugares que antes no ten\u00edan. Hoy esto est\u00e1 cambiando gracias a ustedes, por eso les digo que aprovechen su juventud y la capacitaci\u00f3n en este momento de su vida para poder dar todo lo posible para las embarazadas de Corrientes\u201d.<\/p>\n\n\n\n<p>Dirigi\u00e9ndose al doctor Hip\u00f3lito Sodero dijo \u201cgracias por tu tarea, la provincia te lo agradece, gracias por tu trayectoria y por todo lo que has hecho, yo de vos aprend\u00ed much\u00edsimo por sobre todo de tu profesionalismo, experiencia y sabidur\u00eda\u201d.<\/p>\n\n\n\n<figure class=\"wp-block-image size-large\"><img loading=\"lazy\" decoding=\"async\" width=\"1024\" height=\"768\" src=\"https:\/\/corrientesdetarde.com\/wp-content\/uploads\/2023\/08\/image-890-1024x768.png\" alt=\"\" class=\"wp-image-84508\" srcset=\"https:\/\/corrientesdetarde.com\/wp-content\/uploads\/2023\/08\/image-890-1024x768.png 1024w, https:\/\/corrientesdetarde.com\/wp-content\/uploads\/2023\/08\/image-890-300x225.png 300w, https:\/\/corrientesdetarde.com\/wp-content\/uploads\/2023\/08\/image-890-768x576.png 768w, https:\/\/corrientesdetarde.com\/wp-content\/uploads\/2023\/08\/image-890.png 1280w\" sizes=\"auto, (max-width: 1024px) 100vw, 1024px\" \/><\/figure>\n\n\n\n<figure class=\"wp-block-image size-large\"><img loading=\"lazy\" decoding=\"async\" width=\"1024\" height=\"768\" src=\"https:\/\/corrientesdetarde.com\/wp-content\/uploads\/2023\/08\/image-893-1024x768.png\" alt=\"\" class=\"wp-image-84512\" srcset=\"https:\/\/corrientesdetarde.com\/wp-content\/uploads\/2023\/08\/image-893-1024x768.png 1024w, https:\/\/corrientesdetarde.com\/wp-content\/uploads\/2023\/08\/image-893-300x225.png 300w, https:\/\/corrientesdetarde.com\/wp-content\/uploads\/2023\/08\/image-893-768x576.png 768w, https:\/\/corrientesdetarde.com\/wp-content\/uploads\/2023\/08\/image-893.png 1280w\" sizes=\"auto, (max-width: 1024px) 100vw, 1024px\" \/><\/figure>\n\n\n\n<figure class=\"wp-block-image size-large\"><img loading=\"lazy\" decoding=\"async\" width=\"1024\" height=\"804\" src=\"https:\/\/corrientesdetarde.com\/wp-content\/uploads\/2023\/08\/image-891-1024x804.png\" alt=\"\" class=\"wp-image-84510\" srcset=\"https:\/\/corrientesdetarde.com\/wp-content\/uploads\/2023\/08\/image-891-1024x804.png 1024w, https:\/\/corrientesdetarde.com\/wp-content\/uploads\/2023\/08\/image-891-300x236.png 300w, https:\/\/corrientesdetarde.com\/wp-content\/uploads\/2023\/08\/image-891-768x603.png 768w, https:\/\/corrientesdetarde.com\/wp-content\/uploads\/2023\/08\/image-891.png 1280w\" sizes=\"auto, (max-width: 1024px) 100vw, 1024px\" \/><\/figure>\n\n\n\n<figure class=\"wp-block-image size-large\"><img loading=\"lazy\" decoding=\"async\" width=\"1024\" height=\"662\" src=\"https:\/\/corrientesdetarde.com\/wp-content\/uploads\/2023\/08\/image-892-1024x662.png\" alt=\"\" class=\"wp-image-84511\" srcset=\"https:\/\/corrientesdetarde.com\/wp-content\/uploads\/2023\/08\/image-892-1024x662.png 1024w, https:\/\/corrientesdetarde.com\/wp-content\/uploads\/2023\/08\/image-892-300x194.png 300w, https:\/\/corrientesdetarde.com\/wp-content\/uploads\/2023\/08\/image-892-768x497.png 768w, https:\/\/corrientesdetarde.com\/wp-content\/uploads\/2023\/08\/image-892.png 1280w\" sizes=\"auto, (max-width: 1024px) 100vw, 1024px\" \/><\/figure>\n","protected":false},"excerpt":{"rendered":"<p>Se desarroll\u00f3 en el marco del D\u00eda Internacional de la Obstetricia y de la Embarazada. En la oportunidad se realiz\u00f3 un reconocimiento al doctor Hip\u00f3lito Sodero, por su dedicaci\u00f3n en&hellip; <\/p>\n","protected":false},"author":8,"featured_media":84509,"comment_status":"closed","ping_status":"open","sticky":false,"template":"","format":"standard","meta":{"footnotes":""},"categories":[16],"tags":[],"class_list":["post-84507","post","type-post","status-publish","format-standard","has-post-thumbnail","hentry","category-bienestar-y-salud"],"_links":{"self":[{"href":"https:\/\/corrientesdetarde.com\/index.php\/wp-json\/wp\/v2\/posts\/84507","targetHints":{"allow":["GET"]}}],"collection":[{"href":"https:\/\/corrientesdetarde.com\/index.php\/wp-json\/wp\/v2\/posts"}],"about":[{"href":"https:\/\/corrientesdetarde.com\/index.php\/wp-json\/wp\/v2\/types\/post"}],"author":[{"embeddable":true,"href":"https:\/\/corrientesdetarde.com\/index.php\/wp-json\/wp\/v2\/users\/8"}],"replies":[{"embeddable":true,"href":"https:\/\/corrientesdetarde.com\/index.php\/wp-json\/wp\/v2\/comments?post=84507"}],"version-history":[{"count":1,"href":"https:\/\/corrientesdetarde.com\/index.php\/wp-json\/wp\/v2\/posts\/84507\/revisions"}],"predecessor-version":[{"id":84513,"href":"https:\/\/corrientesdetarde.com\/index.php\/wp-json\/wp\/v2\/posts\/84507\/revisions\/84513"}],"wp:featuredmedia":[{"embeddable":true,"href":"https:\/\/corrientesdetarde.com\/index.php\/wp-json\/wp\/v2\/media\/84509"}],"wp:attachment":[{"href":"https:\/\/corrientesdetarde.com\/index.php\/wp-json\/wp\/v2\/media?parent=84507"}],"wp:term":[{"taxonomy":"category","embeddable":true,"href":"https:\/\/corrientesdetarde.com\/index.php\/wp-json\/wp\/v2\/categories?post=84507"},{"taxonomy":"post_tag","embeddable":true,"href":"https:\/\/corrientesdetarde.com\/index.php\/wp-json\/wp\/v2\/tags?post=84507"}],"curies":[{"name":"wp","href":"https:\/\/api.w.org\/{rel}","templated":true}]}}