{"id":84514,"date":"2023-08-31T14:45:04","date_gmt":"2023-08-31T17:45:04","guid":{"rendered":"https:\/\/corrientesdetarde.com\/?p=84514"},"modified":"2023-08-31T14:45:30","modified_gmt":"2023-08-31T17:45:30","slug":"con-el-firme-compromiso-de-mejorar-mas-espacios-publicos-tassano-inauguro-la-plaza-del-san-marcelo","status":"publish","type":"post","link":"https:\/\/corrientesdetarde.com\/index.php\/informacion-general\/con-el-firme-compromiso-de-mejorar-mas-espacios-publicos-tassano-inauguro-la-plaza-del-san-marcelo\/","title":{"rendered":"Con el firme compromiso de mejorar m\u00e1s espacios p\u00fablicos, Tassano inaugur\u00f3 la plaza del San Marcelo"},"content":{"rendered":"\n<p><em>\u201cApostamos a que los vecinos tengan bien sus calles, iluminaci\u00f3n y plazas\u201d, expres\u00f3 el intendente al encabezar el acto en que habilit\u00f3\u00a0la puesta en valor y refuncionalizaci\u00f3n del lugar, ubicado en las inmediaciones de la avenida Montecarlo, entre Los Laureles y Niza. Dichas obras benefician a un amplio sector de la ciudad.\u00a0<\/em><br><br>Este jueves, el intendente Eduardo Tassano inaugur\u00f3 las obras de puesta en valor y refuncionalizaci\u00f3n de la plaza del barrio San Marcelo en las inmediaciones de la avenida Montecarlo, entre Los Laureles y Niza, a la vez que ratific\u00f3 su firme decisi\u00f3n de continuidad con la ejecuci\u00f3n de mejoras en los espacios p\u00fablicos de la ciudad.<br>En el caso de esta obra, se contempl\u00f3 la colocaci\u00f3n de pisos podot\u00e1ctiles para personas con discapacidad visual, nuevas veredas inclusivas que ayudan a los transe\u00fantes a que puedan sentir en sus pies la presencia de los domos que anuncian un riesgo pr\u00f3ximo, como el cruce de una calle o un cambio de direcci\u00f3n.<br>Adem\u00e1s, se realizaron 200 metros de senderos de caminata para los vecinos, la instalaci\u00f3n de nuevos kits de juegos, reparaci\u00f3n integral del play\u00f3n deportivo, m\u00e1quinas biosaludables para realizar deportes, como tambi\u00e9n de cesto de basura, nuevos bancos e iluminaci\u00f3n led. As\u00ed, los vecinos del barrio podr\u00e1n aprovechar la infraestructura como un real espacio de esparcimiento.<br>Por otra parte, se destac\u00f3 que estas tareas se unir\u00e1n el plan de mejora que se realiza en esta zona de la ciudad, con la construcci\u00f3n de cord\u00f3n cuneta y colocaci\u00f3n de ripio en las calles. A su vez, se sumar\u00e1n a la pavimentaci\u00f3n de la avenida Montecarlo que fue recientemente concluida.<br>Esto \u00faltimo teniendo en cuenta que se trata de una arteria que conecta a varios barrios, como el San Marcelo, G\u00fcemes, parte del 17 de agosto y de Laguna Seca.<br>Dichas obras fueron ejecutadas a trav\u00e9s de la Secretar\u00eda de Infraestructura municipal y forma parte del plan para recuperar los espacios p\u00fablicos de la ciudad de Corrientes, una meta importante de la gesti\u00f3n liderada por el intendente Tassano.<br>Del acto tambi\u00e9n participaron el viceintendente, Emilio Lanari; el secretario de Infraestructura, Math\u00edas Cabrera, dem\u00e1s funcionarios municipales, y vecinos en general.<br><br>RESPUESTA A LAS DEMANDAS<br>\u201cEstamos ante una puesta a punto de la zona\u201d, se\u00f1al\u00f3 el intendente al remarcar la importancia de las obras para un sector de gran afluencia de vecinos. A la vez, sostuvo que \u201ccon las nuevas obras podremos darles a las familias que un espacio p\u00fablico de aprovechamiento\u201d.<br>A su vez, Tassano coment\u00f3 que \u201cavanzamos en m\u00e1s de 200 espacios p\u00fablicos y estamos recibiendo respuestas favorables por parte de los vecinos\u201d.<br>\u201cEstas obras se suman al listado de parques y plazas en los barrios\u201d, indic\u00f3 refiri\u00e9ndose a la labor que llevan adelante en los diferentes barrios.<br>\u201cApostamos a que los vecinos tengan bien sus calles, iluminaci\u00f3n y plazas\u201d, acentu\u00f3.<br><br>TAREA CUMPLIDA<br>\u201cNosotros estuvimos en varias oportunidades supervisando las obras y pudimos avanzar con muchos recursos de Infraestructura para atender las demandas de los vecinos\u201d, coment\u00f3 por su parte el viceintendente, Emilio Lanari haciendo menci\u00f3n a lo ejecutado en la zona inaugurada.<br>En esa l\u00ednea, remarc\u00f3 el compromiso de la Municipalidad: \u201cCumplimos con lo que dijimos, que la ciudad no termina en las cuatro avenidas y as\u00ed lo estamos haciendo\u201d.<br><br>ESPACIOS PUBLICOS<br>Luego, el secretario de Infraestructura, Math\u00edas Cabrera resalt\u00f3 el trabajo realizado en la zona y record\u00f3 que \u201cantes, este espacio no ten\u00eda infraestructura completa y nosotros intervenimos en los senderos de la caminata, el play\u00f3n de juegos y la iluminaci\u00f3n led\u201d.<br>\u201cTen\u00edamos muchos pedidos y reclamos por el espacio, pero por suerte pudimos avanzar con las mejoras\u201d, resalt\u00f3 ante la respuesta del Municipio ante las demandas de los vecinos. Al respecto, agreg\u00f3: \u201cTambi\u00e9n avanzamos con ripio, cord\u00f3n cuneta y la iluminaci\u00f3n led de las avenidas\u201d.<br>Para finalizar, Cabrera anticip\u00f3 que vienen trabajando en mejoras de m\u00e1s de 10 espacios p\u00fablicos en diferentes puntos de la ciudad.<br><br>VECINA DEL BARRIO<br>Por su parte, la vecina del barrio San Marcelo, Roxana G\u00f3mez remarc\u00f3 la importancia de las obras en el lugar y dijo: \u201cEstamos muy contentos porque la plaza qued\u00f3 excelente\u201d.<br>A su vez, destac\u00f3 que de ahora en m\u00e1s los vecinos podr\u00e1n disfrutar del espacio junto a sus ni\u00f1os y ni\u00f1as.<\/p>\n\n\n\n<figure class=\"wp-block-embed is-type-video is-provider-youtube wp-block-embed-youtube wp-embed-aspect-16-9 wp-has-aspect-ratio\"><div class=\"wp-block-embed__wrapper\">\n<iframe loading=\"lazy\" title=\"Tassano inaugur\u00f3 la plaza del San Marcelo y ratific\u00f3 el compromiso de mejorar m\u00e1s espacios p\u00fablicos\" width=\"1110\" height=\"624\" src=\"https:\/\/www.youtube.com\/embed\/4MmyL1MkhdY?feature=oembed\" frameborder=\"0\" allow=\"accelerometer; autoplay; clipboard-write; encrypted-media; gyroscope; picture-in-picture; web-share\" allowfullscreen><\/iframe>\n<\/div><\/figure>\n","protected":false},"excerpt":{"rendered":"<p>\u201cApostamos a que los vecinos tengan bien sus calles, iluminaci\u00f3n y plazas\u201d, expres\u00f3 el intendente al encabezar el acto en que habilit\u00f3\u00a0la puesta en valor y refuncionalizaci\u00f3n del lugar, ubicado&hellip; <\/p>\n","protected":false},"author":8,"featured_media":84515,"comment_status":"closed","ping_status":"open","sticky":false,"template":"","format":"standard","meta":{"footnotes":""},"categories":[1],"tags":[],"class_list":["post-84514","post","type-post","status-publish","format-standard","has-post-thumbnail","hentry","category-informacion-general"],"_links":{"self":[{"href":"https:\/\/corrientesdetarde.com\/index.php\/wp-json\/wp\/v2\/posts\/84514","targetHints":{"allow":["GET"]}}],"collection":[{"href":"https:\/\/corrientesdetarde.com\/index.php\/wp-json\/wp\/v2\/posts"}],"about":[{"href":"https:\/\/corrientesdetarde.com\/index.php\/wp-json\/wp\/v2\/types\/post"}],"author":[{"embeddable":true,"href":"https:\/\/corrientesdetarde.com\/index.php\/wp-json\/wp\/v2\/users\/8"}],"replies":[{"embeddable":true,"href":"https:\/\/corrientesdetarde.com\/index.php\/wp-json\/wp\/v2\/comments?post=84514"}],"version-history":[{"count":1,"href":"https:\/\/corrientesdetarde.com\/index.php\/wp-json\/wp\/v2\/posts\/84514\/revisions"}],"predecessor-version":[{"id":84518,"href":"https:\/\/corrientesdetarde.com\/index.php\/wp-json\/wp\/v2\/posts\/84514\/revisions\/84518"}],"wp:featuredmedia":[{"embeddable":true,"href":"https:\/\/corrientesdetarde.com\/index.php\/wp-json\/wp\/v2\/media\/84515"}],"wp:attachment":[{"href":"https:\/\/corrientesdetarde.com\/index.php\/wp-json\/wp\/v2\/media?parent=84514"}],"wp:term":[{"taxonomy":"category","embeddable":true,"href":"https:\/\/corrientesdetarde.com\/index.php\/wp-json\/wp\/v2\/categories?post=84514"},{"taxonomy":"post_tag","embeddable":true,"href":"https:\/\/corrientesdetarde.com\/index.php\/wp-json\/wp\/v2\/tags?post=84514"}],"curies":[{"name":"wp","href":"https:\/\/api.w.org\/{rel}","templated":true}]}}