{"id":84535,"date":"2023-08-31T15:24:48","date_gmt":"2023-08-31T18:24:48","guid":{"rendered":"https:\/\/corrientesdetarde.com\/?p=84535"},"modified":"2023-08-31T15:50:11","modified_gmt":"2023-08-31T18:50:11","slug":"cardozo-encabezo-una-reunion-de-trabajo-con-el-gabinete-de-salud","status":"publish","type":"post","link":"https:\/\/corrientesdetarde.com\/index.php\/bienestar-y-salud\/cardozo-encabezo-una-reunion-de-trabajo-con-el-gabinete-de-salud\/","title":{"rendered":"Cardozo encabez\u00f3 una reuni\u00f3n de trabajo con el gabinete de Salud"},"content":{"rendered":"\n<p><em>El encuentro se realiz\u00f3 en la Sala de Situaci\u00f3n de la cartera sanitaria. Se trataron temas como &nbsp;insumos hospitalarios y el estado de patolog\u00edas como Covid-19 y S\u00edfilis, entre otras.<\/em><\/p>\n\n\n\n<p>El ministro de Salud P\u00fablica,&nbsp;Ricardo Cardozo, encabez\u00f3 hoy una reuni\u00f3n con parte de su gabinete en el que se abordaron cuestiones como recategorizaci\u00f3n de hospitales, insumos hospitalarios y el estado de patolog\u00edas como Covid-19 y S\u00edfilis, entre otras.<\/p>\n\n\n\n<p>\u201cEn este tipo de reuni\u00f3n es habituales estudiamos c\u00f3mo venimos trabajando, el desempe\u00f1o de las pol\u00edticas sanitarias que implementamos y vemos as\u00ed qu\u00e9 debemos fortalecer. En este sentido, tratamos temas referentes a Covid-19, S\u00edfilis y Lepra y algunos temas de organizaci\u00f3n interna de distintas \u00e1reas ministeriales\u201d, dijo el ministro.<\/p>\n\n\n\n<p>\u201cTambi\u00e9n, abordamos cuestiones como obesidad infantil y recategorizaci\u00f3n de hospitales\u201d.<\/p>\n\n\n\n<p><strong>Insumos<\/strong><\/p>\n\n\n\n<p>Por otra parte, el ministro se refiri\u00f3 una problem\u00e1tica que atraviesa todo el pa\u00eds: insumos hospitalarios. Al respecto, indic\u00f3: \u201cLos insumos que dependen de la Provincia no faltan, lo que estamos viendo es la dificultad que tienen algunos proveedores para la adquisici\u00f3n de insumos que son importados\u201d. \u201cEsto, lamentablemente sucede en todo el pa\u00eds\u201d, concluy\u00f3.<\/p>\n\n\n\n<p>\ufeff<\/p>\n\n\n\n<figure class=\"wp-block-image size-full\"><img loading=\"lazy\" decoding=\"async\" width=\"1024\" height=\"682\" src=\"https:\/\/corrientesdetarde.com\/wp-content\/uploads\/2023\/08\/image-895.png\" alt=\"\" class=\"wp-image-84536\" srcset=\"https:\/\/corrientesdetarde.com\/wp-content\/uploads\/2023\/08\/image-895.png 1024w, https:\/\/corrientesdetarde.com\/wp-content\/uploads\/2023\/08\/image-895-300x200.png 300w, https:\/\/corrientesdetarde.com\/wp-content\/uploads\/2023\/08\/image-895-768x512.png 768w\" sizes=\"auto, (max-width: 1024px) 100vw, 1024px\" \/><\/figure>\n","protected":false},"excerpt":{"rendered":"<p>El encuentro se realiz\u00f3 en la Sala de Situaci\u00f3n de la cartera sanitaria. Se trataron temas como &nbsp;insumos hospitalarios y el estado de patolog\u00edas como Covid-19 y S\u00edfilis, entre otras.&hellip; <\/p>\n","protected":false},"author":8,"featured_media":84552,"comment_status":"closed","ping_status":"open","sticky":false,"template":"","format":"standard","meta":{"footnotes":""},"categories":[16],"tags":[],"class_list":["post-84535","post","type-post","status-publish","format-standard","has-post-thumbnail","hentry","category-bienestar-y-salud"],"_links":{"self":[{"href":"https:\/\/corrientesdetarde.com\/index.php\/wp-json\/wp\/v2\/posts\/84535","targetHints":{"allow":["GET"]}}],"collection":[{"href":"https:\/\/corrientesdetarde.com\/index.php\/wp-json\/wp\/v2\/posts"}],"about":[{"href":"https:\/\/corrientesdetarde.com\/index.php\/wp-json\/wp\/v2\/types\/post"}],"author":[{"embeddable":true,"href":"https:\/\/corrientesdetarde.com\/index.php\/wp-json\/wp\/v2\/users\/8"}],"replies":[{"embeddable":true,"href":"https:\/\/corrientesdetarde.com\/index.php\/wp-json\/wp\/v2\/comments?post=84535"}],"version-history":[{"count":1,"href":"https:\/\/corrientesdetarde.com\/index.php\/wp-json\/wp\/v2\/posts\/84535\/revisions"}],"predecessor-version":[{"id":84538,"href":"https:\/\/corrientesdetarde.com\/index.php\/wp-json\/wp\/v2\/posts\/84535\/revisions\/84538"}],"wp:featuredmedia":[{"embeddable":true,"href":"https:\/\/corrientesdetarde.com\/index.php\/wp-json\/wp\/v2\/media\/84552"}],"wp:attachment":[{"href":"https:\/\/corrientesdetarde.com\/index.php\/wp-json\/wp\/v2\/media?parent=84535"}],"wp:term":[{"taxonomy":"category","embeddable":true,"href":"https:\/\/corrientesdetarde.com\/index.php\/wp-json\/wp\/v2\/categories?post=84535"},{"taxonomy":"post_tag","embeddable":true,"href":"https:\/\/corrientesdetarde.com\/index.php\/wp-json\/wp\/v2\/tags?post=84535"}],"curies":[{"name":"wp","href":"https:\/\/api.w.org\/{rel}","templated":true}]}}