{"id":84539,"date":"2023-08-31T15:43:10","date_gmt":"2023-08-31T18:43:10","guid":{"rendered":"https:\/\/corrientesdetarde.com\/?p=84539"},"modified":"2023-08-31T15:43:14","modified_gmt":"2023-08-31T18:43:14","slug":"cuentos-de-terror-para-franco-llega-a-la-pantalla-de-paka-paka","status":"publish","type":"post","link":"https:\/\/corrientesdetarde.com\/index.php\/cultura\/cuentos-de-terror-para-franco-llega-a-la-pantalla-de-paka-paka\/","title":{"rendered":"<strong>Cuentos de Terror para Franco llega a la pantalla de PAKA PAKA<\/strong>"},"content":{"rendered":"\n<p>La obra literaria del escritor Hugo Mitoire, se convirti\u00f3 en una serie animada de 10 cap\u00edtulos que ser\u00e1 estrenada el lunes 4 de septiembre a las 22.00 horas.<\/p>\n\n\n\n<p>25.27 Estudio Audiovisual presenta, a trav\u00e9s del canal&nbsp;<strong>PAKA PAKA<\/strong>&nbsp;(TV P\u00fablica Nacional) \u201cCuentos de Terror para Franco\u201d; Serie dirigida y producida por el cineasta Eli\u00e1n Guer\u00edn y escrita por Sebasti\u00e1n Borkoski, Maco Pacheco y Guerin, basada libremente en la saga de libros de Hugo Mitoire. Se trata de la primera serie de animaci\u00f3n desarrollada por esta productora que cuenta con la experiencia de la realizaci\u00f3n de un cortometraje animado &#8220;Cetrero Nocturno (2021), una adaptaci\u00f3n del libro de Sebasti\u00e1n Borkoski.<\/p>\n\n\n\n<p><strong>Sobre la serie<\/strong><\/p>\n\n\n\n<p>La historia narra las aventuras de un grupo de ni\u00f1os que son absorbidos por un tenebroso libro que los transporta a un mundo fant\u00e1stico de miedos y pesadillas. All\u00ed deben enfrentar criaturas malignas y aprender a luchar juntos para vencer sus miedos y evitar quedar atrapados para siempre convertidos en seres espectrales.<\/p>\n\n\n\n<p>Cuentos de terror para Franco consta de 10 cap\u00edtulos de 13 minutos de duraci\u00f3n en un formato de animaci\u00f3n 2d. Realizada en gran parte con t\u00e9cnicos y actores misioneros lo que significa &#8211; adem\u00e1s &#8211; un aporte al acervo de&nbsp; producci\u00f3n audiovisual de la provincia y la regi\u00f3n. No s\u00f3lo por el equipo de producci\u00f3n y realizaci\u00f3n sino tambi\u00e9n por el contenido significativo y simb\u00f3lico que trasunta la cultura y el imaginario de la regi\u00f3n Nea conjugado con los arquetipos del terror surgidos de las narrativas de la cultura universal.<\/p>\n\n\n\n<p>La elecci\u00f3n del universo de la animaci\u00f3n 2d est\u00e1 enmarcada en un concepto que proviene del lenguaje audiovisual que abreva de las herramientas del lenguaje cinematogr\u00e1fico y las formas narrativas que han configurado el arte moderno por excelencia.<\/p>\n\n\n\n<p>Para la realizaci\u00f3n de la serie fue de vital importancia el apoyo y el fomento que, tanto desde el estado Nacional (Convocatoria Renacer Audiovisual, Ministerio de Cultura de la Naci\u00f3n, Canal PAKA PAKA, Encuentro, TV P\u00fablica), y el instituto audiovisual de la provincia de Misiones \u00a0(IAAVIM) quienes han permitido trabajar en la producci\u00f3n de una serie animada que re\u00fane todos los requisitos que exige el formato profesional.<\/p>\n\n\n\n<figure class=\"wp-block-image size-large\"><img loading=\"lazy\" decoding=\"async\" width=\"819\" height=\"1024\" src=\"https:\/\/corrientesdetarde.com\/wp-content\/uploads\/2023\/08\/01-POST-819x1024.png\" alt=\"\" class=\"wp-image-84541\" srcset=\"https:\/\/corrientesdetarde.com\/wp-content\/uploads\/2023\/08\/01-POST-819x1024.png 819w, https:\/\/corrientesdetarde.com\/wp-content\/uploads\/2023\/08\/01-POST-240x300.png 240w, https:\/\/corrientesdetarde.com\/wp-content\/uploads\/2023\/08\/01-POST-768x960.png 768w, https:\/\/corrientesdetarde.com\/wp-content\/uploads\/2023\/08\/01-POST-1229x1536.png 1229w, https:\/\/corrientesdetarde.com\/wp-content\/uploads\/2023\/08\/01-POST-1638x2048.png 1638w\" sizes=\"auto, (max-width: 819px) 100vw, 819px\" \/><\/figure>\n\n\n\n<p><\/p>\n\n\n\n<p><\/p>\n","protected":false},"excerpt":{"rendered":"<p>La obra literaria del escritor Hugo Mitoire, se convirti\u00f3 en una serie animada de 10 cap\u00edtulos que ser\u00e1 estrenada el lunes 4 de septiembre a las 22.00 horas. 25.27 Estudio&hellip; <\/p>\n","protected":false},"author":8,"featured_media":84540,"comment_status":"closed","ping_status":"open","sticky":false,"template":"","format":"standard","meta":{"footnotes":""},"categories":[15],"tags":[],"class_list":["post-84539","post","type-post","status-publish","format-standard","has-post-thumbnail","hentry","category-cultura"],"_links":{"self":[{"href":"https:\/\/corrientesdetarde.com\/index.php\/wp-json\/wp\/v2\/posts\/84539","targetHints":{"allow":["GET"]}}],"collection":[{"href":"https:\/\/corrientesdetarde.com\/index.php\/wp-json\/wp\/v2\/posts"}],"about":[{"href":"https:\/\/corrientesdetarde.com\/index.php\/wp-json\/wp\/v2\/types\/post"}],"author":[{"embeddable":true,"href":"https:\/\/corrientesdetarde.com\/index.php\/wp-json\/wp\/v2\/users\/8"}],"replies":[{"embeddable":true,"href":"https:\/\/corrientesdetarde.com\/index.php\/wp-json\/wp\/v2\/comments?post=84539"}],"version-history":[{"count":1,"href":"https:\/\/corrientesdetarde.com\/index.php\/wp-json\/wp\/v2\/posts\/84539\/revisions"}],"predecessor-version":[{"id":84542,"href":"https:\/\/corrientesdetarde.com\/index.php\/wp-json\/wp\/v2\/posts\/84539\/revisions\/84542"}],"wp:featuredmedia":[{"embeddable":true,"href":"https:\/\/corrientesdetarde.com\/index.php\/wp-json\/wp\/v2\/media\/84540"}],"wp:attachment":[{"href":"https:\/\/corrientesdetarde.com\/index.php\/wp-json\/wp\/v2\/media?parent=84539"}],"wp:term":[{"taxonomy":"category","embeddable":true,"href":"https:\/\/corrientesdetarde.com\/index.php\/wp-json\/wp\/v2\/categories?post=84539"},{"taxonomy":"post_tag","embeddable":true,"href":"https:\/\/corrientesdetarde.com\/index.php\/wp-json\/wp\/v2\/tags?post=84539"}],"curies":[{"name":"wp","href":"https:\/\/api.w.org\/{rel}","templated":true}]}}