{"id":84546,"date":"2023-08-31T15:48:46","date_gmt":"2023-08-31T18:48:46","guid":{"rendered":"https:\/\/corrientesdetarde.com\/?p=84546"},"modified":"2023-08-31T15:48:57","modified_gmt":"2023-08-31T18:48:57","slug":"la-provincia-a-punto-de-concluir-la-construccion-de-la-nueva-comisaria-de-el-perichon","status":"publish","type":"post","link":"https:\/\/corrientesdetarde.com\/index.php\/informacion-general\/la-provincia-a-punto-de-concluir-la-construccion-de-la-nueva-comisaria-de-el-perichon\/","title":{"rendered":"La Provincia a punto de concluir la construcci\u00f3n de la nueva comisar\u00eda de El Perich\u00f3n"},"content":{"rendered":"\n<p>Solo restan detalles finales en la construcci\u00f3n del edificio de la nueva comisar\u00eda de El Perich\u00f3n, &nbsp;&nbsp;que emprende el Gobierno Provincial&nbsp; en un predio de m\u00e1s de &nbsp;1.100 metros cuadrados, ubicado en un &nbsp;\u00e1rea equidistante con&nbsp; cada rinc\u00f3n de toda esa inmensa barriada capitalina.<\/p>\n\n\n\n<p>La construcci\u00f3n de esta comisar\u00eda, ubicada en inmediaciones al predio recreativo del Centro de Jubilados y Pensionados de Corrientes, es&nbsp; ejecutada por el Ministerio de Obras y Servicios P\u00fablicos a trav\u00e9s de la Direcci\u00f3n de Planificaci\u00f3n y Obras (DPO).<\/p>\n\n\n\n<p>La construcci\u00f3n tiene una superficie cubierta de 175m2 y m\u00e1s de 125 m2 de semicubierta. Es un edificio protot\u00edpico cuyo dise\u00f1o fue realizado en forma conjunta por profesionales de los ministerios de Seguridad y del MOSP atendiendo los requerimientos y necesidades del funcionamiento institucional.<\/p>\n\n\n\n<p>El edificio cuenta con&nbsp; un &nbsp;Hall de Acceso, sala de Guardia y Prevenci\u00f3n, zona de espera, oficina para el jefe de comisar\u00eda, con n\u00facleo&nbsp;&nbsp;sanitario privado&nbsp; y oficinas Sumariales y, de Radio y Log\u00edstica.<\/p>\n\n\n\n<p>&nbsp;Tambi\u00e9n esta nueva repartici\u00f3n policial esta provista de dormitorios para Oficiales y Sub Oficiales, n\u00facleos sanitarios privados con ducha, una Cocina Comedor, Sala de Detenidos, sanitario p\u00fablico para discapacitado y una galer\u00eda semi cubierta.<\/p>\n\n\n\n<p>&nbsp;El conjunto edilicio se completa con espacios funcionales destinados al acceso peatonal con una superficie acondicionada para personas discapacitadas, acceso vehicular y cochera semi cubierta.<\/p>\n\n\n\n<figure class=\"wp-block-image size-large\"><img loading=\"lazy\" decoding=\"async\" width=\"1024\" height=\"460\" src=\"https:\/\/corrientesdetarde.com\/wp-content\/uploads\/2023\/08\/image-897-1024x460.png\" alt=\"\" class=\"wp-image-84547\" srcset=\"https:\/\/corrientesdetarde.com\/wp-content\/uploads\/2023\/08\/image-897-1024x460.png 1024w, https:\/\/corrientesdetarde.com\/wp-content\/uploads\/2023\/08\/image-897-300x135.png 300w, https:\/\/corrientesdetarde.com\/wp-content\/uploads\/2023\/08\/image-897-768x345.png 768w, https:\/\/corrientesdetarde.com\/wp-content\/uploads\/2023\/08\/image-897-1536x690.png 1536w, https:\/\/corrientesdetarde.com\/wp-content\/uploads\/2023\/08\/image-897.png 1600w\" sizes=\"auto, (max-width: 1024px) 100vw, 1024px\" \/><\/figure>\n\n\n\n<figure class=\"wp-block-image size-large\"><img loading=\"lazy\" decoding=\"async\" width=\"1024\" height=\"460\" src=\"https:\/\/corrientesdetarde.com\/wp-content\/uploads\/2023\/08\/image-898-1024x460.png\" alt=\"\" class=\"wp-image-84548\" srcset=\"https:\/\/corrientesdetarde.com\/wp-content\/uploads\/2023\/08\/image-898-1024x460.png 1024w, https:\/\/corrientesdetarde.com\/wp-content\/uploads\/2023\/08\/image-898-300x135.png 300w, https:\/\/corrientesdetarde.com\/wp-content\/uploads\/2023\/08\/image-898-768x345.png 768w, https:\/\/corrientesdetarde.com\/wp-content\/uploads\/2023\/08\/image-898-1536x690.png 1536w, https:\/\/corrientesdetarde.com\/wp-content\/uploads\/2023\/08\/image-898.png 1600w\" sizes=\"auto, (max-width: 1024px) 100vw, 1024px\" \/><\/figure>\n\n\n\n<figure class=\"wp-block-image size-large\"><img loading=\"lazy\" decoding=\"async\" width=\"1024\" height=\"460\" src=\"https:\/\/corrientesdetarde.com\/wp-content\/uploads\/2023\/08\/image-899-1024x460.png\" alt=\"\" class=\"wp-image-84549\" srcset=\"https:\/\/corrientesdetarde.com\/wp-content\/uploads\/2023\/08\/image-899-1024x460.png 1024w, https:\/\/corrientesdetarde.com\/wp-content\/uploads\/2023\/08\/image-899-300x135.png 300w, https:\/\/corrientesdetarde.com\/wp-content\/uploads\/2023\/08\/image-899-768x345.png 768w, https:\/\/corrientesdetarde.com\/wp-content\/uploads\/2023\/08\/image-899-1536x690.png 1536w, https:\/\/corrientesdetarde.com\/wp-content\/uploads\/2023\/08\/image-899.png 1600w\" sizes=\"auto, (max-width: 1024px) 100vw, 1024px\" \/><\/figure>\n\n\n\n<figure class=\"wp-block-image size-large\"><img loading=\"lazy\" decoding=\"async\" width=\"1024\" height=\"460\" src=\"https:\/\/corrientesdetarde.com\/wp-content\/uploads\/2023\/08\/image-900-1024x460.png\" alt=\"\" class=\"wp-image-84550\" srcset=\"https:\/\/corrientesdetarde.com\/wp-content\/uploads\/2023\/08\/image-900-1024x460.png 1024w, https:\/\/corrientesdetarde.com\/wp-content\/uploads\/2023\/08\/image-900-300x135.png 300w, https:\/\/corrientesdetarde.com\/wp-content\/uploads\/2023\/08\/image-900-768x345.png 768w, https:\/\/corrientesdetarde.com\/wp-content\/uploads\/2023\/08\/image-900-1536x690.png 1536w, https:\/\/corrientesdetarde.com\/wp-content\/uploads\/2023\/08\/image-900.png 1600w\" sizes=\"auto, (max-width: 1024px) 100vw, 1024px\" \/><\/figure>\n","protected":false},"excerpt":{"rendered":"<p>Solo restan detalles finales en la construcci\u00f3n del edificio de la nueva comisar\u00eda de El Perich\u00f3n, &nbsp;&nbsp;que emprende el Gobierno Provincial&nbsp; en un predio de m\u00e1s de &nbsp;1.100 metros cuadrados,&hellip; <\/p>\n","protected":false},"author":8,"featured_media":84549,"comment_status":"closed","ping_status":"open","sticky":false,"template":"","format":"standard","meta":{"footnotes":""},"categories":[1],"tags":[],"class_list":["post-84546","post","type-post","status-publish","format-standard","has-post-thumbnail","hentry","category-informacion-general"],"_links":{"self":[{"href":"https:\/\/corrientesdetarde.com\/index.php\/wp-json\/wp\/v2\/posts\/84546","targetHints":{"allow":["GET"]}}],"collection":[{"href":"https:\/\/corrientesdetarde.com\/index.php\/wp-json\/wp\/v2\/posts"}],"about":[{"href":"https:\/\/corrientesdetarde.com\/index.php\/wp-json\/wp\/v2\/types\/post"}],"author":[{"embeddable":true,"href":"https:\/\/corrientesdetarde.com\/index.php\/wp-json\/wp\/v2\/users\/8"}],"replies":[{"embeddable":true,"href":"https:\/\/corrientesdetarde.com\/index.php\/wp-json\/wp\/v2\/comments?post=84546"}],"version-history":[{"count":1,"href":"https:\/\/corrientesdetarde.com\/index.php\/wp-json\/wp\/v2\/posts\/84546\/revisions"}],"predecessor-version":[{"id":84551,"href":"https:\/\/corrientesdetarde.com\/index.php\/wp-json\/wp\/v2\/posts\/84546\/revisions\/84551"}],"wp:featuredmedia":[{"embeddable":true,"href":"https:\/\/corrientesdetarde.com\/index.php\/wp-json\/wp\/v2\/media\/84549"}],"wp:attachment":[{"href":"https:\/\/corrientesdetarde.com\/index.php\/wp-json\/wp\/v2\/media?parent=84546"}],"wp:term":[{"taxonomy":"category","embeddable":true,"href":"https:\/\/corrientesdetarde.com\/index.php\/wp-json\/wp\/v2\/categories?post=84546"},{"taxonomy":"post_tag","embeddable":true,"href":"https:\/\/corrientesdetarde.com\/index.php\/wp-json\/wp\/v2\/tags?post=84546"}],"curies":[{"name":"wp","href":"https:\/\/api.w.org\/{rel}","templated":true}]}}