{"id":84556,"date":"2023-08-31T16:22:08","date_gmt":"2023-08-31T19:22:08","guid":{"rendered":"https:\/\/corrientesdetarde.com\/?p=84556"},"modified":"2023-08-31T16:22:13","modified_gmt":"2023-08-31T19:22:13","slug":"con-multiples-actividades-la-municipalidad-pone-en-marcha-el-mes-de-la-juventud","status":"publish","type":"post","link":"https:\/\/corrientesdetarde.com\/index.php\/sociales\/con-multiples-actividades-la-municipalidad-pone-en-marcha-el-mes-de-la-juventud\/","title":{"rendered":"Con m\u00faltiples actividades, la Municipalidad pone en marcha el Mes de la Juventud"},"content":{"rendered":"\n<figure class=\"wp-block-table\"><table><tbody><tr><td><em>La Municipalidad de la ciudad de Corrientes propone actividades pensadas para que los j\u00f3venes elijan Corrientes para disfrutar, emprender, aprender y trabajar. Durante todo septiembre habr\u00e1 una variada agenda con opciones gratuitas para todos los gustos.<\/em><br>Comienza un mes cargado de energ\u00eda joven. Por ello, la Municipalidad de la ciudad de Corrientes planific\u00f3 una serie de actividades totalmente gratuitas para que el gran universo de la juventud pueda tener su espacio y disfrutar a pleno. Adem\u00e1s preparan junto a la Provincia la segunda edici\u00f3n de la Expo Joven.<br><br>Con propuestas deportivas, culturales, l\u00fadicas y creativas, el Mes de la Juventud invita a esta gran franja etaria a disfrutar, emprender, aprender y trabajar en Corrientes en espacios totalmente dispuestos para ellos.<br><br>El secretario de Coordinaci\u00f3n de Gobierno municipal, Hugo Calvano,&nbsp;se\u00f1al\u00f3 que desde el a\u00f1o pasado, por decisi\u00f3n del intendente Eduardo Tassano, se implementa el Mes de la Juventud, como una propuesta \u201cen la cual buscamos ofrecerle a la ciudadan\u00eda y aquellos que nos visiten, todas las actividades que la ciudad realiza y promueve, agrupadas y apuntadas a los j\u00f3venes\u201d. &nbsp;<br><br>Adem\u00e1s, coment\u00f3 que, previo a lo que fue el trabajo del 2022, se realiz\u00f3 un diagn\u00f3stico en el que se vislumbra que a los j\u00f3venes correntinos les gusta Corrientes, \u201cse quieren quedar y queremos que conozcan las posibilidades\u201d, indic\u00f3. \u201cNosotros analizando lo que la ciudad ofrece, nos dimos cuenta que tiene muchas oportunidades y queremos darlas a conocer, este Mes de la Juventud lo que busca es promover todo esto\u201d, agreg\u00f3.<br><br>Asimismo, explic\u00f3: \u201cPlanificamos en virtud a cuatro ejes que tambi\u00e9n estar\u00e1n visibles en la Expo Joven: Elijo Corrientes para trabajar, estudiar, emprender y disfrutar, y en ese marco, se van a ofrecer distintas propuestas en todo lo que tiene que ver con trabajar toda la propuesta de empleos; en lo que es emprender todas las posibilidades que brinda el Gobierno provincial y municipal, todas las herramientas, las capacitaciones, los programas de bienes de capital\u201d.<br><br>Destac\u00f3 adem\u00e1s, en relaci\u00f3n a aprender, que \u201cCorrientes tiene la particularidad de ser una ciudad universitaria, con una enorme oferta tanto p\u00fablica como privada, con Institutos de Formaci\u00f3n Docente y distintas instituciones que brindan capacitaciones en oficio, el mismo Municipio y la Provincia tambi\u00e9n brindan apoyo para quienes necesitan estudiar y obtener, ya sea una formaci\u00f3n espec\u00edfica para trabajar o tambi\u00e9n para formarse y seguir una carrera\u201d.<br><br>MUNI JOVEN<br>El secretario de Coordinaci\u00f3n de Gobierno municipal destac\u00f3 adem\u00e1s la importancia del programa municipal &#8220;Muni Joven&#8221;, especialmente dise\u00f1ado para esa franja etaria. &nbsp;&#8220;En Muni Joven estamos apuntando fuertemente a todo lo que son los oficios digitales que hoy por hoy son muy demandados en el mundo. Desde Corrientes, mediante la conectividad por Internet, uno puede trabajar en cualquier empresa del mundo, la gran oportunidad que vemos que tiene la ciudad porque tiene un ecosistema de emprendedores, de empresarios del sector tecnol\u00f3gico, y universidades que est\u00e1n trabajando en la generaci\u00f3n de conocimiento y todo lo que hoy se engloba en econom\u00eda del conocimiento\u201d, reconoci\u00f3.<br><br>PROPUESTAS<br><br>Por su parte, la directora general de Coordinaci\u00f3n de gobierno, Mar\u00eda Cruz Silvero, describi\u00f3 las actividades que se presentan para el Mes de la Juventud.<br><br>\u201cDurante el mes vamos a tener propuestas relacionadas con la tecnolog\u00eda, ferias de dise\u00f1o y emprendedores j\u00f3venes, visitas a la Reserva Natural Santa Catalina, vamos a tener un Sunset con DJ invitados y artistas locales, patios y la Expo joven, entre otras actividades\u201d, enumer\u00f3.<br><br>Para conocer m\u00e1s sobre las actividades, consult\u00e1:&nbsp;<a href=\"https:\/\/ciudaddecorrientes.gov.ar\/mesdelajuventud\" target=\"_blank\" rel=\"noreferrer noopener\">https:\/\/ciudaddecorrientes.gov.ar\/mesdelajuventud<\/a>&nbsp;o en Instagram: @munijoven.ok. Facebook: Muni Joven Corrientes. Tiktok: @munijoven. Twitch:&nbsp;<a href=\"https:\/\/m.twitch.tv\/munijoven\/home\" target=\"_blank\" rel=\"noreferrer noopener\">https:\/\/m.twitch.tv\/munijoven\/home<\/a>. Youtube: @munijovencorrientes6545<br><br>PROGRAMACI\u00d3N<br><br>El Hello Hackaton Corrientes se realizar\u00e1 el viernes 1 en el Sal\u00f3n Auditorio de la Facultad de Derecho &#8211; UNNE Av. Libertad 5460. Se trata de un concurso de soluciones tecnol\u00f3gicas destinado a j\u00f3venes de 13 a 18 a\u00f1os, que busca promover la Econom\u00eda del Conocimiento. Participan distintas escuelas secundarias de la ciudad.<br><br>El s\u00e1bado 2, de 15 a 19, se llevar\u00e1 adelante la Copa Arand\u00fa \u201cTorneo de Ajedrez\u201d en el Sal\u00f3n de Eventos ubicado en Playa Miramar 720. En tanto, el domingo 3, desde las 16.30 en pasaje Thomas Edison (Av. Costanera y Padre Borgatti) habr\u00e1 exposici\u00f3n de productos hechos por j\u00f3venes emprendedores locales de dise\u00f1o, textiles, tejidos, did\u00e1cticos y m\u00e1s. Acompa\u00f1aran emprendedores gastron\u00f3micos y habr\u00e1 show de acrobacia, stand con juegos y promociones.<br><br>El s\u00e1bado 9, a partir de las 18, se realizar\u00e1 con entrada libre y gratuita, el MuniSunset bajo el puente. Una invitaci\u00f3n a disfrutar de un atardecer con m\u00fasica electr\u00f3nica y un espacio con emprendedores gastron\u00f3micos y cerveceros.<br><br>Tambi\u00e9n en septiembre se desarrollar\u00e1 la Expo Joven #ElijoCorrientes en la &nbsp;Ex Usina &#8211; en calle Thomas Edison y avenida &nbsp;Costanera General San Mart\u00edn. Con entrada libre y gratuita, habr\u00e1 actividades divididas en stands que tendr\u00e1n diferentes ejes: elijo Corrientes para estudiar, elijo Corrientes para trabajar, elijo Corrientes para emprender y elijo Corrientes para disfrutar.<br><br>El mi\u00e9rcoles 20 en la Sociedad Espa\u00f1ola (Mendoza 530), de 8 a 12, se invita a la comunidad a participar de una campa\u00f1a de Donaci\u00f3n de Sangre. Inscripci\u00f3n en bit.ly\/Campa\u00f1aDonarSangre &nbsp; &nbsp;<br><br>El jueves 21 inicia el Taller de Manga y Comic MuniJoven &#8211; Cohorte 2 en la Sociedad Espa\u00f1ola (Mendoza 530), de 17 a 20:30, con el fin de promover e incentivar las artes, la creatividad comunicativa y de fortalecer las habilidades motoras, cognitivas y emocionales.<br><br>El s\u00e1bado 23, de 18 a 21, se realizar\u00e1 el 5\u00b0 Master Zumba y Ritmos Latinos en la plaza los Constituyentes del barrio Santa Mar\u00eda (R\u00edo Limay entre Congreso y Triunvirato). Se festejar\u00e1 el \u201cMes de la Primavera\u201d con una fiesta fl\u00faor para disfrutar y divertirse, adem\u00e1s habr\u00e1 premios y sorteos.<br><br><a href=\"https:\/\/ciudaddecorrientes.us12.list-manage.com\/track\/click?u=253e4bcff71216c6af771c3c9&amp;id=ee8e14b400&amp;e=17643edfa8\" target=\"_blank\" rel=\"noreferrer noopener\">NOTA TV.<\/a><br>Hugo Calvano, secretario de Coordinaci\u00f3n de Gobierno; Mar\u00eda Cruz Silvero, directora general de Coordinaci\u00f3n.&nbsp;<\/td><\/tr><\/tbody><\/table><\/figure>\n\n\n\n<figure class=\"wp-block-table\"><table><tbody><tr><td><\/td><\/tr><\/tbody><\/table><\/figure>\n\n\n\n<figure class=\"wp-block-image size-large\"><img loading=\"lazy\" decoding=\"async\" width=\"1024\" height=\"682\" src=\"https:\/\/corrientesdetarde.com\/wp-content\/uploads\/2023\/08\/image-901-1024x682.png\" alt=\"\" class=\"wp-image-84557\" srcset=\"https:\/\/corrientesdetarde.com\/wp-content\/uploads\/2023\/08\/image-901-1024x682.png 1024w, https:\/\/corrientesdetarde.com\/wp-content\/uploads\/2023\/08\/image-901-300x200.png 300w, https:\/\/corrientesdetarde.com\/wp-content\/uploads\/2023\/08\/image-901-768x512.png 768w, https:\/\/corrientesdetarde.com\/wp-content\/uploads\/2023\/08\/image-901.png 1280w\" sizes=\"auto, (max-width: 1024px) 100vw, 1024px\" \/><\/figure>\n\n\n\n<figure class=\"wp-block-image size-large\"><img loading=\"lazy\" decoding=\"async\" width=\"1024\" height=\"682\" src=\"https:\/\/corrientesdetarde.com\/wp-content\/uploads\/2023\/08\/image-902-1024x682.png\" alt=\"\" class=\"wp-image-84558\" srcset=\"https:\/\/corrientesdetarde.com\/wp-content\/uploads\/2023\/08\/image-902-1024x682.png 1024w, https:\/\/corrientesdetarde.com\/wp-content\/uploads\/2023\/08\/image-902-300x200.png 300w, https:\/\/corrientesdetarde.com\/wp-content\/uploads\/2023\/08\/image-902-768x512.png 768w, https:\/\/corrientesdetarde.com\/wp-content\/uploads\/2023\/08\/image-902.png 1280w\" sizes=\"auto, (max-width: 1024px) 100vw, 1024px\" \/><\/figure>\n\n\n\n<figure class=\"wp-block-image size-large\"><img loading=\"lazy\" decoding=\"async\" width=\"1024\" height=\"682\" src=\"https:\/\/corrientesdetarde.com\/wp-content\/uploads\/2023\/08\/image-903-1024x682.png\" alt=\"\" class=\"wp-image-84559\" srcset=\"https:\/\/corrientesdetarde.com\/wp-content\/uploads\/2023\/08\/image-903-1024x682.png 1024w, https:\/\/corrientesdetarde.com\/wp-content\/uploads\/2023\/08\/image-903-300x200.png 300w, https:\/\/corrientesdetarde.com\/wp-content\/uploads\/2023\/08\/image-903-768x512.png 768w, https:\/\/corrientesdetarde.com\/wp-content\/uploads\/2023\/08\/image-903.png 1280w\" sizes=\"auto, (max-width: 1024px) 100vw, 1024px\" \/><\/figure>\n","protected":false},"excerpt":{"rendered":"<p>La Municipalidad de la ciudad de Corrientes propone actividades pensadas para que los j\u00f3venes elijan Corrientes para disfrutar, emprender, aprender y trabajar. Durante todo septiembre habr\u00e1 una variada agenda con&hellip; <\/p>\n","protected":false},"author":8,"featured_media":84560,"comment_status":"closed","ping_status":"open","sticky":false,"template":"","format":"standard","meta":{"footnotes":""},"categories":[17],"tags":[],"class_list":["post-84556","post","type-post","status-publish","format-standard","has-post-thumbnail","hentry","category-sociales"],"_links":{"self":[{"href":"https:\/\/corrientesdetarde.com\/index.php\/wp-json\/wp\/v2\/posts\/84556","targetHints":{"allow":["GET"]}}],"collection":[{"href":"https:\/\/corrientesdetarde.com\/index.php\/wp-json\/wp\/v2\/posts"}],"about":[{"href":"https:\/\/corrientesdetarde.com\/index.php\/wp-json\/wp\/v2\/types\/post"}],"author":[{"embeddable":true,"href":"https:\/\/corrientesdetarde.com\/index.php\/wp-json\/wp\/v2\/users\/8"}],"replies":[{"embeddable":true,"href":"https:\/\/corrientesdetarde.com\/index.php\/wp-json\/wp\/v2\/comments?post=84556"}],"version-history":[{"count":1,"href":"https:\/\/corrientesdetarde.com\/index.php\/wp-json\/wp\/v2\/posts\/84556\/revisions"}],"predecessor-version":[{"id":84561,"href":"https:\/\/corrientesdetarde.com\/index.php\/wp-json\/wp\/v2\/posts\/84556\/revisions\/84561"}],"wp:featuredmedia":[{"embeddable":true,"href":"https:\/\/corrientesdetarde.com\/index.php\/wp-json\/wp\/v2\/media\/84560"}],"wp:attachment":[{"href":"https:\/\/corrientesdetarde.com\/index.php\/wp-json\/wp\/v2\/media?parent=84556"}],"wp:term":[{"taxonomy":"category","embeddable":true,"href":"https:\/\/corrientesdetarde.com\/index.php\/wp-json\/wp\/v2\/categories?post=84556"},{"taxonomy":"post_tag","embeddable":true,"href":"https:\/\/corrientesdetarde.com\/index.php\/wp-json\/wp\/v2\/tags?post=84556"}],"curies":[{"name":"wp","href":"https:\/\/api.w.org\/{rel}","templated":true}]}}