{"id":84569,"date":"2023-08-31T16:40:04","date_gmt":"2023-08-31T19:40:04","guid":{"rendered":"https:\/\/corrientesdetarde.com\/?p=84569"},"modified":"2023-08-31T16:40:15","modified_gmt":"2023-08-31T19:40:15","slug":"aprueban-en-comision-del-senado-proyecto-para-regular-los-alquileres-temporarios-para-turismo","status":"publish","type":"post","link":"https:\/\/corrientesdetarde.com\/index.php\/politica\/aprueban-en-comision-del-senado-proyecto-para-regular-los-alquileres-temporarios-para-turismo\/","title":{"rendered":"Aprueban en comisi\u00f3n del Senado proyecto para regular los alquileres temporarios para turismo"},"content":{"rendered":"\n<p>La iniciativa fue respaldada por unanimidad tanto por el oficialismo como por la oposici\u00f3n y qued\u00f3 lista para ser tratada en la pr\u00f3xima sesi\u00f3n.<\/p>\n\n\n\n<p>Un proyecto de ley que busca&nbsp;<strong>regular los alquileres temporarios con fines tur\u00edsticos<\/strong>&nbsp;fue aprobado este jueves por unanimidad por los senadores del oficialismo y de la oposici\u00f3n, en un plenario de comisiones que dej\u00f3 el texto listo para ser tratado en el recinto en la pr\u00f3xima sesi\u00f3n, cuya fecha est\u00e1 a\u00fan por definir.<\/p>\n\n\n\n<p>Los senadores del Frente de Todos (FdT) y de Juntos por el Cambio (JxC) acordaron unificar dos iniciativas, una de la oficialista santacruce\u00f1a<strong>\u00a0Ana Mar\u00eda Ianni\u00a0<\/strong>y otro de la radical mendocina\u00a0<strong>Mariana Juri<\/strong>, para crear un registro a nivel nacional sobre quienes ofrezcan inmuebles para alquileres a turistas.<\/p>\n\n\n\n<p>La iniciativa propone regular y desdolarizar a plataformas como Airbnb, que est\u00e1n fuera del marco normativo del Estado, e incluso fija sanciones por incumplimientos.<\/p>\n\n\n\n<figure class=\"wp-block-image\"><img decoding=\"async\" src=\"https:\/\/media.minutouno.com\/p\/3bd96b341778239815f1481c461f0b61\/adjuntos\/150\/imagenes\/037\/632\/0037632050\/610x0\/smart\/airbnb-despedira-1900-trabajadores.jpg\" alt=\"\" title=\"\"\/><\/figure>\n\n\n\n<p>La propuesta, muy similar a la presentada recientemente por la diputada kirchnerista&nbsp;<strong>Paula Penacca<\/strong>&nbsp;en la C\u00e1mara baja,&nbsp;estipula que para que la locaci\u00f3n de un inmueble se considere de alquiler temporario debe rentarse por un espacio de entre 1 y 90 d\u00edas.<\/p>\n\n\n\n<p>La iniciativa alcanza a \u201clos propietarios o administradores que cuenten con poder o autorizaci\u00f3n correspondiente para comercializar inmuebles de forma temporaria, los hu\u00e9spedes y toda persona que comercialice, publicite u ofrezca a trav\u00e9s de cualquier medio viviendas de alquiler temporario para uso tur\u00edstico\u201d.<\/p>\n\n\n\n<p>Asimismo, se&nbsp;propone la creaci\u00f3n del Registro Nacional de Viviendas de Alquiler Tur\u00edstico Temporario, en el \u00e1mbito del Ministerio de Turismo.<\/p>\n\n\n\n<p>Adem\u00e1s, establece que \u201clas plataformas digitales que ofrezcan, intermedien, o celebren contratos de locaci\u00f3n temporarios con fines tur\u00edsticos&nbsp;deber\u00e1n habilitar un campo en la plataforma digital para que el propietario informe el n\u00famero de inscripci\u00f3n ante el registro de cada unidad; y proceder a la baja, retiro o suspensi\u00f3n de toda publicaci\u00f3n que no posea el n\u00famero de inscripci\u00f3n en el registro, previa notificaci\u00f3n fehaciente al propietario o administrador de la unidad en alquiler\u201d.<\/p>\n\n\n\n<figure class=\"wp-block-image\"><img decoding=\"async\" src=\"https:\/\/media.minutouno.com\/p\/b421dc9a19793c9f734fc50b8ef9bffb\/adjuntos\/150\/imagenes\/040\/635\/0040635662\/senado-alcohol-cerojpg.jpg?2023-04-13-23-28-24\" alt=\"\" title=\"\"\/><\/figure>\n\n\n\n<p>En el plenario de comisiones de Legislaci\u00f3n General y Turismo, la senadora Ianni dio detalles del proyecto de ley y explic\u00f3 que&nbsp;se trata de &#8220;evitar la competencia desleal con otros servicios&#8221; como los hoteleros.<\/p>\n\n\n\n<p>Juri, por su parte, dijo que&nbsp;no se busca &#8220;limitar sino otorgar derechos y garant\u00edas a quienes quieren alquilar&#8221;&nbsp;y tambi\u00e9n prevenir por ejemplo hechos como &#8220;anomal\u00edas en el inmueble como escapes de gas&#8221; o usurpaciones si quien alquila no desocupa el lugar una vez vencido el plazo de alquiler.<\/p>\n\n\n\n<p>Adem\u00e1s recalc\u00f3 que&nbsp;la moneda en la que deber\u00e1n pactarse este tipo de contratos ser\u00e1 en pesos y no en d\u00f3lares, como ocurre en la actualidad en la mayor\u00eda de los casos.<\/p>\n\n\n\n<p><strong>Mariano Recalde<\/strong>, del FdT porte\u00f1o, precis\u00f3 que&nbsp;en la Ciudad de Buenos Aires &#8220;hay 26 mil unidades ofrecidas por la plataforma (Airbnb) y s\u00f3lo 583 est\u00e1n registradas&#8221;.<\/p>\n\n\n\n<p>En ese sentido, record\u00f3 que&nbsp;en la Ciudad de Buenos Aires hay una ley similar que no se cumple y consider\u00f3 que se necesita un rol m\u00e1s activo del Estado&nbsp;para que haga cumplir la ley.<\/p>\n","protected":false},"excerpt":{"rendered":"<p>La iniciativa fue respaldada por unanimidad tanto por el oficialismo como por la oposici\u00f3n y qued\u00f3 lista para ser tratada en la pr\u00f3xima sesi\u00f3n. Un proyecto de ley que busca&nbsp;regular&hellip; <\/p>\n","protected":false},"author":8,"featured_media":84570,"comment_status":"closed","ping_status":"open","sticky":false,"template":"","format":"standard","meta":{"footnotes":""},"categories":[3],"tags":[],"class_list":["post-84569","post","type-post","status-publish","format-standard","has-post-thumbnail","hentry","category-politica"],"_links":{"self":[{"href":"https:\/\/corrientesdetarde.com\/index.php\/wp-json\/wp\/v2\/posts\/84569","targetHints":{"allow":["GET"]}}],"collection":[{"href":"https:\/\/corrientesdetarde.com\/index.php\/wp-json\/wp\/v2\/posts"}],"about":[{"href":"https:\/\/corrientesdetarde.com\/index.php\/wp-json\/wp\/v2\/types\/post"}],"author":[{"embeddable":true,"href":"https:\/\/corrientesdetarde.com\/index.php\/wp-json\/wp\/v2\/users\/8"}],"replies":[{"embeddable":true,"href":"https:\/\/corrientesdetarde.com\/index.php\/wp-json\/wp\/v2\/comments?post=84569"}],"version-history":[{"count":1,"href":"https:\/\/corrientesdetarde.com\/index.php\/wp-json\/wp\/v2\/posts\/84569\/revisions"}],"predecessor-version":[{"id":84571,"href":"https:\/\/corrientesdetarde.com\/index.php\/wp-json\/wp\/v2\/posts\/84569\/revisions\/84571"}],"wp:featuredmedia":[{"embeddable":true,"href":"https:\/\/corrientesdetarde.com\/index.php\/wp-json\/wp\/v2\/media\/84570"}],"wp:attachment":[{"href":"https:\/\/corrientesdetarde.com\/index.php\/wp-json\/wp\/v2\/media?parent=84569"}],"wp:term":[{"taxonomy":"category","embeddable":true,"href":"https:\/\/corrientesdetarde.com\/index.php\/wp-json\/wp\/v2\/categories?post=84569"},{"taxonomy":"post_tag","embeddable":true,"href":"https:\/\/corrientesdetarde.com\/index.php\/wp-json\/wp\/v2\/tags?post=84569"}],"curies":[{"name":"wp","href":"https:\/\/api.w.org\/{rel}","templated":true}]}}