{"id":84572,"date":"2023-08-31T16:45:36","date_gmt":"2023-08-31T19:45:36","guid":{"rendered":"https:\/\/corrientesdetarde.com\/?p=84572"},"modified":"2023-08-31T16:45:48","modified_gmt":"2023-08-31T19:45:48","slug":"axel-kicillof-busca-contener-al-nucleo-duro-kirchnerista-para-impulsar-la-candidatura-de-sergio-massa","status":"publish","type":"post","link":"https:\/\/corrientesdetarde.com\/index.php\/nacionales\/axel-kicillof-busca-contener-al-nucleo-duro-kirchnerista-para-impulsar-la-candidatura-de-sergio-massa\/","title":{"rendered":"Axel Kicillof busca contener al n\u00facleo duro kirchnerista para impulsar la candidatura de Sergio Massa"},"content":{"rendered":"\n<p>El gobernador bonaerense se reuni\u00f3 con Juan Grabois y con el l\u00edder de la CTA Aut\u00f3noma, Hugo \u201cCachorro\u201d Godoy. Le plantearon un respaldo al tigrense con condicionamientos y lanzaron advertencias sobre su resistencia ante cualquier intento de ajuste.<\/p>\n\n\n\n<p><a href=\"https:\/\/tn.com.ar\/autor\/Mariana+Prado\/\"><\/a>El resultado de las PASO gener\u00f3 preocupaci\u00f3n en el kirchnerismo. M\u00e1s all\u00e1 del magro desempe\u00f1o de\u00a0Sergio Massa el gobernador bonaerense,\u00a0Axel Kicillof, no obtuvo la diferencia que esperaba y perdi\u00f3 1,7 millones de votos respecto de las primarias de 2019. El<strong>\u00a0riesgo de una derrota en la provincia de Buenos Aires\u00a0<\/strong>encendi\u00f3 las\u00a0<strong>alertas<\/strong>, pero tambi\u00e9n lo hizo el desaf\u00edo de la gesti\u00f3n con Javier Milei o Patricia Bullrich al frente de la Casa Rosada.<\/p>\n\n\n\n<p>Con estas preocupaciones en la mira,\u00a0<strong>Kicillof se reuni\u00f3\u00a0<\/strong>en las \u00faltimas horas con el l\u00edder de Patria Grande y exprecandidato presidencial de Uni\u00f3n por la Patria,\u00a0Juan Grabois y con el secretario general de la CTA Aut\u00f3noma,\u00a0Hugo &#8221; Cachorro &#8221; Godoy, dos referentes pol\u00edticos que tuvieron sus diferencias con Cristina Kirchner, pero que -saldadas las disputas- la reconocen como la l\u00edder de la coalici\u00f3n de gobierno.<\/p>\n\n\n\n<p>Para este segundo tramo de la campa\u00f1a,&nbsp;<strong>la estrategia del n\u00facleo duro kirchnerista es sumar respaldos<\/strong>&nbsp;para intentar garantizar la&nbsp;<strong>reelecci\u00f3n de Kicillof<\/strong>&nbsp;y apalancar la candidatura de&nbsp;<strong>Massa,<\/strong>&nbsp;para que entre en el&nbsp;<strong>balotaje<\/strong>.<\/p>\n\n\n\n<p>Pero contener a todos detr\u00e1s del tigrense no es f\u00e1cil.&nbsp;<strong>Tanto Grabois con Godoy plantearon condicionamientos&nbsp;<\/strong>y en varias oportunidades advirtieron que resistir\u00e1n cualquier intento de ajuste, del gobierno que sea, incluso de uno propio. Sin embargo, ambos garantizaron que har\u00e1n campa\u00f1a para que Massa sea presidente.<\/p>\n\n\n\n<h2 class=\"wp-block-heading\">Juan Grabois le puso precio a los casi 1,4 millones de votos que obtuvo en las PASO<\/h2>\n\n\n\n<p>\u201c<strong>Apoyo s\u00ed, cheque en blanco no<\/strong>\u201d, fue una de las primeras reflexiones de Grabois tras las PASO. Si bien confirm\u00f3 su apoyo a la f\u00f3rmula vencedora de UxP, puso varios condicionamientos y se los repiti\u00f3 a Kicillof: \u201cVamos a poner todo para que Uni\u00f3n por la Patria gane en octubre, mientras seguimos empujando la incorporaci\u00f3n del Plan de Desarrollo Humano Integral al programa de gobierno y peleando por m\u00e1s medidas urgentes para la restituci\u00f3n de los derechos sociales de los trabajadores y los humildes\u201d, le dijo.<\/p>\n\n\n\n<p>\u201c<strong>La intensidad de ese apoyo va a estar sin duda vinculada<\/strong>&nbsp;a que los candidatos de Uni\u00f3n por la Patria, el ministro Sergio Massa y el jefe de gabinete Agust\u00edn Rossi, asuman una perspectiva de<strong>&nbsp;justicia social con acciones concretas<\/strong>, que tomen medidas urgentes para el pueblo\u201d, agreg\u00f3.<\/p>\n\n\n\n<p>Sin dejar de reconocer las diferencias que lo separan de Massa, el l\u00edder de Patria Grande prefiere&nbsp;<strong>polarizar con Bullrich y con Milei<\/strong>, la estrategia de campa\u00f1a del oficialismo para esta etapa de la campa\u00f1a.<\/p>\n\n\n\n<figure class=\"wp-block-image\"><img decoding=\"async\" src=\"https:\/\/tn.com.ar\/resizer\/831SCC6LcmizESUkz0fUGLFHZ1A=\/767x0\/smart\/filters:format(webp)\/cloudfront-us-east-1.images.arcpublishing.com\/artear\/UYSTWRGLKZAKRCNKWYBIJT3RGQ.JPG\" alt=\"Tuit de Juan Grabois (Foto: Captura de Twitter\/@JuanGrabois).\"\/><\/figure>\n\n\n\n<p>\u201cSomos conscientes de la necesidad de afrontar este momento de crisis en las condiciones que nos toca. Poniendo la cara, poniendo el cuerpo,\u00a0<strong>asumiendo las contradicciones\u00a0<\/strong>como parte de un proceso m\u00e1s amplio y profundo que si tenemos la paciencia, persistencia y grandeza necesaria va a avanzar hacia el trasvasamiento generacional\u201d, escribi\u00f3 en su cuenta de la red social\u00a0<em>Twitter<\/em>.<\/p>\n\n\n\n<p>En un efecto de contenci\u00f3n,&nbsp;<strong>el gobernador se sum\u00f3 a las prioridades que plante\u00f3 Grabois<\/strong>&nbsp;en su plan de gobierno y tambi\u00e9n eligi\u00f3 como eje de las cr\u00edticas a los dos principales candidatos presidenciales de la oposici\u00f3n. \u201cConversamos sobre la responsabilidad hist\u00f3rica de<strong>&nbsp;frenar los proyectos que buscan quitar derechos<\/strong>, sobre la perspectiva de un desarrollo humano integral y la agenda de tierra, techo y trabajo\u201d, dijo el bonaerense.<\/p>\n\n\n\n<p>Desde el n\u00facleo duro kirchnerista&nbsp;<strong>buscan retener la provincia de Buenos Aires<\/strong>, el principal basti\u00f3n de su proyecto pol\u00edtico y, aunque la elecci\u00f3n se gana por un voto, saben que no ser\u00e1 una tarea tan f\u00e1cil como la hab\u00edan proyectado. Pero adem\u00e1s, necesitan&nbsp;<strong>tener un gobierno del mismo signo pol\u00edtico<\/strong>&nbsp;en la Casa Rosada para sostener el proyecto en el territorio.<\/p>\n\n\n\n<p>Para\u00a0<strong>los libertarios y para Juntos por el Cambio la ecuaci\u00f3n es bastante similar<\/strong>. Tambi\u00e9n necesitan sinton\u00eda entre el gobierno nacional y el provincial, en caso de llegar al sill\u00f3n de Rivadavia.<\/p>\n\n\n\n<h2 class=\"wp-block-heading\">Cr\u00edticas del sindicalismo k a Massa<\/h2>\n\n\n\n<p>La conducci\u00f3n de la CTA se reuni\u00f3 con Kicillof \u201cpara analizar el contexto pol\u00edtico y econ\u00f3mico que atraviesa hoy la Naci\u00f3n y la Provincia\u201d, confirm\u00f3 \u201cCachorro\u201d Godoy. \u201c<strong>Destacamos el freno que se le puso en las PASO a los sectores m\u00e1s conservadores<\/strong>. Alentamos el avance de pol\u00edticas en materia de soberan\u00eda y coincidimos en&nbsp;<strong>profundizar&nbsp;<\/strong>un mayor nivel de participaci\u00f3n popular\u201d, escribi\u00f3 en&nbsp;<em>Twitter&nbsp;<\/em>tras el encuentro.<\/p>\n\n\n\n<figure class=\"wp-block-image\"><img decoding=\"async\" src=\"https:\/\/tn.com.ar\/resizer\/AIvgSIm81k_Wdd1YCDyUoSAXyxQ=\/767x0\/smart\/filters:format(webp)\/cloudfront-us-east-1.images.arcpublishing.com\/artear\/KFVY4K6WXBA27OY5O5K3FSDPKE.jfif\" alt=\"Axel Kicillof se reuni\u00f3 con la CTA Aut\u00f3noma, que lidera Hugo &quot;Cachorro&quot; Godoy (Foto: Captura de Twitter\/@CachorroGodoy).\"\/><\/figure>\n\n\n\n<p>Poco antes hab\u00eda criticado las medidas anunciadas por&nbsp;<strong>Massa&nbsp;<\/strong>para contrarrestar el efecto de la devaluaci\u00f3n en el ingreso de los argentinos, por haberse quedado&nbsp;<strong>\u201ca mitad de camino<\/strong>\u201d.<\/p>\n\n\n\n<p>\u201cPara nosotros\u00a0<strong>eran urgentes y necesarias estas medidas<\/strong>, aunque creemos que se quedan a mitad de camino. $60.000 era lo que solicit\u00e1bamos como suma fija en marzo y, la realidad es que la inflaci\u00f3n est\u00e1 mucho m\u00e1s disparada de lo que estaba en ese momento\u201d, dijo.<\/p>\n\n\n\n<p>Organizaciones sociales oficialistas tambi\u00e9n hicieron un planteo similar. Adem\u00e1s, si la mayor\u00eda de los&nbsp;<strong>gobernadores&nbsp;<\/strong>no se suma a dar el bono a los empleados estatales, la medida&nbsp;<strong>podr\u00eda perder efecto.<\/strong><\/p>\n\n\n\n<p>Tanto Godoy como Grabois&nbsp;<strong>son cr\u00edticos del acuerdo con el FMI<\/strong>&nbsp;y advirtieron que&nbsp;<strong>saldr\u00e1n a las calles para resistir cualquier intento de ajuste<\/strong>. El sindicalista marca notoriamente las diferencias entre Kicillof y Massa y apoya incondicionalmente al gobernador que busca su reelecci\u00f3n,&nbsp;<strong>el acompa\u00f1amiento al tigrense es con condicionamientos.<\/strong><\/p>\n","protected":false},"excerpt":{"rendered":"<p>El gobernador bonaerense se reuni\u00f3 con Juan Grabois y con el l\u00edder de la CTA Aut\u00f3noma, Hugo \u201cCachorro\u201d Godoy. Le plantearon un respaldo al tigrense con condicionamientos y lanzaron advertencias&hellip; <\/p>\n","protected":false},"author":8,"featured_media":84573,"comment_status":"closed","ping_status":"open","sticky":false,"template":"","format":"standard","meta":{"footnotes":""},"categories":[10],"tags":[],"class_list":["post-84572","post","type-post","status-publish","format-standard","has-post-thumbnail","hentry","category-nacionales"],"_links":{"self":[{"href":"https:\/\/corrientesdetarde.com\/index.php\/wp-json\/wp\/v2\/posts\/84572","targetHints":{"allow":["GET"]}}],"collection":[{"href":"https:\/\/corrientesdetarde.com\/index.php\/wp-json\/wp\/v2\/posts"}],"about":[{"href":"https:\/\/corrientesdetarde.com\/index.php\/wp-json\/wp\/v2\/types\/post"}],"author":[{"embeddable":true,"href":"https:\/\/corrientesdetarde.com\/index.php\/wp-json\/wp\/v2\/users\/8"}],"replies":[{"embeddable":true,"href":"https:\/\/corrientesdetarde.com\/index.php\/wp-json\/wp\/v2\/comments?post=84572"}],"version-history":[{"count":1,"href":"https:\/\/corrientesdetarde.com\/index.php\/wp-json\/wp\/v2\/posts\/84572\/revisions"}],"predecessor-version":[{"id":84574,"href":"https:\/\/corrientesdetarde.com\/index.php\/wp-json\/wp\/v2\/posts\/84572\/revisions\/84574"}],"wp:featuredmedia":[{"embeddable":true,"href":"https:\/\/corrientesdetarde.com\/index.php\/wp-json\/wp\/v2\/media\/84573"}],"wp:attachment":[{"href":"https:\/\/corrientesdetarde.com\/index.php\/wp-json\/wp\/v2\/media?parent=84572"}],"wp:term":[{"taxonomy":"category","embeddable":true,"href":"https:\/\/corrientesdetarde.com\/index.php\/wp-json\/wp\/v2\/categories?post=84572"},{"taxonomy":"post_tag","embeddable":true,"href":"https:\/\/corrientesdetarde.com\/index.php\/wp-json\/wp\/v2\/tags?post=84572"}],"curies":[{"name":"wp","href":"https:\/\/api.w.org\/{rel}","templated":true}]}}