{"id":84576,"date":"2023-08-31T17:16:25","date_gmt":"2023-08-31T20:16:25","guid":{"rendered":"https:\/\/corrientesdetarde.com\/?p=84576"},"modified":"2023-08-31T17:16:29","modified_gmt":"2023-08-31T20:16:29","slug":"expectativa-por-la-reaparicion-de-cfk-en-un-documental-por-el-aniversario-del-atentado-en-su-contra","status":"publish","type":"post","link":"https:\/\/corrientesdetarde.com\/index.php\/nacionales\/expectativa-por-la-reaparicion-de-cfk-en-un-documental-por-el-aniversario-del-atentado-en-su-contra\/","title":{"rendered":"Expectativa por la reaparici\u00f3n de CFK en un documental por el aniversario del atentado en su contra"},"content":{"rendered":"\n<p>En medio de las tensiones dentro del oficialismo por la crisis y la derrota en las PASO, La C\u00e1mpora anunci\u00f3 un trabajo audiovisual sobre el intento de magnicidio que ocurri\u00f3 en septiembre de 2022.<\/p>\n\n\n\n<p>A un a\u00f1o del intento de magnicidio (1\u00b0 de septiembre de 2022) de la vicepresidenta\u00a0Cristina Kirchner, se espera que reaparezca en un documental de La C\u00e1mpora que tiene fecha de publicaci\u00f3n para hoy a las 20:00.<\/p>\n\n\n\n<p>Se tratar\u00eda de la primera aparici\u00f3n de la l\u00edder popular luego de la derrota de Uni\u00f3n por la Patria en las elecciones PASO del 13 de agosto.<\/p>\n","protected":false},"excerpt":{"rendered":"<p>En medio de las tensiones dentro del oficialismo por la crisis y la derrota en las PASO, La C\u00e1mpora anunci\u00f3 un trabajo audiovisual sobre el intento de magnicidio que ocurri\u00f3&hellip; <\/p>\n","protected":false},"author":8,"featured_media":84577,"comment_status":"closed","ping_status":"open","sticky":false,"template":"","format":"standard","meta":{"footnotes":""},"categories":[10],"tags":[],"class_list":["post-84576","post","type-post","status-publish","format-standard","has-post-thumbnail","hentry","category-nacionales"],"_links":{"self":[{"href":"https:\/\/corrientesdetarde.com\/index.php\/wp-json\/wp\/v2\/posts\/84576","targetHints":{"allow":["GET"]}}],"collection":[{"href":"https:\/\/corrientesdetarde.com\/index.php\/wp-json\/wp\/v2\/posts"}],"about":[{"href":"https:\/\/corrientesdetarde.com\/index.php\/wp-json\/wp\/v2\/types\/post"}],"author":[{"embeddable":true,"href":"https:\/\/corrientesdetarde.com\/index.php\/wp-json\/wp\/v2\/users\/8"}],"replies":[{"embeddable":true,"href":"https:\/\/corrientesdetarde.com\/index.php\/wp-json\/wp\/v2\/comments?post=84576"}],"version-history":[{"count":1,"href":"https:\/\/corrientesdetarde.com\/index.php\/wp-json\/wp\/v2\/posts\/84576\/revisions"}],"predecessor-version":[{"id":84578,"href":"https:\/\/corrientesdetarde.com\/index.php\/wp-json\/wp\/v2\/posts\/84576\/revisions\/84578"}],"wp:featuredmedia":[{"embeddable":true,"href":"https:\/\/corrientesdetarde.com\/index.php\/wp-json\/wp\/v2\/media\/84577"}],"wp:attachment":[{"href":"https:\/\/corrientesdetarde.com\/index.php\/wp-json\/wp\/v2\/media?parent=84576"}],"wp:term":[{"taxonomy":"category","embeddable":true,"href":"https:\/\/corrientesdetarde.com\/index.php\/wp-json\/wp\/v2\/categories?post=84576"},{"taxonomy":"post_tag","embeddable":true,"href":"https:\/\/corrientesdetarde.com\/index.php\/wp-json\/wp\/v2\/tags?post=84576"}],"curies":[{"name":"wp","href":"https:\/\/api.w.org\/{rel}","templated":true}]}}