{"id":84579,"date":"2023-08-31T17:18:53","date_gmt":"2023-08-31T20:18:53","guid":{"rendered":"https:\/\/corrientesdetarde.com\/?p=84579"},"modified":"2023-08-31T17:19:04","modified_gmt":"2023-08-31T20:19:04","slug":"jugo-para-italia-pero-luego-eligio-a-la-argentina-bruno-zapelli-la-sorpresa-de-la-lista-de-lionel-scaloni","status":"publish","type":"post","link":"https:\/\/corrientesdetarde.com\/index.php\/deportes\/jugo-para-italia-pero-luego-eligio-a-la-argentina-bruno-zapelli-la-sorpresa-de-la-lista-de-lionel-scaloni\/","title":{"rendered":"Jug\u00f3 para Italia, pero luego eligi\u00f3 a la Argentina: Bruno Zapelli, la sorpresa de la lista de Lionel Scaloni"},"content":{"rendered":"\n<p>El exfutbolista de Belgrano fue citado por primera vez para el combinado albiceleste.<\/p>\n\n\n\n<p><strong>Bruno Zapelli<\/strong>\u00a0es una de las sorpresas de Lionel Scaloni\u00a0para el debut de la\u00a0Selecci\u00f3n argentina en las Eliminatorias Sudamericanas. El exvolante de\u00a0<strong>Belgrano\u00a0<\/strong>de C\u00f3rdoba jug\u00f3 este a\u00f1o para el combinado sub 21 de\u00a0<strong>Italia\u00a0<\/strong>y vestir\u00e1 la camiseta albiceleste luego de una charla que tuvo con<strong>\u00a0Javier Mascherano<\/strong>.<\/p>\n\n\n\n<p>En marzo de este a\u00f1o, el enganche que todav\u00eda deleitaba con sus gambetas a los hinchas del Pirata fue citado por&nbsp;<strong>Roberto Mancini<\/strong>. Sin embargo, como no debut\u00f3 en la mayor, puede jugar para Argentina. Si hiciera su debut, tendr\u00eda que esperar tres a\u00f1os para jugar con otra selecci\u00f3n.<\/p>\n\n\n\n<p>Actualmente, Zapelli juega en Atl\u00e9tico Paranaense de Brasil: lo compr\u00f3 por m\u00e1s de cuatro millones de d\u00f3lares en este mercado de pases. En Belgrano hab\u00eda conseguido el ascenso la temporada pasada siendo una de las figuras. En total, en el Pirata jug\u00f3 88 partidos y marc\u00f3 cinco goles.<\/p>\n\n\n\n<figure class=\"wp-block-image\"><img decoding=\"async\" src=\"https:\/\/tn.com.ar\/resizer\/GaMuLxb7rMrynQe1Mhfd7kdQH-g=\/767x0\/smart\/filters:format(webp)\/cloudfront-us-east-1.images.arcpublishing.com\/artear\/M25NL6UQLBBU7N7DV7BE4MPRB4.jpg\" alt=\"Bruno Zapelli, convocado por Lionel Scaloni. (Foto: Instagram @bruno_zapelli)\"\/><\/figure>\n\n\n\n<p>El enganche de 21 a\u00f1os siempre fue distinto, pero tuvo algunos problemas. Una d\u00e9cada atr\u00e1s, cuando era apenas un ni\u00f1o de 11, qued\u00f3 en una prueba que hizo el Villarreal de Espa\u00f1a, pero tuvo que regresar al pa\u00eds porque la FIFA se hab\u00eda puesto muy estricta con los fichajes a menores de edad.<\/p>\n\n\n\n<p>En su regreso a la Argentina,<strong>&nbsp;Zapelli se prob\u00f3 en Boca<\/strong>, pero no tuvo suerte: si bien mostraba un excelente nivel futbol\u00edstico, f\u00edsicamente no estaba bien y fue rechazado por los entrenadores de inferiores del Xeneize.<\/p>\n\n\n\n<p>Finalmente recal\u00f3 en Belgrano, club de su provincia, y ah\u00ed lleg\u00f3 a primera. Luego de la convocatoria de Italia sub 21, Mascherano habl\u00f3 con \u00e9l y le asegur\u00f3 que ten\u00eda futuro con la camiseta de la Selecci\u00f3n argentina. El entrenador de las juveniles&nbsp;<strong>lo tiene en consideraci\u00f3n para integrar la sub 23<\/strong>&nbsp;que jugar\u00e1 el Preol\u00edmpico.<\/p>\n","protected":false},"excerpt":{"rendered":"<p>El exfutbolista de Belgrano fue citado por primera vez para el combinado albiceleste. Bruno Zapelli\u00a0es una de las sorpresas de Lionel Scaloni\u00a0para el debut de la\u00a0Selecci\u00f3n argentina en las Eliminatorias&hellip; <\/p>\n","protected":false},"author":8,"featured_media":84580,"comment_status":"closed","ping_status":"open","sticky":false,"template":"","format":"standard","meta":{"footnotes":""},"categories":[4],"tags":[],"class_list":["post-84579","post","type-post","status-publish","format-standard","has-post-thumbnail","hentry","category-deportes"],"_links":{"self":[{"href":"https:\/\/corrientesdetarde.com\/index.php\/wp-json\/wp\/v2\/posts\/84579","targetHints":{"allow":["GET"]}}],"collection":[{"href":"https:\/\/corrientesdetarde.com\/index.php\/wp-json\/wp\/v2\/posts"}],"about":[{"href":"https:\/\/corrientesdetarde.com\/index.php\/wp-json\/wp\/v2\/types\/post"}],"author":[{"embeddable":true,"href":"https:\/\/corrientesdetarde.com\/index.php\/wp-json\/wp\/v2\/users\/8"}],"replies":[{"embeddable":true,"href":"https:\/\/corrientesdetarde.com\/index.php\/wp-json\/wp\/v2\/comments?post=84579"}],"version-history":[{"count":1,"href":"https:\/\/corrientesdetarde.com\/index.php\/wp-json\/wp\/v2\/posts\/84579\/revisions"}],"predecessor-version":[{"id":84581,"href":"https:\/\/corrientesdetarde.com\/index.php\/wp-json\/wp\/v2\/posts\/84579\/revisions\/84581"}],"wp:featuredmedia":[{"embeddable":true,"href":"https:\/\/corrientesdetarde.com\/index.php\/wp-json\/wp\/v2\/media\/84580"}],"wp:attachment":[{"href":"https:\/\/corrientesdetarde.com\/index.php\/wp-json\/wp\/v2\/media?parent=84579"}],"wp:term":[{"taxonomy":"category","embeddable":true,"href":"https:\/\/corrientesdetarde.com\/index.php\/wp-json\/wp\/v2\/categories?post=84579"},{"taxonomy":"post_tag","embeddable":true,"href":"https:\/\/corrientesdetarde.com\/index.php\/wp-json\/wp\/v2\/tags?post=84579"}],"curies":[{"name":"wp","href":"https:\/\/api.w.org\/{rel}","templated":true}]}}