{"id":84585,"date":"2023-08-31T17:29:54","date_gmt":"2023-08-31T20:29:54","guid":{"rendered":"https:\/\/corrientesdetarde.com\/?p=84585"},"modified":"2023-08-31T17:29:57","modified_gmt":"2023-08-31T20:29:57","slug":"javier-milei-y-fatima-florez-se-mostraran-en-publico-como-pareja-por-primera-vez","status":"publish","type":"post","link":"https:\/\/corrientesdetarde.com\/index.php\/politica\/javier-milei-y-fatima-florez-se-mostraran-en-publico-como-pareja-por-primera-vez\/","title":{"rendered":"Javier Milei y F\u00e1tima Fl\u00f3rez se mostrar\u00e1n en p\u00fablico como pareja por primera vez"},"content":{"rendered":"\n<p>El candidato a presidente por La Libertad Avanza asistir\u00e1 al cierre de la Expo EFI 2023 acompa\u00f1ado por la actriz y flamante novia.<\/p>\n\n\n\n<p><strong>Javier Milei<\/strong>&nbsp;y&nbsp;<strong>F\u00e1tima Fl\u00f3rez<\/strong>&nbsp;har\u00e1n su primera aparici\u00f3n p\u00fablica como pareja despu\u00e9s de la confirmaci\u00f3n del romance la semana pasada. Ser\u00e1 este jueves en el cierre de la Expo EFI, un evento que re\u00fane a una gran parte de los empresarios argentinos con una agenda marcada por la actualidad econ\u00f3mica, financiera y pol\u00edtica del pa\u00eds.<\/p>\n\n\n\n<p>De la exposici\u00f3n, en la que Milei brindar\u00e1 un discurso, ya participaron diferentes organizaciones como la Confederaci\u00f3n Argentina de la Mediana Empresa (CAME), la Uni\u00f3n Industrial Argentina (UIA), la C\u00e1mara Argentina de Comercio y Servicios (CAC) y la Sociedad Rural Argentina (SRA).<\/p>\n\n\n\n<figure class=\"wp-block-image\"><img decoding=\"async\" src=\"https:\/\/media.minutouno.com\/p\/427cc69063752fc9828f327785300311\/adjuntos\/150\/imagenes\/040\/930\/0040930189\/milei.jpg?2023-08-23-12-58-28\" alt=\"\" title=\"\"\/><\/figure>\n\n\n\n<p>El pasado 21 de agosto, una semana despu\u00e9s de transformarse en el candidato m\u00e1s votado en las \u00faltimas elecciones PASO, el diputado nacional confirm\u00f3 el romance con Florez. \u201cEs muy lindo habernos encontrado. El tiempo vuela cuando estamos juntos\u201d, fueron las primeras palabras por parte de la imitadora.<\/p>\n\n\n\n<p>Si bien comentarios maliciosos apuntaron a un acuerdo o contrataci\u00f3n por parte de Milei en el marco de su campa\u00f1a presidencial, la pareja confirm\u00f3 el v\u00ednculo.<\/p>\n\n\n\n<figure class=\"wp-block-image\"><img decoding=\"async\" src=\"https:\/\/media.minutouno.com\/p\/34922a8c03f6bf7603531c656ae7419d\/adjuntos\/150\/imagenes\/040\/943\/0040943550\/fatima-florez.jpg?2023-08-29-16-07-12\" alt=\"\" title=\"\"\/><\/figure>\n\n\n\n<p>Florez viene de una reciente ruptura con&nbsp;<strong>Norberto Marcos<\/strong>, quien adem\u00e1s era su m\u00e1nager, mientras que Milei tuvo un romance con la cantante&nbsp;<strong>Daniela<\/strong>.<\/p>\n","protected":false},"excerpt":{"rendered":"<p>El candidato a presidente por La Libertad Avanza asistir\u00e1 al cierre de la Expo EFI 2023 acompa\u00f1ado por la actriz y flamante novia. Javier Milei&nbsp;y&nbsp;F\u00e1tima Fl\u00f3rez&nbsp;har\u00e1n su primera aparici\u00f3n p\u00fablica&hellip; <\/p>\n","protected":false},"author":8,"featured_media":84586,"comment_status":"closed","ping_status":"open","sticky":false,"template":"","format":"standard","meta":{"footnotes":""},"categories":[3],"tags":[],"class_list":["post-84585","post","type-post","status-publish","format-standard","has-post-thumbnail","hentry","category-politica"],"_links":{"self":[{"href":"https:\/\/corrientesdetarde.com\/index.php\/wp-json\/wp\/v2\/posts\/84585","targetHints":{"allow":["GET"]}}],"collection":[{"href":"https:\/\/corrientesdetarde.com\/index.php\/wp-json\/wp\/v2\/posts"}],"about":[{"href":"https:\/\/corrientesdetarde.com\/index.php\/wp-json\/wp\/v2\/types\/post"}],"author":[{"embeddable":true,"href":"https:\/\/corrientesdetarde.com\/index.php\/wp-json\/wp\/v2\/users\/8"}],"replies":[{"embeddable":true,"href":"https:\/\/corrientesdetarde.com\/index.php\/wp-json\/wp\/v2\/comments?post=84585"}],"version-history":[{"count":1,"href":"https:\/\/corrientesdetarde.com\/index.php\/wp-json\/wp\/v2\/posts\/84585\/revisions"}],"predecessor-version":[{"id":84587,"href":"https:\/\/corrientesdetarde.com\/index.php\/wp-json\/wp\/v2\/posts\/84585\/revisions\/84587"}],"wp:featuredmedia":[{"embeddable":true,"href":"https:\/\/corrientesdetarde.com\/index.php\/wp-json\/wp\/v2\/media\/84586"}],"wp:attachment":[{"href":"https:\/\/corrientesdetarde.com\/index.php\/wp-json\/wp\/v2\/media?parent=84585"}],"wp:term":[{"taxonomy":"category","embeddable":true,"href":"https:\/\/corrientesdetarde.com\/index.php\/wp-json\/wp\/v2\/categories?post=84585"},{"taxonomy":"post_tag","embeddable":true,"href":"https:\/\/corrientesdetarde.com\/index.php\/wp-json\/wp\/v2\/tags?post=84585"}],"curies":[{"name":"wp","href":"https:\/\/api.w.org\/{rel}","templated":true}]}}