{"id":84595,"date":"2023-08-31T20:59:16","date_gmt":"2023-08-31T23:59:16","guid":{"rendered":"https:\/\/corrientesdetarde.com\/?p=84595"},"modified":"2023-08-31T21:08:50","modified_gmt":"2023-09-01T00:08:50","slug":"tras-dar-el-portazo-en-argentinos-gabriel-milito-rechazo-la-oferta-de-cruzeiro","status":"publish","type":"post","link":"https:\/\/corrientesdetarde.com\/index.php\/deportes\/tras-dar-el-portazo-en-argentinos-gabriel-milito-rechazo-la-oferta-de-cruzeiro\/","title":{"rendered":"Tras dar el portazo en Argentinos, Gabriel Milito rechaz\u00f3 la oferta de Cruzeiro"},"content":{"rendered":"\n<p>El entrenador agradeci\u00f3 el inter\u00e9s del club brasilero y manifest\u00f3 que estar\u00e1 inactivo. Tambi\u00e9n estar\u00eda bajo la lupa de la selecci\u00f3n de Costa Rica.\u00a0<\/p>\n\n\n\n<p><strong>Tras la sorpresiva salida de Gabriel Milito como entrenador de Argentinos Juniors<\/strong>, luego de la eliminaci\u00f3n de la Copa Argentina, este jueves el DT&nbsp;<strong>rechaz\u00f3 una propuesta tentadora para dirigir al Cruzeiro.<\/strong><\/p>\n\n\n\n<p>Milito<strong>&nbsp;present\u00f3 la renuncia ante los dirigentes del club de la Paternal<\/strong>&nbsp;y puso fin a su cargo,<strong>&nbsp;tras la eliminaci\u00f3n en la Copa Argentina<\/strong>&nbsp;en manos de San Mart\u00edn de San Juan, en instancias de octavos de final. Ten\u00eda contrato hasta 2027.<\/p>\n\n\n\n<p>Anteriormente, hab\u00eda ca\u00eddo en los octavos de final de la Copa Libertadores de Am\u00e9rica contra Fluminense luego de una serie apretada. Y en el torneo local perdi\u00f3 ante Arsenal.<\/p>\n\n\n\n<figure class=\"wp-block-embed is-type-rich is-provider-twitter wp-block-embed-twitter\"><div class=\"wp-block-embed__wrapper\">\n<blockquote class=\"twitter-tweet\" data-width=\"550\" data-dnt=\"true\"><p lang=\"es\" dir=\"ltr\"><a href=\"https:\/\/twitter.com\/hashtag\/AHORA?src=hash&amp;ref_src=twsrc%5Etfw\">#AHORA<\/a> | Cristian Malaspina, Presidente de Argentinos Juniors, en <a href=\"https:\/\/twitter.com\/hashtag\/ComoTeVa?src=hash&amp;ref_src=twsrc%5Etfw\">#ComoTeVa<\/a>:<br><br>\ud83d\udcac &quot;Era algo que no lo vi venir, fue algo sorpresivo&quot;.<br><br>\ud83d\udcac &quot;Hace 15 dias est\u00e1bamos jugando los octavos de final de la Libertadores&quot;. <a href=\"https:\/\/t.co\/hjX7jbghz4\">pic.twitter.com\/hjX7jbghz4<\/a><\/p>&mdash; D Sports Radio (@DSportsRadio) <a href=\"https:\/\/twitter.com\/DSportsRadio\/status\/1697304964459081825?ref_src=twsrc%5Etfw\">August 31, 2023<\/a><\/blockquote><script async src=\"https:\/\/platform.twitter.com\/widgets.js\" charset=\"utf-8\"><\/script>\n<\/div><\/figure>\n\n\n\n<p>Apenas transcurridas las 24 horas de su renuncia<strong>, recibi\u00f3 una oferta tentadora del Cruzeiro, quien cerro el ciclo de Pedro Miguel Marques<\/strong>&nbsp;luego de un flojo comienzo en la temporada de regreso a la S\u00e9rie A del Brasileirao.<\/p>\n\n\n\n<p>Pero Gabriel Milito<strong>&nbsp;agradeci\u00f3 el inter\u00e9s del club brasilero y manifest\u00f3 que tiene en mente permanecer un tiempo sin trabajar.<\/strong><\/p>\n\n\n\n<p>Por otra parte, el ex defensor&nbsp;<strong>estar\u00eda bajo la lupa de la Selecci\u00f3n de Costa Rica<\/strong>, que tiene a Claudio Vivas como Director Deportivo de Selecciones Nacionales de la Federaci\u00f3n Costarricense de F\u00fatbol y habr\u00edan mantenido comunicaci\u00f3n. Cabe recordar que Costa Rica est\u00e1 en busca de entrenador tras la salida de Luis Fernando Su\u00e1rez.<\/p>\n","protected":false},"excerpt":{"rendered":"<p>El entrenador agradeci\u00f3 el inter\u00e9s del club brasilero y manifest\u00f3 que estar\u00e1 inactivo. Tambi\u00e9n estar\u00eda bajo la lupa de la selecci\u00f3n de Costa Rica.\u00a0 Tras la sorpresiva salida de Gabriel&hellip; <\/p>\n","protected":false},"author":4,"featured_media":84615,"comment_status":"closed","ping_status":"open","sticky":false,"template":"","format":"standard","meta":{"footnotes":""},"categories":[4],"tags":[],"class_list":["post-84595","post","type-post","status-publish","format-standard","has-post-thumbnail","hentry","category-deportes"],"_links":{"self":[{"href":"https:\/\/corrientesdetarde.com\/index.php\/wp-json\/wp\/v2\/posts\/84595","targetHints":{"allow":["GET"]}}],"collection":[{"href":"https:\/\/corrientesdetarde.com\/index.php\/wp-json\/wp\/v2\/posts"}],"about":[{"href":"https:\/\/corrientesdetarde.com\/index.php\/wp-json\/wp\/v2\/types\/post"}],"author":[{"embeddable":true,"href":"https:\/\/corrientesdetarde.com\/index.php\/wp-json\/wp\/v2\/users\/4"}],"replies":[{"embeddable":true,"href":"https:\/\/corrientesdetarde.com\/index.php\/wp-json\/wp\/v2\/comments?post=84595"}],"version-history":[{"count":2,"href":"https:\/\/corrientesdetarde.com\/index.php\/wp-json\/wp\/v2\/posts\/84595\/revisions"}],"predecessor-version":[{"id":84617,"href":"https:\/\/corrientesdetarde.com\/index.php\/wp-json\/wp\/v2\/posts\/84595\/revisions\/84617"}],"wp:featuredmedia":[{"embeddable":true,"href":"https:\/\/corrientesdetarde.com\/index.php\/wp-json\/wp\/v2\/media\/84615"}],"wp:attachment":[{"href":"https:\/\/corrientesdetarde.com\/index.php\/wp-json\/wp\/v2\/media?parent=84595"}],"wp:term":[{"taxonomy":"category","embeddable":true,"href":"https:\/\/corrientesdetarde.com\/index.php\/wp-json\/wp\/v2\/categories?post=84595"},{"taxonomy":"post_tag","embeddable":true,"href":"https:\/\/corrientesdetarde.com\/index.php\/wp-json\/wp\/v2\/tags?post=84595"}],"curies":[{"name":"wp","href":"https:\/\/api.w.org\/{rel}","templated":true}]}}