{"id":84596,"date":"2023-08-31T20:49:29","date_gmt":"2023-08-31T23:49:29","guid":{"rendered":"https:\/\/corrientesdetarde.com\/?p=84596"},"modified":"2023-08-31T20:49:34","modified_gmt":"2023-08-31T23:49:34","slug":"para-un-ministro-de-ucrania-putin-mato-a-progozhin","status":"publish","type":"post","link":"https:\/\/corrientesdetarde.com\/index.php\/internacionales\/para-un-ministro-de-ucrania-putin-mato-a-progozhin\/","title":{"rendered":"Para un ministro de Ucrania, &#8220;Putin mat\u00f3 a Progozhin&#8221;"},"content":{"rendered":"\n<p>Dmytro Kuleba\u00a0desliz\u00f3 esas apreciaciones durante una rueda de prensa\u00a0conjunta con su hom\u00f3loga francesa, Catherine Colonna, en Par\u00eds.<\/p>\n\n\n\n<p><strong>El ministro de Relaciones\u00a0Exteriores de Ucrania, Dmytro Kuleba, asegur\u00f3 que\u00a0el se\u00f1or\u00a0Yevgeni Prigoozhin\u00a0&#8220;tuvo un conflicto&#8221; con el presidente de Rusia,\u00a0Vladimir Putin y negoci\u00f3 exitosamente garant\u00edas de seguridad personal, pero aquel &#8220;lo mat\u00f3&#8221;.\u00a0<\/strong><\/p>\n\n\n\n<p><strong>&#8220;No hay raz\u00f3n para creer que el dictador ruso, Vlad\u00edmir Putin,&nbsp;se comportar\u00e1 en las conversaciones de manera diferente a como lo&nbsp;hizo con el l\u00edder de la compa\u00f1\u00eda militar privada Wagner, Yevgeni&nbsp;Prigozhin&#8221;,<\/strong>&nbsp;afirm\u00f3.<\/p>\n\n\n\n<p><strong>Kuleba desliz\u00f3 esas apreciaciones durante una rueda de prensa&nbsp;conjunta con su hom\u00f3loga francesa, Catherine Colonna, en Par\u00eds,&nbsp;<\/strong>inform\u00f3 el sitio&nbsp; Ukrinform.<\/p>\n\n\n\n<p><strong>&#8220;En cuanto a los llamados a negociar con Putin, cualquiera que&nbsp;pregunte sobre esto no deber\u00eda preguntarnos a nosotros, sino al&nbsp;se\u00f1or Prigozhin&#8221;,&nbsp;<\/strong>&nbsp;introdujo al tema.<\/p>\n\n\n\n<p>Y relat\u00f3:&nbsp;<strong>&#8220;Tuvo un conflicto con Putin, negoci\u00f3 exitosamente&nbsp;con aquel, puso fin a ese conflicto, acord\u00f3 garant\u00edas de seguridad&nbsp;y luego Putin lo mat\u00f3&#8221;.<\/strong><\/p>\n\n\n\n<p>Por otra parte<strong>, un v\u00eddeo recientemente publicado de Prigozhin&nbsp;&#8220;pretende mostrarlo en \u00c1frica s\u00f3lo unos d\u00edas antes de su muerte,&nbsp;abordando&nbsp; especulaciones sobre su bienestar y posibles amenazas a&nbsp;su seguridad&#8221;.<\/strong><\/p>\n\n\n\n<p><strong>&#8220;Para aquellos que discuten si estoy vivo o no, c\u00f3mo estoy,&nbsp;ahora es el fin de semana de la segunda quincena de agosto de&nbsp;2023, estoy en \u00c1frica&#8221;,&nbsp;<\/strong>&nbsp;coment\u00f3 Prigozhin en el breve v\u00eddeo&nbsp;publicado por Grey Zone, un canal de Telegram vinculado a su Grupo&nbsp;Wagner.<\/p>\n\n\n\n<p>Esa informaci\u00f3n la transmiti\u00f3 la&nbsp; agencia de noticias Reuters,&nbsp;con la aclaraci\u00f3n de que no pudo verificar la ubicaci\u00f3n ni la&nbsp;fecha del v\u00eddeo,&nbsp;<strong>filmado en un veh\u00edculo en movimiento.&nbsp;<\/strong><\/p>\n\n\n\n<p><strong>La ropa de camuflaje y el sombrero de Prigozhin, as\u00ed como el&nbsp;reloj en su mano derecha, coincid\u00edan con su apariencia en un video&nbsp;publicado el 21 de&nbsp; agosto, que seg\u00fan \u00e9l tambi\u00e9n fue filmado en&nbsp;\u00c1frica.<\/strong><\/p>\n\n\n\n<p>El pasado mi\u00e9rcoles 23 de agosto de 2023,\u00a0el grupo miliciano\u00a0Wagner\u00a0public\u00f3\u00a0en redes sociales que su jefe, el l\u00edder\u00a0mercenario ruso\u00a0<strong>Yevgeny Prigozhin, muri\u00f3<\/strong>\u00a0luego de que las autoridades rusas afirmaron que viajaba en un avi\u00f3n privado que\u00a0se\u00a0estrell\u00f3\u00a0al norte de Mosc\u00fa.<\/p>\n","protected":false},"excerpt":{"rendered":"<p>Dmytro Kuleba\u00a0desliz\u00f3 esas apreciaciones durante una rueda de prensa\u00a0conjunta con su hom\u00f3loga francesa, Catherine Colonna, en Par\u00eds. El ministro de Relaciones\u00a0Exteriores de Ucrania, Dmytro Kuleba, asegur\u00f3 que\u00a0el se\u00f1or\u00a0Yevgeni Prigoozhin\u00a0&#8220;tuvo un&hellip; <\/p>\n","protected":false},"author":4,"featured_media":84609,"comment_status":"closed","ping_status":"open","sticky":false,"template":"","format":"standard","meta":{"footnotes":""},"categories":[11],"tags":[],"class_list":["post-84596","post","type-post","status-publish","format-standard","has-post-thumbnail","hentry","category-internacionales"],"_links":{"self":[{"href":"https:\/\/corrientesdetarde.com\/index.php\/wp-json\/wp\/v2\/posts\/84596","targetHints":{"allow":["GET"]}}],"collection":[{"href":"https:\/\/corrientesdetarde.com\/index.php\/wp-json\/wp\/v2\/posts"}],"about":[{"href":"https:\/\/corrientesdetarde.com\/index.php\/wp-json\/wp\/v2\/types\/post"}],"author":[{"embeddable":true,"href":"https:\/\/corrientesdetarde.com\/index.php\/wp-json\/wp\/v2\/users\/4"}],"replies":[{"embeddable":true,"href":"https:\/\/corrientesdetarde.com\/index.php\/wp-json\/wp\/v2\/comments?post=84596"}],"version-history":[{"count":1,"href":"https:\/\/corrientesdetarde.com\/index.php\/wp-json\/wp\/v2\/posts\/84596\/revisions"}],"predecessor-version":[{"id":84610,"href":"https:\/\/corrientesdetarde.com\/index.php\/wp-json\/wp\/v2\/posts\/84596\/revisions\/84610"}],"wp:featuredmedia":[{"embeddable":true,"href":"https:\/\/corrientesdetarde.com\/index.php\/wp-json\/wp\/v2\/media\/84609"}],"wp:attachment":[{"href":"https:\/\/corrientesdetarde.com\/index.php\/wp-json\/wp\/v2\/media?parent=84596"}],"wp:term":[{"taxonomy":"category","embeddable":true,"href":"https:\/\/corrientesdetarde.com\/index.php\/wp-json\/wp\/v2\/categories?post=84596"},{"taxonomy":"post_tag","embeddable":true,"href":"https:\/\/corrientesdetarde.com\/index.php\/wp-json\/wp\/v2\/tags?post=84596"}],"curies":[{"name":"wp","href":"https:\/\/api.w.org\/{rel}","templated":true}]}}