{"id":84623,"date":"2023-08-31T21:51:44","date_gmt":"2023-09-01T00:51:44","guid":{"rendered":"https:\/\/corrientesdetarde.com\/?p=84623"},"modified":"2023-08-31T21:51:44","modified_gmt":"2023-09-01T00:51:44","slug":"almiron-celebro-la-clasificacion-de-boca-tras-un-triunfo-trabajado-y-resalto-la-figura-de-chiquito-romero","status":"publish","type":"post","link":"https:\/\/corrientesdetarde.com\/index.php\/deportes\/almiron-celebro-la-clasificacion-de-boca-tras-un-triunfo-trabajado-y-resalto-la-figura-de-chiquito-romero\/","title":{"rendered":"Almir\u00f3n celebr\u00f3 la clasificaci\u00f3n de Boca tras un &#8220;triunfo trabajado&#8221; y resalt\u00f3 la figura de Chiquito Romero"},"content":{"rendered":"\n<p>El entrenador sostuvo que en el balance de la serie, su equipo fue superior a Racing y mereci\u00f3 la clasificaci\u00f3n. &#8220;Estoy en estado de felicidad total&#8221;, confes\u00f3.<\/p>\n\n\n\n<p>El entrenador de\u00a0<strong>Boca<\/strong>,\u00a0<strong>Jorge Almir\u00f3n, celebr\u00f3\u00a0la clasificaci\u00f3n de su equipo a semifinales de la Copa Libertadores\u00a0tras conseguir &#8220;un triunfo trabajado&#8221; frente a Racing por penales de la mano del arquero Sergio Romero<\/strong>, quien &#8220;est\u00e1 pasando un momento b\u00e1rbaro&#8221;, seg\u00fan afirm\u00f3 el entrenador.<\/p>\n\n\n\n<p><strong>&#8220;Naturalmente estoy en estado de felicidad total. Fue un triunfo trabajado con un rival que nos conocemos bastante.<\/strong>&nbsp;Nosotros tuvimos muchas m\u00e1s situaciones de gol y dominamos el desarrollo del juego en nuestra cancha pero no pudimos sacar ventajas. Hoy, si bien el primer tiempo ellos estuvieron un poco mejor, en la tanda de penales est\u00e1 la calidad de los jugadores para definir y &#8216;Chiquito&#8217; est\u00e1 pasando un momento b\u00e1rbaro&#8221;, se\u00f1al\u00f3 Almir\u00f3n en conferencia de prensa.<\/p>\n\n\n\n<p>En esa l\u00ednea, continu\u00f3: &#8220;El partido de ida los sorprendimos por la manera de jugar. La l\u00ednea de cinco hoy se complic\u00f3 porque ellos sumaron un volante m\u00e1s con (Juan Fernando) Quintero y nos cost\u00f3 bastante recuperar la pelota.&nbsp;<strong>Creo que en el segundo tiempo se ajust\u00f3 mejor el equipo, volvimos a las bases y al funcionamiento que ven\u00edamos teniendo&#8221;.<\/strong><\/p>\n\n\n\n<p>&#8220;Si uno hace un balance, en el primer tiempo ellos tuvieron las situaciones pero nosotros en el segundo fuimos m\u00e1s claros para dominar.&nbsp;<strong>Hay mucha confianza como equipo y en los arqueros, que estudian bastante al rival. La capacidad de &#8216;Chiquito&#8217; para atajar nos meti\u00f3 en semifinales&#8221;<\/strong>, a\u00f1adi\u00f3.<\/p>\n\n\n\n<p>Consultado por Palmeiras, pr\u00f3ximo rival, se\u00f1al\u00f3 que es un equipo &#8220;fuerte&#8221; pero se mostr\u00f3 confiado por la local\u00eda, al tiempo que&nbsp;<strong>sostuvo que deber\u00eda cambiarse la fecha del Supercl\u00e1sico ante River para evitar que quede en el medio de las semis del certamen continental.<\/strong><\/p>\n\n\n\n<p>En cuanto al lateral&nbsp;<strong>Valent\u00edn Barco<\/strong>, quien estuvo entre los suplentes pese a su lesi\u00f3n pero no sum\u00f3 minutos, el DT indic\u00f3: &#8220;Forzamos un poco su estad\u00eda en el banco de suplentes. Era un partido intenso, se gastaron los cambios de otra manera. Lo bueno es que pudimos pasar y no corri\u00f3 tiempo de lesi\u00f3n, ahora tenemos tiempo para que se recupere&#8221;.<\/p>\n\n\n\n<p><strong>&#8220;Nos toca prepararnos para el torneo local, que venimos de un traspi\u00e9. Cada partido con esta camiseta es igual de importante y queremos ganar todos&#8221;<\/strong>, cerr\u00f3.<\/p>\n","protected":false},"excerpt":{"rendered":"<p>El entrenador sostuvo que en el balance de la serie, su equipo fue superior a Racing y mereci\u00f3 la clasificaci\u00f3n. &#8220;Estoy en estado de felicidad total&#8221;, confes\u00f3. El entrenador de\u00a0Boca,\u00a0Jorge&hellip; <\/p>\n","protected":false},"author":4,"featured_media":84624,"comment_status":"closed","ping_status":"open","sticky":false,"template":"","format":"standard","meta":{"footnotes":""},"categories":[4],"tags":[],"class_list":["post-84623","post","type-post","status-publish","format-standard","has-post-thumbnail","hentry","category-deportes"],"_links":{"self":[{"href":"https:\/\/corrientesdetarde.com\/index.php\/wp-json\/wp\/v2\/posts\/84623","targetHints":{"allow":["GET"]}}],"collection":[{"href":"https:\/\/corrientesdetarde.com\/index.php\/wp-json\/wp\/v2\/posts"}],"about":[{"href":"https:\/\/corrientesdetarde.com\/index.php\/wp-json\/wp\/v2\/types\/post"}],"author":[{"embeddable":true,"href":"https:\/\/corrientesdetarde.com\/index.php\/wp-json\/wp\/v2\/users\/4"}],"replies":[{"embeddable":true,"href":"https:\/\/corrientesdetarde.com\/index.php\/wp-json\/wp\/v2\/comments?post=84623"}],"version-history":[{"count":1,"href":"https:\/\/corrientesdetarde.com\/index.php\/wp-json\/wp\/v2\/posts\/84623\/revisions"}],"predecessor-version":[{"id":84629,"href":"https:\/\/corrientesdetarde.com\/index.php\/wp-json\/wp\/v2\/posts\/84623\/revisions\/84629"}],"wp:featuredmedia":[{"embeddable":true,"href":"https:\/\/corrientesdetarde.com\/index.php\/wp-json\/wp\/v2\/media\/84624"}],"wp:attachment":[{"href":"https:\/\/corrientesdetarde.com\/index.php\/wp-json\/wp\/v2\/media?parent=84623"}],"wp:term":[{"taxonomy":"category","embeddable":true,"href":"https:\/\/corrientesdetarde.com\/index.php\/wp-json\/wp\/v2\/categories?post=84623"},{"taxonomy":"post_tag","embeddable":true,"href":"https:\/\/corrientesdetarde.com\/index.php\/wp-json\/wp\/v2\/tags?post=84623"}],"curies":[{"name":"wp","href":"https:\/\/api.w.org\/{rel}","templated":true}]}}