{"id":84630,"date":"2023-08-31T22:08:46","date_gmt":"2023-09-01T01:08:46","guid":{"rendered":"https:\/\/corrientesdetarde.com\/?p=84630"},"modified":"2023-08-31T22:08:58","modified_gmt":"2023-09-01T01:08:58","slug":"stefy-xipolitakis-sobre-anibal-lotocki-nos-esta-matando-uno-por-uno","status":"publish","type":"post","link":"https:\/\/corrientesdetarde.com\/index.php\/espectaculos\/stefy-xipolitakis-sobre-anibal-lotocki-nos-esta-matando-uno-por-uno\/","title":{"rendered":"Stefy Xipolitakis sobre An\u00edbal Lotocki: \u201cNos est\u00e1 matando uno por uno\u201d"},"content":{"rendered":"\n<p>La medi\u00e1tica, que tambi\u00e9n fue operada por el cirujano, public\u00f3 un sentido posteo tras la muerte de Silvina Luna y pidi\u00f3 justicia.\u00a0<\/p>\n\n\n\n<p><strong>Stefy Xipolitakis<\/strong>\u00a0comparti\u00f3 un sentido posteo en sus historias de Instagram luego del fallecimiento de\u00a0<strong>Silvina Luna<\/strong>.\u00a0La modelo tambi\u00e9n se oper\u00f3 con\u00a0<strong>An\u00edbal Lotocki<\/strong>\u00a0y sufre complicaciones en su salud por mala praxis.\u00a0<\/p>\n\n\n\n<p>Debido a los problemas de salud que desarroll\u00f3 tras sus cirug\u00edas, Stefy denunci\u00f3 al m\u00e9dico y actualmente enfrenta un juicio. Con tristeza public\u00f3 un descargo en sus redes sociales cuestionando la libertad de Lotocki.&nbsp;<\/p>\n\n\n\n<p><strong>\u201cEste asesino nos est\u00e1 matando uno por uno\u201d<\/strong>, declar\u00f3 Stefy y a\u00f1adi\u00f3:&nbsp;<strong>\u201cYo pregunto: \u00bfQu\u00e9 est\u00e1 esperando la justicia y qu\u00e9 est\u00e1 esperando casaci\u00f3n para meterlo preso?\u201d<\/strong><\/p>\n\n\n\n<p>Adem\u00e1s, la cantante escribi\u00f3 un extenso mensaje explicando cu\u00e1l es su situaci\u00f3n m\u00e9dica. \u201c<strong>Yo tengo algo en mi cuerpo que me enter\u00e9 reci\u00e9n el a\u00f1o pasado en pleno juicio, de su boca.<\/strong>&nbsp;Durante muchos a\u00f1os, a partir del problema que estaba pasando Silvina y porque este doctor hdp me evad\u00eda preguntas, decid\u00ed investigar si realmente era MI grasa lo que ten\u00eda\u201d, comenz\u00f3 con su declaraci\u00f3n.&nbsp;<\/p>\n\n\n\n<p>Y a\u00f1adi\u00f3:&nbsp;<strong>\u201cAh\u00ed me encontr\u00e9 con una realidad muy distinta a la que \u00e9l me dec\u00eda y a lo que hab\u00edamos acordado\u201d<\/strong>. Stefy fue contundente y exigi\u00f3 justicia. \u201cGracias a la cantidad de medios que nos acompa\u00f1aron, la justicia nos escuch\u00f3.&nbsp;<strong>Este infeliz tiene que ir preso YA para que no haya m\u00e1s muertes<\/strong>\u201d, sostuvo la hermana de Vicky Xipolitakis.&nbsp;<\/p>\n\n\n\n<p>Por otro lado, la modelo habl\u00f3 sobre su presente y como intenta reconstruir su vida a pesar de los dolores y complicaciones m\u00e9dicas. \u201cEncontr\u00e9 el lugar donde puedo refugiarme de toda est\u00e1 oscuridad y me llena de luz y alegr\u00eda que es la m\u00fasica\u201d, expres\u00f3 y a\u00f1adi\u00f3:&nbsp;<strong>\u201cEstoy intentando preservar mi salud mental, es por eso que intento no estar tan expuesta a causa de esto que me toc\u00f3 vivir\u201d<\/strong>.&nbsp;<\/p>\n\n\n\n<p>Stefy explic\u00f3 los motivos por los que ya no da a conocer tantos detalles de su salud. \u201cS\u00e9 que ustedes son muy importantes para que la justicia act\u00fae y tendr\u00eda que estar hablando para ayudar a otros, pero&nbsp;<strong>tengo que estar bien firme para seguir ayudando<\/strong>. Hoy estoy muy fr\u00e1gil emocionalmente. Deseo profundamente que act\u00fae la justicia ya\u201d, finaliz\u00f3.<\/p>\n","protected":false},"excerpt":{"rendered":"<p>La medi\u00e1tica, que tambi\u00e9n fue operada por el cirujano, public\u00f3 un sentido posteo tras la muerte de Silvina Luna y pidi\u00f3 justicia.\u00a0 Stefy Xipolitakis\u00a0comparti\u00f3 un sentido posteo en sus historias&hellip; <\/p>\n","protected":false},"author":4,"featured_media":84631,"comment_status":"closed","ping_status":"open","sticky":false,"template":"","format":"standard","meta":{"footnotes":""},"categories":[19],"tags":[],"class_list":["post-84630","post","type-post","status-publish","format-standard","has-post-thumbnail","hentry","category-espectaculos"],"_links":{"self":[{"href":"https:\/\/corrientesdetarde.com\/index.php\/wp-json\/wp\/v2\/posts\/84630","targetHints":{"allow":["GET"]}}],"collection":[{"href":"https:\/\/corrientesdetarde.com\/index.php\/wp-json\/wp\/v2\/posts"}],"about":[{"href":"https:\/\/corrientesdetarde.com\/index.php\/wp-json\/wp\/v2\/types\/post"}],"author":[{"embeddable":true,"href":"https:\/\/corrientesdetarde.com\/index.php\/wp-json\/wp\/v2\/users\/4"}],"replies":[{"embeddable":true,"href":"https:\/\/corrientesdetarde.com\/index.php\/wp-json\/wp\/v2\/comments?post=84630"}],"version-history":[{"count":1,"href":"https:\/\/corrientesdetarde.com\/index.php\/wp-json\/wp\/v2\/posts\/84630\/revisions"}],"predecessor-version":[{"id":84632,"href":"https:\/\/corrientesdetarde.com\/index.php\/wp-json\/wp\/v2\/posts\/84630\/revisions\/84632"}],"wp:featuredmedia":[{"embeddable":true,"href":"https:\/\/corrientesdetarde.com\/index.php\/wp-json\/wp\/v2\/media\/84631"}],"wp:attachment":[{"href":"https:\/\/corrientesdetarde.com\/index.php\/wp-json\/wp\/v2\/media?parent=84630"}],"wp:term":[{"taxonomy":"category","embeddable":true,"href":"https:\/\/corrientesdetarde.com\/index.php\/wp-json\/wp\/v2\/categories?post=84630"},{"taxonomy":"post_tag","embeddable":true,"href":"https:\/\/corrientesdetarde.com\/index.php\/wp-json\/wp\/v2\/tags?post=84630"}],"curies":[{"name":"wp","href":"https:\/\/api.w.org\/{rel}","templated":true}]}}