{"id":84633,"date":"2023-08-31T22:11:44","date_gmt":"2023-09-01T01:11:44","guid":{"rendered":"https:\/\/corrientesdetarde.com\/?p=84633"},"modified":"2023-08-31T22:11:56","modified_gmt":"2023-09-01T01:11:56","slug":"fernando-burlando-se-despidio-de-silvina-luna-con-un-emotivo-mensaje-ojala-su-lucha-sirva-para-que-la-justicia-despierte","status":"publish","type":"post","link":"https:\/\/corrientesdetarde.com\/index.php\/espectaculos\/fernando-burlando-se-despidio-de-silvina-luna-con-un-emotivo-mensaje-ojala-su-lucha-sirva-para-que-la-justicia-despierte\/","title":{"rendered":"Fernando Burlando se despidi\u00f3 de Silvina Luna con un emotivo mensaje: \u201cOjal\u00e1 su lucha sirva para que la Justicia despierte\u201d"},"content":{"rendered":"\n<p>El abogado, quien representaba a la modelo en la causa contra An\u00edbal Lotocki por mala praxis, comparti\u00f3 unas palabras tras su fallecimiento.<\/p>\n\n\n\n<p><strong>Fernando Burlando<\/strong>&nbsp;public\u00f3 un emotivo posteo en sus redes sociales para despedirse de<strong>&nbsp;Silvina Luna.<\/strong>&nbsp;La modelo falleci\u00f3 esta tarde luego de estar m\u00e1s de tres meses internada en el&nbsp;<strong>Hospital Italiano<\/strong>&nbsp;por complicaciones derivadas de mala praxis ocasionadas por<strong>&nbsp;An\u00edbal Lotocki<\/strong>.<\/p>\n\n\n\n<p>El abogado representaba a Silvina en la causa que le inici\u00f3 al cirujano pl\u00e1stico por inyectarle<strong>&nbsp;metacrilato<\/strong>&nbsp;en los gl\u00fateos y ocasionarle insuficiencia renal, entre otras complicaciones. Tras el fallecimiento de la modelo, Burlando se despidi\u00f3 a trav\u00e9s de un comunicado en su cuenta de Instagram.&nbsp;<\/p>\n\n\n\n<p><strong>\u201cUn final que duele, lastima e indigna. Ojal\u00e1 la lucha de Silvina sirva para que la Justicia despierte, para que la sociedad tome nota y no haya m\u00e1s muertes\u201d<\/strong>, expres\u00f3 Fernando Burlando e invita a reflexionar.&nbsp;<\/p>\n\n\n\n<figure class=\"wp-block-image\"><img decoding=\"async\" src=\"https:\/\/noticiasargentinas.com\/images\/NA\/Contenidos\/silvinaburlando.webp\" alt=\"silvinaburlando\"\/><\/figure>\n\n\n\n<p>Adem\u00e1s, el abogado dio el p\u00e9same a la familia de Silvina.&nbsp;<strong>\u201cAbrazo a su familia que nunca baj\u00f3 los brazos y que como Silvina se mantuvo con la guardia alta. Dios te guarde, querida Silvina Luna\u201d<\/strong>, escribi\u00f3.&nbsp;<\/p>\n\n\n\n<p>En la causa por mala praxis contra An\u00edbal Lotocki, el abogado no solo representaba a Silvina sino que tambi\u00e9n a&nbsp;<strong>Pamela Sosa<\/strong>, ex pareja del cirujano. Adem\u00e1s, otras personalidades del medio iniciaron acciones legales por la misma situaci\u00f3n como<strong>&nbsp;Stefan\u00eda Xipolitakis<\/strong>&nbsp;y&nbsp;<strong>Gabriela Trenchi.&nbsp;<\/strong><\/p>\n\n\n\n<p>Recientemente, Lotocki est\u00e1&nbsp;<strong>inhabilitado para ejercer la medicina<\/strong>&nbsp;tras un fall\u00f3 de la corte. En febrero del a\u00f1o pasado, el cirujano fue condenado a<strong>&nbsp;cuatro a\u00f1os de prisi\u00f3n y cinco de inhabilitaci\u00f3n por lesiones graves<\/strong>, sin embargo continu\u00f3 ejerciendo hasta el 13 de julio de este a\u00f1o luego ya que el fallo no era firme hasta ese entonces.&nbsp;<\/p>\n","protected":false},"excerpt":{"rendered":"<p>El abogado, quien representaba a la modelo en la causa contra An\u00edbal Lotocki por mala praxis, comparti\u00f3 unas palabras tras su fallecimiento. Fernando Burlando&nbsp;public\u00f3 un emotivo posteo en sus redes&hellip; <\/p>\n","protected":false},"author":4,"featured_media":84634,"comment_status":"closed","ping_status":"open","sticky":false,"template":"","format":"standard","meta":{"footnotes":""},"categories":[19],"tags":[],"class_list":["post-84633","post","type-post","status-publish","format-standard","has-post-thumbnail","hentry","category-espectaculos"],"_links":{"self":[{"href":"https:\/\/corrientesdetarde.com\/index.php\/wp-json\/wp\/v2\/posts\/84633","targetHints":{"allow":["GET"]}}],"collection":[{"href":"https:\/\/corrientesdetarde.com\/index.php\/wp-json\/wp\/v2\/posts"}],"about":[{"href":"https:\/\/corrientesdetarde.com\/index.php\/wp-json\/wp\/v2\/types\/post"}],"author":[{"embeddable":true,"href":"https:\/\/corrientesdetarde.com\/index.php\/wp-json\/wp\/v2\/users\/4"}],"replies":[{"embeddable":true,"href":"https:\/\/corrientesdetarde.com\/index.php\/wp-json\/wp\/v2\/comments?post=84633"}],"version-history":[{"count":1,"href":"https:\/\/corrientesdetarde.com\/index.php\/wp-json\/wp\/v2\/posts\/84633\/revisions"}],"predecessor-version":[{"id":84635,"href":"https:\/\/corrientesdetarde.com\/index.php\/wp-json\/wp\/v2\/posts\/84633\/revisions\/84635"}],"wp:featuredmedia":[{"embeddable":true,"href":"https:\/\/corrientesdetarde.com\/index.php\/wp-json\/wp\/v2\/media\/84634"}],"wp:attachment":[{"href":"https:\/\/corrientesdetarde.com\/index.php\/wp-json\/wp\/v2\/media?parent=84633"}],"wp:term":[{"taxonomy":"category","embeddable":true,"href":"https:\/\/corrientesdetarde.com\/index.php\/wp-json\/wp\/v2\/categories?post=84633"},{"taxonomy":"post_tag","embeddable":true,"href":"https:\/\/corrientesdetarde.com\/index.php\/wp-json\/wp\/v2\/tags?post=84633"}],"curies":[{"name":"wp","href":"https:\/\/api.w.org\/{rel}","templated":true}]}}