{"id":84636,"date":"2023-08-31T22:21:02","date_gmt":"2023-09-01T01:21:02","guid":{"rendered":"https:\/\/corrientesdetarde.com\/?p=84636"},"modified":"2023-08-31T22:21:13","modified_gmt":"2023-09-01T01:21:13","slug":"sampaoli-tambalea-en-flamengo-que-argentino-podria-reemplazarlo","status":"publish","type":"post","link":"https:\/\/corrientesdetarde.com\/index.php\/deportes\/sampaoli-tambalea-en-flamengo-que-argentino-podria-reemplazarlo\/","title":{"rendered":"Sampaoli tambalea en Flamengo: qu\u00e9 argentino podr\u00eda reemplazarlo\u00a0"},"content":{"rendered":"\n<p>El entrenador mantiene un \u00e1spero v\u00ednculo con el plantel. Solo cuenta con el apoyo del presidente del club.<\/p>\n\n\n\n<p><strong>La presencia de Jorge Sampaoli como entrenador de Flamengo tambalea<\/strong>\u00a0desde hace rato tras\u00a0una serie de esc\u00e1ndalos que sacudieron al club.\u00a0Por eso, si bien\u00a0<strong>cuenta con el apoyo del presidente<\/strong>, su continuidad en el banco del conjunto brasile\u00f1o podr\u00eda finalizar y,\u00a0<strong>entre los candidatos a reemplazarlo, figura un importante DT argentino.<\/strong><\/p>\n\n\n\n<p>Sampaoli asumi\u00f3 su cargo el 14 de abril y distintos medios locales indican que no llegar\u00e1 a completar lo que resta de 2023.&nbsp;La crisis en Flamengo comenz\u00f3 el 29 de julio cuando el ex entrenador&nbsp;<strong>Pablo Fern\u00e1ndez le dio una trompada en el rostro a Pedro<\/strong>&nbsp;en el vestuario en la victoria por 2 a 1 ante Atl\u00e9tico Mineiro.<\/p>\n\n\n\n<p>El presidente de la instituci\u00f3n apoy\u00f3 a Sampaoli a seguir como entrenador pese a que figuras del equipo ped\u00edan que renunciara tras la partida de su cuerpo t\u00e9cnico.<\/p>\n\n\n\n<p>Fue as\u00ed que continu\u00f3 en su cargo, al mismo tiempo que gran parte de quienes conforman al gigante sudamericano aguardaban por su punto final en el club. De hecho, tras el empate sin goles ante Internacional de los \u00faltimos d\u00edas, muchos pidieron que se fuera, pero<strong>&nbsp;Landim asegur\u00f3 que no es momento para cambiar.<\/strong><\/p>\n\n\n\n<p>Lo que lo sostiene a Sampaoli es&nbsp;<strong>el duelo ante San Pablo, por la final de la Copa de Brasil,<\/strong>&nbsp;que se disputar\u00e1 en septiembre. El desenlace de ese encuentro ser\u00e1 clave para definir su futuro.<\/p>\n\n\n\n<h2 class=\"wp-block-heading\">Qui\u00e9n es el entrenador argentino que suena para reemplazar a Sampaoli<\/h2>\n\n\n\n<p>Mientras Sampaoli tambalea en Flamengo, los medios brasile\u00f1os analizan qui\u00e9n podr\u00e1 ser el reemplazante del ex entrenador de la Selecci\u00f3n ante una eventual salida.<\/p>\n\n\n\n<p>Uno de los candidatos es&nbsp;<strong>Tite<\/strong>, quien est\u00e1 sin club en la actualidad, y es de la preferencia del departamento de f\u00fatbol para 2024.<\/p>\n\n\n\n<p>No obstante, el medio&nbsp;<em>Flaweb<\/em>&nbsp;no solo nombr\u00f3 al experimentado DT, sino que tambi\u00e9n se\u00f1alo que&nbsp;<strong>Marcelo Gallardo<\/strong>, quien dej\u00f3 de dirigir a River en el cierre de 2022.<\/p>\n\n\n\n<p>\u201cAceptar\u00e1 el reto siempre que le paguen 4 millones de reales por temporada\u201d, menciona el sitio, al mismo tiempo que marc\u00f3 que el argentino desear\u00eda contar con \u201clas llaves del club para tomar todas las decisiones futbol\u00edsticas\u201d. Y opin\u00f3:&nbsp;<strong>\u201cSer\u00eda un fichaje espectacular\u201d.<\/strong><\/p>\n","protected":false},"excerpt":{"rendered":"<p>El entrenador mantiene un \u00e1spero v\u00ednculo con el plantel. Solo cuenta con el apoyo del presidente del club. La presencia de Jorge Sampaoli como entrenador de Flamengo tambalea\u00a0desde hace rato&hellip; <\/p>\n","protected":false},"author":4,"featured_media":84637,"comment_status":"closed","ping_status":"open","sticky":false,"template":"","format":"standard","meta":{"footnotes":""},"categories":[4],"tags":[],"class_list":["post-84636","post","type-post","status-publish","format-standard","has-post-thumbnail","hentry","category-deportes"],"_links":{"self":[{"href":"https:\/\/corrientesdetarde.com\/index.php\/wp-json\/wp\/v2\/posts\/84636","targetHints":{"allow":["GET"]}}],"collection":[{"href":"https:\/\/corrientesdetarde.com\/index.php\/wp-json\/wp\/v2\/posts"}],"about":[{"href":"https:\/\/corrientesdetarde.com\/index.php\/wp-json\/wp\/v2\/types\/post"}],"author":[{"embeddable":true,"href":"https:\/\/corrientesdetarde.com\/index.php\/wp-json\/wp\/v2\/users\/4"}],"replies":[{"embeddable":true,"href":"https:\/\/corrientesdetarde.com\/index.php\/wp-json\/wp\/v2\/comments?post=84636"}],"version-history":[{"count":1,"href":"https:\/\/corrientesdetarde.com\/index.php\/wp-json\/wp\/v2\/posts\/84636\/revisions"}],"predecessor-version":[{"id":84638,"href":"https:\/\/corrientesdetarde.com\/index.php\/wp-json\/wp\/v2\/posts\/84636\/revisions\/84638"}],"wp:featuredmedia":[{"embeddable":true,"href":"https:\/\/corrientesdetarde.com\/index.php\/wp-json\/wp\/v2\/media\/84637"}],"wp:attachment":[{"href":"https:\/\/corrientesdetarde.com\/index.php\/wp-json\/wp\/v2\/media?parent=84636"}],"wp:term":[{"taxonomy":"category","embeddable":true,"href":"https:\/\/corrientesdetarde.com\/index.php\/wp-json\/wp\/v2\/categories?post=84636"},{"taxonomy":"post_tag","embeddable":true,"href":"https:\/\/corrientesdetarde.com\/index.php\/wp-json\/wp\/v2\/tags?post=84636"}],"curies":[{"name":"wp","href":"https:\/\/api.w.org\/{rel}","templated":true}]}}