{"id":84639,"date":"2023-08-31T22:24:23","date_gmt":"2023-09-01T01:24:23","guid":{"rendered":"https:\/\/corrientesdetarde.com\/?p=84639"},"modified":"2023-08-31T22:24:28","modified_gmt":"2023-09-01T01:24:28","slug":"haaland-fue-elegido-mejor-jugador-del-ano-por-la-uefa-por-encima-de-de-bruyne-y-messi","status":"publish","type":"post","link":"https:\/\/corrientesdetarde.com\/index.php\/deportes\/haaland-fue-elegido-mejor-jugador-del-ano-por-la-uefa-por-encima-de-de-bruyne-y-messi\/","title":{"rendered":"Haaland fue elegido mejor jugador del a\u00f1o por la UEFA por encima de De Bruyne y Messi"},"content":{"rendered":"\n<p>El delantero noruego fue el goleador de la \u00faltima Champions League con 12 tantos y el Manchester City se consagr\u00f3 campe\u00f3n.<\/p>\n\n\n\n<p>Tras el\u00a0sorteo de la Champions League 2023\/24,\u00a0<strong>el delantero noruego Erling Haaland le gan\u00f3 la pulseada a Lionel Messi y a su compa\u00f1ero Kevin De Bruyne y recibi\u00f3 el premio al Mejor Jugador del A\u00f1o de la UEFA<\/strong>\u00a0por su gran tarea a lo largo del a\u00f1o entre el certamen continental y la Premier League jugando para el Manchester City.<\/p>\n\n\n\n<p>El artillero cerr\u00f3 una temporada brillante a sus apenas 23 a\u00f1os,&nbsp;<strong>en donde convirti\u00f3 52 goles en 53 partidos disputados y asisti\u00f3 nueve veces a sus compa\u00f1eros<\/strong>. Adem\u00e1s fue clave para la obtenci\u00f3n de la s\u00e9ptima Premier League del club, la FA Cup n\u00famero siete y la primera Champions League en sus 142 a\u00f1os de historia.<\/p>\n\n\n\n<p>\u201c<strong>Este era mi sue\u00f1o cuando era chico<\/strong>, llegar con mis compa\u00f1eros a lo m\u00e1ximo y eso me pone muy feliz. Esto me da m\u00e1s motivaci\u00f3n para seguir adelante trabajando, tanto los trofeos grupales como los individuales y s\u00ed, me ponen muy feliz\u201d, expres\u00f3 el noruego cuando le toc\u00f3 subir al escenario a recibir el premio, junto a la futbolista del a\u00f1o Aitana Bonmat\u00ed del Barcelona y la selecci\u00f3n espa\u00f1ola.<\/p>\n\n\n\n<p>Y agreg\u00f3 que est\u00e1 en las mejores condiciones para afrontar una temporada similar o mejor:&nbsp;\u201cSe trata de dejar la cabeza clara y ahora que ganamos la Champions League y todo debemos trabajar en la motivaci\u00f3n como grupo. para mi es eso. Estoy listo para eso y para tener una gran temporada\u201d.<\/p>\n","protected":false},"excerpt":{"rendered":"<p>El delantero noruego fue el goleador de la \u00faltima Champions League con 12 tantos y el Manchester City se consagr\u00f3 campe\u00f3n. Tras el\u00a0sorteo de la Champions League 2023\/24,\u00a0el delantero noruego&hellip; <\/p>\n","protected":false},"author":4,"featured_media":84640,"comment_status":"closed","ping_status":"open","sticky":false,"template":"","format":"standard","meta":{"footnotes":""},"categories":[4],"tags":[],"class_list":["post-84639","post","type-post","status-publish","format-standard","has-post-thumbnail","hentry","category-deportes"],"_links":{"self":[{"href":"https:\/\/corrientesdetarde.com\/index.php\/wp-json\/wp\/v2\/posts\/84639","targetHints":{"allow":["GET"]}}],"collection":[{"href":"https:\/\/corrientesdetarde.com\/index.php\/wp-json\/wp\/v2\/posts"}],"about":[{"href":"https:\/\/corrientesdetarde.com\/index.php\/wp-json\/wp\/v2\/types\/post"}],"author":[{"embeddable":true,"href":"https:\/\/corrientesdetarde.com\/index.php\/wp-json\/wp\/v2\/users\/4"}],"replies":[{"embeddable":true,"href":"https:\/\/corrientesdetarde.com\/index.php\/wp-json\/wp\/v2\/comments?post=84639"}],"version-history":[{"count":1,"href":"https:\/\/corrientesdetarde.com\/index.php\/wp-json\/wp\/v2\/posts\/84639\/revisions"}],"predecessor-version":[{"id":84641,"href":"https:\/\/corrientesdetarde.com\/index.php\/wp-json\/wp\/v2\/posts\/84639\/revisions\/84641"}],"wp:featuredmedia":[{"embeddable":true,"href":"https:\/\/corrientesdetarde.com\/index.php\/wp-json\/wp\/v2\/media\/84640"}],"wp:attachment":[{"href":"https:\/\/corrientesdetarde.com\/index.php\/wp-json\/wp\/v2\/media?parent=84639"}],"wp:term":[{"taxonomy":"category","embeddable":true,"href":"https:\/\/corrientesdetarde.com\/index.php\/wp-json\/wp\/v2\/categories?post=84639"},{"taxonomy":"post_tag","embeddable":true,"href":"https:\/\/corrientesdetarde.com\/index.php\/wp-json\/wp\/v2\/tags?post=84639"}],"curies":[{"name":"wp","href":"https:\/\/api.w.org\/{rel}","templated":true}]}}