{"id":84720,"date":"2023-09-01T10:36:26","date_gmt":"2023-09-01T13:36:26","guid":{"rendered":"https:\/\/corrientesdetarde.com\/?p=84720"},"modified":"2023-09-01T10:38:12","modified_gmt":"2023-09-01T13:38:12","slug":"ostin-el-nino-que-salvo-a-su-hermanita-de-un-incendio-ya-consiguio-su-audifono","status":"publish","type":"post","link":"https:\/\/corrientesdetarde.com\/index.php\/sociales\/ostin-el-nino-que-salvo-a-su-hermanita-de-un-incendio-ya-consiguio-su-audifono\/","title":{"rendered":"Ostin, el ni\u00f1o que salv\u00f3 a su hermanita de un incendio ya consigui\u00f3 su aud\u00edfono"},"content":{"rendered":"\n<p>Mar\u00eda, mam\u00e1 de Ostin, cont\u00f3 c\u00f3mo est\u00e1 su hijo tras recibir un nuevo aud\u00edfono. &#8220;Est\u00e1 feliz con su aud\u00edfono, al fin lleg\u00f3 y le entregaron. Se notaba que le hac\u00eda falta y ver su carita el d\u00eda de ayer fue muy emocionante&#8221;, comparti\u00f3.<\/p>\n\n\n<div class=\"wp-block-image\">\n<figure class=\"aligncenter size-full is-resized\"><img loading=\"lazy\" decoding=\"async\" src=\"https:\/\/corrientesdetarde.com\/wp-content\/uploads\/2023\/09\/image-3.png\" alt=\"\" class=\"wp-image-84733\" width=\"382\" height=\"701\" srcset=\"https:\/\/corrientesdetarde.com\/wp-content\/uploads\/2023\/09\/image-3.png 250w, https:\/\/corrientesdetarde.com\/wp-content\/uploads\/2023\/09\/image-3-163x300.png 163w\" sizes=\"auto, (max-width: 382px) 100vw, 382px\" \/><\/figure>\n<\/div>\n\n\n<p>&#8220;\u00c9l tiene una hipoacusia en el o\u00eddo izquierdo y le costaba mucho \u00faltimamente escuchar bien, sent\u00eda que le faltaba el aud\u00edfono, me dec\u00eda \u2018mam\u00e1 no escucho bien\u00b4y sufr\u00eda&#8221;, describi\u00f3 sobre los d\u00edas dif\u00edciles del peque\u00f1o.<\/p>\n\n\n\n<p>&#8220;Estaba muy contento a todo el mundo le mostraba su aud\u00edfono. Yo me puse a llorar, me emocion\u00e9 mucho al verlo feliz&#8221;, expres\u00f3 Mar\u00eda en contacto con Radio Dos.&nbsp;<\/p>\n\n\n\n<p>Asimismo, Mar\u00eda, record\u00f3 el d\u00eda del incendio y describi\u00f3: &#8220;ese d\u00eda yo me fui a llevarle a el hermano mayor a la escuela, Ostin qued\u00f3 con su hermanita, en un momento sinti\u00f3 fuego en la casa, me llam\u00f3, no me encontr\u00f3, y le alz\u00f3 a su hermanita y sali\u00f3 de la casa&#8221;. As\u00ed el peque\u00f1o se convirti\u00f3 en h\u00e9roe al salvar a su hermanita.<\/p>\n\n\n\n<p>Sobre las actividades que le gusta al ni\u00f1o, Mar\u00eda dijo &#8220;hace b\u00e1squet, no queda quieto, juega al f\u00fatbol, es fan\u00e1tico de Boca&#8221;.<\/p>\n\n\n\n<p>Por \u00faltimo, sobre c\u00f3mo est\u00e1 su casa tras el incendio, Mar\u00eda manifest\u00f3: &#8220;mucha gente nos don\u00f3 materiales y muchas cosas, nos ayudaron a construir de nuevo mi casa, estamos muy felice con nuestra casita nueva&#8221;; y se\u00f1al\u00f3: &#8220;su hermanita le cuenta a todo el mundo que su hermanito le salv\u00f3, lo ama, lo abraza, lo besa, y est\u00e1 feliz con su nueva casita&#8221;.<\/p>\n\n\n\n<p><\/p>\n\n\n\n<h3 class=\"wp-block-heading\">EL INCENDIO<\/h3>\n\n\n<div class=\"wp-block-image\">\n<figure class=\"aligncenter size-full\"><img loading=\"lazy\" decoding=\"async\" width=\"762\" height=\"548\" src=\"https:\/\/corrientesdetarde.com\/wp-content\/uploads\/2023\/09\/image-4.png\" alt=\"\" class=\"wp-image-84734\" srcset=\"https:\/\/corrientesdetarde.com\/wp-content\/uploads\/2023\/09\/image-4.png 762w, https:\/\/corrientesdetarde.com\/wp-content\/uploads\/2023\/09\/image-4-300x216.png 300w\" sizes=\"auto, (max-width: 762px) 100vw, 762px\" \/><\/figure>\n<\/div>\n\n\n<p>El peque\u00f1o h\u00e9roe no dud\u00f3 en salvar a la ni\u00f1a cuando se incendiaba su casa en el barrio Ba\u00f1ado Norte, ubicada en calle Pasaje Cartero 2.730 entre M\u00e9xico y Alem. A ra\u00edz de un cortocircuito, el lugar comenz\u00f3 a incendiarse.\u00a0<strong>En la casa se encontraban Ostin de 10 a\u00f1os y su hermanita de dos<\/strong>. \u00a0El padre de familia se encontraba trabajando y la madre llev\u00f3 a su otra hija a la escuela.<\/p>\n\n\n\n<p>Sin dudarlo y desafiando los miedos,\u00a0<strong>Ostin rescat\u00f3 a su hermanita<\/strong>. El ni\u00f1o h\u00e9roe sufre una cardiopat\u00eda pero se percat\u00f3 de la situaci\u00f3n y en un r\u00e1pido accionar salv\u00f3 sin dudar a su hermanita retir\u00e1ndole de la casa en llamas y poni\u00e9ndola a salvo.<\/p>\n\n\n\n<p><strong>El peque\u00f1o gran h\u00e9roe y su hermana se encuentran en buen estado de salud y fueron asistidos por los bomberos.<\/strong><\/p>\n\n\n\n<p>Acudieron al lugar, efectivos de la comisar\u00eda Sexta de la Polic\u00eda y se encontraron con el drama: en el medio hab\u00eda a dos menores que dorm\u00edan ya que la madre llev\u00f3 a uno de los hermanos a la escuela, y el padre estaba trabajando como alba\u00f1il. Los agentes retiraron una garrafa de gas que podr\u00eda haber causado una situaci\u00f3n mucho peor.<\/p>\n\n\n\n<p>Sebasti\u00e1n, el padre de los chicos en di\u00e1logo en Radio Dos, coment\u00f3: &#8220;perdimos todo. Lo que m\u00e1s sentimos es que mi hijo perdi\u00f3 un aud\u00edfono en el fuego. \u00c9l hab\u00eda perdido la audici\u00f3n de un o\u00eddo por las operaciones que tuvo. Y ahora nos pas\u00f3 eso.<strong>&nbsp;Yo estoy ahora orgulloso del hijo que estoy criando&#8221;.<\/strong><\/p>\n\n\n\n<p>A su vez, cont\u00f3: &#8220;lo que pude saber cu\u00e1ndo llegu\u00e9 fue que se produjo un cortocircuito, se incendi\u00f3 la cortina y agarr\u00f3 el machimbre del techo, y de ah\u00ed el resto de la casa. Yo estaba trabajando en el centro&#8221;.<\/p>\n\n\n\n<p>El hombre expres\u00f3 que &#8220;al encontrar a mi familia que estaban todos bien, fue una alegr\u00eda enorme, fue lo primero que pens\u00e9 cuando me avisaron, que ellos est\u00e9n bien, lo material se recupera ahora que perd\u00ed todo&#8221;.<\/p>\n\n\n\n<p>&#8220;A mi se\u00f1ora se quem\u00f3 la cara, las piernas y los brazos, pero est\u00e1 bien&#8221;, describi\u00f3.<\/p>\n\n\n\n<h3 class=\"wp-block-heading\">Ostin, el h\u00e9roe<\/h3>\n\n\n\n<p>Sobre la acci\u00f3n heroica de su hijo, Sebasti\u00e1n describi\u00f3: &#8220;me siento seguro del nene que estoy criando&#8221;.&nbsp;<\/p>\n\n\n\n<p>&#8220;\u00c9l est\u00e1 en shock todav\u00eda, quiere llorar cuando le pregunto algo y no le quiero poner nervioso por su cardiopat\u00eda&#8221;, afirm\u00f3 el hombre.&nbsp;<\/p>\n\n\n\n<p>Relat\u00f3 que &#8220;todo lo que le hicieron cuando era m\u00e1s chico, las operaciones, la quimioterapia, le afect\u00f3 el o\u00eddo, no escucha de un lado y usaba un aud\u00edfono, que se quem\u00f3. Ahora necesita para ir al colegio y nos pidieron para que lo m\u00e1s antes posible consigamos uno&#8221;.<\/p>\n\n\n\n<h3 class=\"wp-block-heading\">El testimonio de la mam\u00e1<\/h3>\n\n\n\n<p>Mar\u00eda, mam\u00e1 de la familia, cont\u00f3: &#8220;estoy bien gracias a Dios, no tengo quemaduras graves. Mi beb\u00e9 se quem\u00f3 porque le cay\u00f3 un par de pl\u00e1sticos cuando su hermano le sac\u00f3 de la casa en medio del incendio, son quemaduras leves y tratables&#8221;.<\/p>\n\n\n\n<p>Al mismo tiempo, sobre el peque\u00f1o h\u00e9roe, detall\u00f3: &#8220;fue cosa de un instante, se quem\u00f3 todo r\u00e1pido, yo me fui a llevarle a la escuela a mi otra hija, en diez minutos volv\u00ed y ya estaba todo quemado&#8221;.<\/p>\n\n\n\n<p>&#8220;Mi hijo luch\u00f3 mucho para vivir cuando era muy chiquito, y ahora salv\u00f3 a su hermanita, es un h\u00e9roe&#8221;, afirm\u00f3 la madre.<\/p>\n","protected":false},"excerpt":{"rendered":"<p>Mar\u00eda, mam\u00e1 de Ostin, cont\u00f3 c\u00f3mo est\u00e1 su hijo tras recibir un nuevo aud\u00edfono. &#8220;Est\u00e1 feliz con su aud\u00edfono, al fin lleg\u00f3 y le entregaron. Se notaba que le hac\u00eda&hellip; <\/p>\n","protected":false},"author":1,"featured_media":84735,"comment_status":"closed","ping_status":"open","sticky":false,"template":"","format":"standard","meta":{"footnotes":""},"categories":[17],"tags":[],"class_list":["post-84720","post","type-post","status-publish","format-standard","has-post-thumbnail","hentry","category-sociales"],"_links":{"self":[{"href":"https:\/\/corrientesdetarde.com\/index.php\/wp-json\/wp\/v2\/posts\/84720","targetHints":{"allow":["GET"]}}],"collection":[{"href":"https:\/\/corrientesdetarde.com\/index.php\/wp-json\/wp\/v2\/posts"}],"about":[{"href":"https:\/\/corrientesdetarde.com\/index.php\/wp-json\/wp\/v2\/types\/post"}],"author":[{"embeddable":true,"href":"https:\/\/corrientesdetarde.com\/index.php\/wp-json\/wp\/v2\/users\/1"}],"replies":[{"embeddable":true,"href":"https:\/\/corrientesdetarde.com\/index.php\/wp-json\/wp\/v2\/comments?post=84720"}],"version-history":[{"count":2,"href":"https:\/\/corrientesdetarde.com\/index.php\/wp-json\/wp\/v2\/posts\/84720\/revisions"}],"predecessor-version":[{"id":84737,"href":"https:\/\/corrientesdetarde.com\/index.php\/wp-json\/wp\/v2\/posts\/84720\/revisions\/84737"}],"wp:featuredmedia":[{"embeddable":true,"href":"https:\/\/corrientesdetarde.com\/index.php\/wp-json\/wp\/v2\/media\/84735"}],"wp:attachment":[{"href":"https:\/\/corrientesdetarde.com\/index.php\/wp-json\/wp\/v2\/media?parent=84720"}],"wp:term":[{"taxonomy":"category","embeddable":true,"href":"https:\/\/corrientesdetarde.com\/index.php\/wp-json\/wp\/v2\/categories?post=84720"},{"taxonomy":"post_tag","embeddable":true,"href":"https:\/\/corrientesdetarde.com\/index.php\/wp-json\/wp\/v2\/tags?post=84720"}],"curies":[{"name":"wp","href":"https:\/\/api.w.org\/{rel}","templated":true}]}}