{"id":84785,"date":"2023-09-01T15:35:49","date_gmt":"2023-09-01T18:35:49","guid":{"rendered":"https:\/\/corrientesdetarde.com\/?p=84785"},"modified":"2023-09-01T15:36:01","modified_gmt":"2023-09-01T18:36:01","slug":"la-fiscalia-pidio-elevar-a-juicio-la-causa-contra-l-gante-por-amenazas-y-privacion-ilegitima-de-la-libertad","status":"publish","type":"post","link":"https:\/\/corrientesdetarde.com\/index.php\/espectaculos\/la-fiscalia-pidio-elevar-a-juicio-la-causa-contra-l-gante-por-amenazas-y-privacion-ilegitima-de-la-libertad\/","title":{"rendered":"La Fiscal\u00eda pidi\u00f3 elevar a juicio la causa contra L-Gante por amenazas y privaci\u00f3n ileg\u00edtima de la libertad"},"content":{"rendered":"\n<p><strong>El fiscal Ra\u00fal Villalba pidi\u00f3 elevar a juicio oral la causa contra\u00a0L-Gante\u00a0por amenazas, privaci\u00f3n ileg\u00edtima de la libertad<\/strong>, tenencia de estupefacientes y encubrimiento agravado por \u00e1nimo de lucro. Esta solicitud se emiti\u00f3 luego de que la Fiscal\u00eda considerara al cantante como autor responsable de las cuatro causas en curso.<\/p>\n\n\n\n<p>De acuerdo al documento emitido, de proceder esta moci\u00f3n,<strong>&nbsp;el artista podr\u00eda ser condenado a ocho a\u00f1os de prisi\u00f3n, adem\u00e1s de la obligatoriedad de asumir los costos correspondientes del proceso penal.<\/strong><\/p>\n\n\n\n<p>La investigaci\u00f3n presentada ante las autoridades detr\u00e1s del caso, incluy\u00f3 una serie de elementos probatorios que permitir\u00edan reformular la categor\u00eda de este juicio. Adem\u00e1s el documento se\u00f1ala que<strong>&nbsp;Eli\u00e1n se habr\u00eda negado a colaborar con la suministraci\u00f3n de datos claves para probar su inocencia,<\/strong>&nbsp;con respecto a las acusaciones por las cuales actualmente est\u00e1 imputado.<\/p>\n\n\n\n<h2 class=\"wp-block-heading\">L-Gante comparti\u00f3 nuevas cartas desde la c\u00e1rcel: \u201cAunque est\u00e9 ac\u00e1, estoy feliz porque volv\u00ed a inspirarme\u201d<\/h2>\n\n\n\n<p>Hace instantes,\u00a0<strong>L-Gante<\/strong>\u00a0<strong>public\u00f3 en sus historias en Instagram un par de cartas manuscritas dirigidas a sus seguidores<\/strong>. En las mismas, no solo agradeci\u00f3 el apoyo de sus seguidores, sino que dej\u00f3 en claro que permanece esperanzado en el futuro y enfocado en nuevos proyectos.<\/p>\n\n\n\n<p>As\u00ed mismo, el referente de la cumbia 420 asegur\u00f3 que lejos de sentirse deprimido durante la reclusi\u00f3n, la experiencia lo fortaleci\u00f3 y result\u00f3 una fuente de ideas para escribir nuevas canciones.<\/p>\n\n\n<div class=\"wp-block-image\">\n<figure class=\"aligncenter\"><img decoding=\"async\" src=\"https:\/\/tn.com.ar\/resizer\/qxZQH2_AFBP9XxupeAJUcH6QtUQ=\/767x0\/smart\/filters:format(webp)\/cloudfront-us-east-1.images.arcpublishing.com\/artear\/VKPZPBFTX5G3TDCN5YUFCZS73Y.PNG\" alt=\"Las cartas que comparti\u00f3 L-Gante desde la c\u00e1rcel. (Foto: Instagram \/ lgante_keloke)\"\/><figcaption>Las cartas que comparti\u00f3 L-Gante desde la c\u00e1rcel. (Foto: Instagram \/ lgante_keloke)<\/figcaption><\/figure>\n<\/div>\n\n\n<p>\u201cY si en alg\u00fan momento pensaron que me deprim\u00ed, que estuve deca\u00eddo, que llor\u00e9 o algo similar&#8230; yo les aseguro que en ning\u00fan momento.<strong>&nbsp;No hay mal que por bien no venga y aunque est\u00e9 ac\u00e1, estoy feliz porque volv\u00ed a inspirarme\u201d<\/strong>, sostuvo en el escrito de pu\u00f1o y letra que comparti\u00f3 a trav\u00e9s de su cuenta de Instagram.<\/p>\n\n\n\n<p>Con esta afirmaci\u00f3n como pre\u00e1mbulo, anunci\u00f3 que ya cuenta con nuevo material musical. De acuerdo a sus proyecciones, lo lanzar\u00e1 una vez que se encuentre en libertad. \u201cAc\u00e1 estoy sumando historias, experiencias, momentos, estudios&#8230;&nbsp;<strong>Me puse a escribir siento que no perd\u00ed mi tiempo<\/strong>\u201d, asegur\u00f3.<\/p>\n\n\n\n<p>Y concluy\u00f3: \u201c<strong>\u00a1Solo quer\u00eda que sepan que me siento muy bien! Otra noche es otro d\u00eda, y otra rima es otra poes\u00eda.<\/strong>&nbsp;Ahora estoy escuchando la canci\u00f3n \u2018Yo ando ganando\u2019 de Pablito Lescano. Los \u00f1eris me la cantan. Pero sobre todo, estoy ready para salir mejor que nunca y dar mi mejor versi\u00f3n. Tranquilo, eso siempre\u201d.<\/p>\n","protected":false},"excerpt":{"rendered":"<p>El fiscal Ra\u00fal Villalba pidi\u00f3 elevar a juicio oral la causa contra\u00a0L-Gante\u00a0por amenazas, privaci\u00f3n ileg\u00edtima de la libertad, tenencia de estupefacientes y encubrimiento agravado por \u00e1nimo de lucro. Esta solicitud&hellip; <\/p>\n","protected":false},"author":1,"featured_media":84786,"comment_status":"closed","ping_status":"open","sticky":false,"template":"","format":"standard","meta":{"footnotes":""},"categories":[19],"tags":[],"class_list":["post-84785","post","type-post","status-publish","format-standard","has-post-thumbnail","hentry","category-espectaculos"],"_links":{"self":[{"href":"https:\/\/corrientesdetarde.com\/index.php\/wp-json\/wp\/v2\/posts\/84785","targetHints":{"allow":["GET"]}}],"collection":[{"href":"https:\/\/corrientesdetarde.com\/index.php\/wp-json\/wp\/v2\/posts"}],"about":[{"href":"https:\/\/corrientesdetarde.com\/index.php\/wp-json\/wp\/v2\/types\/post"}],"author":[{"embeddable":true,"href":"https:\/\/corrientesdetarde.com\/index.php\/wp-json\/wp\/v2\/users\/1"}],"replies":[{"embeddable":true,"href":"https:\/\/corrientesdetarde.com\/index.php\/wp-json\/wp\/v2\/comments?post=84785"}],"version-history":[{"count":1,"href":"https:\/\/corrientesdetarde.com\/index.php\/wp-json\/wp\/v2\/posts\/84785\/revisions"}],"predecessor-version":[{"id":84787,"href":"https:\/\/corrientesdetarde.com\/index.php\/wp-json\/wp\/v2\/posts\/84785\/revisions\/84787"}],"wp:featuredmedia":[{"embeddable":true,"href":"https:\/\/corrientesdetarde.com\/index.php\/wp-json\/wp\/v2\/media\/84786"}],"wp:attachment":[{"href":"https:\/\/corrientesdetarde.com\/index.php\/wp-json\/wp\/v2\/media?parent=84785"}],"wp:term":[{"taxonomy":"category","embeddable":true,"href":"https:\/\/corrientesdetarde.com\/index.php\/wp-json\/wp\/v2\/categories?post=84785"},{"taxonomy":"post_tag","embeddable":true,"href":"https:\/\/corrientesdetarde.com\/index.php\/wp-json\/wp\/v2\/tags?post=84785"}],"curies":[{"name":"wp","href":"https:\/\/api.w.org\/{rel}","templated":true}]}}