{"id":84939,"date":"2023-09-02T11:06:45","date_gmt":"2023-09-02T14:06:45","guid":{"rendered":"https:\/\/corrientesdetarde.com\/?p=84939"},"modified":"2023-09-02T11:06:46","modified_gmt":"2023-09-02T14:06:46","slug":"villa-olivari-despiste-y-choque-en-ruta-12","status":"publish","type":"post","link":"https:\/\/corrientesdetarde.com\/index.php\/policiales\/villa-olivari-despiste-y-choque-en-ruta-12\/","title":{"rendered":"Villa Olivari: despiste y choque en ruta 12"},"content":{"rendered":"\n<p>Viajaba una familia de brasile\u00f1os que por fortuna resultaron con lesiones menores.<\/p>\n\n\n\n<p>Una camioneta sali\u00f3 despedida ayer a la siesta de la cinta asf\u00e1ltica de la ruta nacional 12 y se incrust\u00f3 contra un transformador, donde por fortuna los dos ocupantes solo sufrieron lesiones menores.&nbsp;<\/p>\n\n\n\n<p>Se trat\u00f3 de una Fiat Toro en la que iba una pareja de nacionalidad brasilera que termin\u00f3 impactando contra una columna de hormig\u00f3n a la altura de Villa Olivari. Aseguran que por esa hora se desataba una fuerte tormenta en la zona.&nbsp;<\/p>\n\n\n\n<p>De acuerdo con un informe policial el impacto fue tan fuerte que cort\u00f3 los cables del tendido de energ\u00eda el\u00e9ctrica y dej\u00f3 sin luz a la zona.&nbsp;<\/p>\n","protected":false},"excerpt":{"rendered":"<p>Viajaba una familia de brasile\u00f1os que por fortuna resultaron con lesiones menores. Una camioneta sali\u00f3 despedida ayer a la siesta de la cinta asf\u00e1ltica de la ruta nacional 12 y&hellip; <\/p>\n","protected":false},"author":3,"featured_media":84940,"comment_status":"closed","ping_status":"open","sticky":false,"template":"","format":"standard","meta":{"footnotes":""},"categories":[33],"tags":[],"class_list":["post-84939","post","type-post","status-publish","format-standard","has-post-thumbnail","hentry","category-policiales"],"_links":{"self":[{"href":"https:\/\/corrientesdetarde.com\/index.php\/wp-json\/wp\/v2\/posts\/84939","targetHints":{"allow":["GET"]}}],"collection":[{"href":"https:\/\/corrientesdetarde.com\/index.php\/wp-json\/wp\/v2\/posts"}],"about":[{"href":"https:\/\/corrientesdetarde.com\/index.php\/wp-json\/wp\/v2\/types\/post"}],"author":[{"embeddable":true,"href":"https:\/\/corrientesdetarde.com\/index.php\/wp-json\/wp\/v2\/users\/3"}],"replies":[{"embeddable":true,"href":"https:\/\/corrientesdetarde.com\/index.php\/wp-json\/wp\/v2\/comments?post=84939"}],"version-history":[{"count":1,"href":"https:\/\/corrientesdetarde.com\/index.php\/wp-json\/wp\/v2\/posts\/84939\/revisions"}],"predecessor-version":[{"id":84941,"href":"https:\/\/corrientesdetarde.com\/index.php\/wp-json\/wp\/v2\/posts\/84939\/revisions\/84941"}],"wp:featuredmedia":[{"embeddable":true,"href":"https:\/\/corrientesdetarde.com\/index.php\/wp-json\/wp\/v2\/media\/84940"}],"wp:attachment":[{"href":"https:\/\/corrientesdetarde.com\/index.php\/wp-json\/wp\/v2\/media?parent=84939"}],"wp:term":[{"taxonomy":"category","embeddable":true,"href":"https:\/\/corrientesdetarde.com\/index.php\/wp-json\/wp\/v2\/categories?post=84939"},{"taxonomy":"post_tag","embeddable":true,"href":"https:\/\/corrientesdetarde.com\/index.php\/wp-json\/wp\/v2\/tags?post=84939"}],"curies":[{"name":"wp","href":"https:\/\/api.w.org\/{rel}","templated":true}]}}