{"id":84944,"date":"2023-09-02T13:16:35","date_gmt":"2023-09-02T16:16:35","guid":{"rendered":"https:\/\/corrientesdetarde.com\/?p=84944"},"modified":"2023-09-02T13:16:46","modified_gmt":"2023-09-02T16:16:46","slug":"gimnasia-e-independiente-abren-con-un-duelo-caliente-la-jornada-del-sabado","status":"publish","type":"post","link":"https:\/\/corrientesdetarde.com\/index.php\/deportes\/gimnasia-e-independiente-abren-con-un-duelo-caliente-la-jornada-del-sabado\/","title":{"rendered":"GIMNASIA E INDEPENDIENTE ABREN CON UN DUELO CALIENTE LA JORNADA DEL S\u00c1BADO"},"content":{"rendered":"\n<p>(Corresponsal\u00eda Buenos Aires) &#8211; El lobo y el rojo se miden en un enfrentamiento clave por escapar de la zona baja.<\/p>\n\n\n\n<p>Tras lo que fue la apertura de la fecha con el triunfo de Central C\u00f3rdoba ante Platense, la Copa de Liga Profesional proseguir\u00e1 este s\u00e1bado con m\u00fatiples encuentros. A primera hora, desde las 15, Gimnasia recibir\u00e1 a Independiente en el bosque en choque de necesitados. El equipo dirigido por Sebasti\u00e1n Romero busca un muy necesario triunfo tras caer en las primeras dos fechas, mientras que el conjunto de Avellaneda, ahora comandado por Carlos T\u00e9vez, quien habr\u00eda sido catapultado a dicho puesto luego de una comunicaci\u00f3n telef\u00f3nica entre el actual presidente de la AFA Carlos Tapia y el ex presidente de la naci\u00f3n Mauricio Macri, intentar\u00e1 sumar su segunda victoria consecutiva tras la obtenida de manera pol\u00e9mica ante Velez el pasado domingo. Cabe destacar que el cotejo ser\u00e1 arbitrado por Leandro Rey Hilfer, encargado del VAR en aquel partido.<\/p>\n\n\n\n<p>En segundo turno, a partir de las 16.30, Lan\u00fas recibir\u00e1 a Godoy Cruz tras sufrir sendas derrotas en el arranque del torneo, ante San Lorenzo y Newell&#8217;s. Del otro lado estar\u00e1 el tomba que llega dulce tras vencer por 1 a 0 en casa a Central C\u00f3rdoba.<\/p>\n\n\n\n<p>Conjuntamente con Belgrano vs Newell&#8217;s las 19 horas traer\u00e1n un duelo vital entre Hurac\u00e1n y Col\u00f3n en Parque Patricios. Al igual que en Gimnasia vs Independiente ambos conjuntos se medir\u00e1n con la suma necesidad de obtener los tres puntos para no poner m\u00e1s en peligro su permanencia en la primera divisi\u00f3n.<\/p>\n\n\n\n<p>Finalmente Velez y River cerrar\u00e1n la jornada desde las 21.30 en un encuentro de realidades opuestas. Por una parte los de Sebasti\u00e1n M\u00e9ndez buscar\u00e1n sumar nuevamente tras su ca\u00edda ante Independiente para continuar huyendo de la zona de descenso. Por otra, el equipo millonario, firme candidato al t\u00edtulo y que aplast\u00f3 a Barracas Central el pasado domingo por 5 a 1.<\/p>\n","protected":false},"excerpt":{"rendered":"<p>(Corresponsal\u00eda Buenos Aires) &#8211; El lobo y el rojo se miden en un enfrentamiento clave por escapar de la zona baja. Tras lo que fue la apertura de la fecha&hellip; <\/p>\n","protected":false},"author":11,"featured_media":84945,"comment_status":"closed","ping_status":"open","sticky":false,"template":"","format":"standard","meta":{"footnotes":""},"categories":[4],"tags":[510,1034,501,125,503,535],"class_list":["post-84944","post","type-post","status-publish","format-standard","has-post-thumbnail","hentry","category-deportes","tag-belgrano","tag-futbol-copa","tag-gimnasia","tag-independiente","tag-liga","tag-velez"],"_links":{"self":[{"href":"https:\/\/corrientesdetarde.com\/index.php\/wp-json\/wp\/v2\/posts\/84944","targetHints":{"allow":["GET"]}}],"collection":[{"href":"https:\/\/corrientesdetarde.com\/index.php\/wp-json\/wp\/v2\/posts"}],"about":[{"href":"https:\/\/corrientesdetarde.com\/index.php\/wp-json\/wp\/v2\/types\/post"}],"author":[{"embeddable":true,"href":"https:\/\/corrientesdetarde.com\/index.php\/wp-json\/wp\/v2\/users\/11"}],"replies":[{"embeddable":true,"href":"https:\/\/corrientesdetarde.com\/index.php\/wp-json\/wp\/v2\/comments?post=84944"}],"version-history":[{"count":1,"href":"https:\/\/corrientesdetarde.com\/index.php\/wp-json\/wp\/v2\/posts\/84944\/revisions"}],"predecessor-version":[{"id":84946,"href":"https:\/\/corrientesdetarde.com\/index.php\/wp-json\/wp\/v2\/posts\/84944\/revisions\/84946"}],"wp:featuredmedia":[{"embeddable":true,"href":"https:\/\/corrientesdetarde.com\/index.php\/wp-json\/wp\/v2\/media\/84945"}],"wp:attachment":[{"href":"https:\/\/corrientesdetarde.com\/index.php\/wp-json\/wp\/v2\/media?parent=84944"}],"wp:term":[{"taxonomy":"category","embeddable":true,"href":"https:\/\/corrientesdetarde.com\/index.php\/wp-json\/wp\/v2\/categories?post=84944"},{"taxonomy":"post_tag","embeddable":true,"href":"https:\/\/corrientesdetarde.com\/index.php\/wp-json\/wp\/v2\/tags?post=84944"}],"curies":[{"name":"wp","href":"https:\/\/api.w.org\/{rel}","templated":true}]}}