{"id":8496,"date":"2022-10-04T13:00:09","date_gmt":"2022-10-04T16:00:09","guid":{"rendered":"https:\/\/corrientesdetarde.com\/?p=8496"},"modified":"2022-10-04T13:00:15","modified_gmt":"2022-10-04T16:00:15","slug":"coldplay-reprograma-sus-shows-en-brasil-por-problemas-de-salud-de-chris-martin","status":"publish","type":"post","link":"https:\/\/corrientesdetarde.com\/index.php\/eventos\/coldplay-reprograma-sus-shows-en-brasil-por-problemas-de-salud-de-chris-martin\/","title":{"rendered":"Coldplay reprograma sus shows en Brasil por problemas de salud de Chris Martin"},"content":{"rendered":"\n<p>El cantante sufre una infecci\u00f3n pulmonar grave y deber\u00e1 guardar reposo por tres semanas.<\/p>\n\n\n\n<p>A tres semanas de su desembarco en la Argentina, donde dar\u00e1n&nbsp;diez shows en la Cancha de River,&nbsp;Coldplay&nbsp;anunci\u00f3 la reprogramaci\u00f3n de sus shows en Brasil debido a que&nbsp;Chris Martin&nbsp;sufre una infecci\u00f3n pulmonar. La banda ten\u00eda previsto dar dos recitales en R\u00edo de Janeiro y seis en S\u00e3o Pablo.<\/p>\n\n\n\n<p>\u201cCon profundo pesar, nos hemos visto obligados a posponer nuestros pr\u00f3ximos shows en&nbsp;R\u00edo de Janeiro y S\u00e3o Paulo hasta principios de 2023. Debido a una infecci\u00f3n pulmonar grave, Chris ha recibido&nbsp;estrictas \u00f3rdenes m\u00e9dicas de guardar reposo durante las pr\u00f3ximas tres semanas.&nbsp;Estamos trabajando lo m\u00e1s r\u00e1pido posible para asegurar las nuevas fechas y seguiremos con m\u00e1s informaci\u00f3n en los pr\u00f3ximos d\u00edas\u201d, comienza el comunicado subido a sus redes sociales.<\/p>\n\n\n\n<p>\u201cPara todos en Brasil que esperaban estos conciertos, lamentamos mucho cualquier decepci\u00f3n e inconveniente, y estamos muy agradecidos por su comprensi\u00f3n en este momento dif\u00edcil en el que&nbsp;debemos priorizar la salud de Chris. Guarden sus boletos ya que ser\u00e1n v\u00e1lidos para las nuevas fechas reprogramadas. Estos ocurrir\u00e1n a principios de 2023 y se anunciar\u00e1n muy pronto. Somos optimistas de que Chris recuperar\u00e1 la buena salud despu\u00e9s de la pausa m\u00e9dica prescrita y esperamos reanudar la gira lo antes posible. A todos los afectados, acepten nuestras m\u00e1s sinceras disculpas y, como siempre, gracias por su amor y apoyo\u201d, cierra.<\/p>\n\n\n\n<figure class=\"wp-block-image\"><a href=\"https:\/\/www.radiosudamericana.com\/notix\/multimedia\/imagenes\/fotos\/2022-10-04\/615760.jpg\"><img decoding=\"async\" src=\"https:\/\/www.radiosudamericana.com\/notix\/multimedia\/imagenes\/fotos\/2022-10-04\/615760.jpg_nota.jpg\" alt=\"\"\/><\/a><\/figure>\n\n\n\n<h2 class=\"wp-block-heading\"><strong>Los shows de Coldplay en la Argentina<\/strong><\/h2>\n\n\n\n<p>El 25 de octubre -exactamente tres semanas despu\u00e9s de lo indicado por los m\u00e9dicos- comienza el r\u00e9cord de diez shows de Coldplay en la Cancha de River, que&nbsp;se extender\u00e1 hasta el 8 de noviembre. La banda viene a presentar&nbsp;Music of the Spheres, su \u00e1lbum de 2021, que cuenta con colaboraciones de Selena G\u00f3mez y BTS.<\/p>\n\n\n\n<p>Coldplay anunci\u00f3 que el \u201cMusic Of The Spheres World Tour\u201d ser\u00e1 totalmente sustentable gracias al compromiso de la banda con el medio ambiente. As\u00ed, van a reducir en un 50 por ciento la emisi\u00f3n de di\u00f3xido de carbono y&nbsp;alimentar\u00e1n el escenario casi en su totalidad con energ\u00eda renovable&nbsp;de bajas emisiones.<\/p>\n\n\n\n<p>Adem\u00e1s, incluir\u00e1 que los estadios introduzcan grifos aireados e&nbsp;inodoros de baja descarga para minimizar el desperdicio de agua. Otra de las propuestas ser\u00e1 ofrecer vasos de aluminio reutilizables para su staff y para los fan\u00e1ticos con el fin de eliminar la venta de botellas de pl\u00e1stico. Todo el&nbsp;merchandising&nbsp;se obtendr\u00e1 de forma sustentable y&nbsp;donar\u00e1n el 10 por ciento de las ganancias totales a organizaciones sociales y ambientales. En cuanto a las&nbsp;pulseras LED&nbsp;que le dan a cada asistente estar\u00e1n hechas de materiales compostables a base de plantas.<\/p>\n","protected":false},"excerpt":{"rendered":"<p>El cantante sufre una infecci\u00f3n pulmonar grave y deber\u00e1 guardar reposo por tres semanas. A tres semanas de su desembarco en la Argentina, donde dar\u00e1n&nbsp;diez shows en la Cancha de&hellip; <\/p>\n","protected":false},"author":4,"featured_media":8497,"comment_status":"closed","ping_status":"open","sticky":false,"template":"","format":"standard","meta":{"footnotes":""},"categories":[22],"tags":[],"class_list":["post-8496","post","type-post","status-publish","format-standard","has-post-thumbnail","hentry","category-eventos"],"_links":{"self":[{"href":"https:\/\/corrientesdetarde.com\/index.php\/wp-json\/wp\/v2\/posts\/8496","targetHints":{"allow":["GET"]}}],"collection":[{"href":"https:\/\/corrientesdetarde.com\/index.php\/wp-json\/wp\/v2\/posts"}],"about":[{"href":"https:\/\/corrientesdetarde.com\/index.php\/wp-json\/wp\/v2\/types\/post"}],"author":[{"embeddable":true,"href":"https:\/\/corrientesdetarde.com\/index.php\/wp-json\/wp\/v2\/users\/4"}],"replies":[{"embeddable":true,"href":"https:\/\/corrientesdetarde.com\/index.php\/wp-json\/wp\/v2\/comments?post=8496"}],"version-history":[{"count":1,"href":"https:\/\/corrientesdetarde.com\/index.php\/wp-json\/wp\/v2\/posts\/8496\/revisions"}],"predecessor-version":[{"id":8498,"href":"https:\/\/corrientesdetarde.com\/index.php\/wp-json\/wp\/v2\/posts\/8496\/revisions\/8498"}],"wp:featuredmedia":[{"embeddable":true,"href":"https:\/\/corrientesdetarde.com\/index.php\/wp-json\/wp\/v2\/media\/8497"}],"wp:attachment":[{"href":"https:\/\/corrientesdetarde.com\/index.php\/wp-json\/wp\/v2\/media?parent=8496"}],"wp:term":[{"taxonomy":"category","embeddable":true,"href":"https:\/\/corrientesdetarde.com\/index.php\/wp-json\/wp\/v2\/categories?post=8496"},{"taxonomy":"post_tag","embeddable":true,"href":"https:\/\/corrientesdetarde.com\/index.php\/wp-json\/wp\/v2\/tags?post=8496"}],"curies":[{"name":"wp","href":"https:\/\/api.w.org\/{rel}","templated":true}]}}