{"id":85014,"date":"2023-09-03T08:29:46","date_gmt":"2023-09-03T11:29:46","guid":{"rendered":"https:\/\/corrientesdetarde.com\/?p=85014"},"modified":"2023-09-03T08:31:38","modified_gmt":"2023-09-03T11:31:38","slug":"nuevo-feriado-el-lunes-11-de-septiembre-quienes-tienen-fin-de-semana-largo","status":"publish","type":"post","link":"https:\/\/corrientesdetarde.com\/index.php\/sociales\/nuevo-feriado-el-lunes-11-de-septiembre-quienes-tienen-fin-de-semana-largo\/","title":{"rendered":"Nuevo feriado el lunes 11 de septiembre: \u00bfqui\u00e9nes tienen fin de semana largo?"},"content":{"rendered":"\n<p>Algunos argentinos tendr\u00e1n un d\u00eda extra de descanso y un fin de semana largo para disfrutar.<\/p>\n\n\n\n<p>El jueves&nbsp;<strong>17 de agosto se conmemor\u00f3 el Paso a la Inmortalidad de Jos\u00e9 de San Mart\u00edn<\/strong>, y&nbsp;seg\u00fan establece el calendario oficial de&nbsp;<strong>feriados nacionales,<\/strong>&nbsp;el d\u00eda de descanso&nbsp;<strong>se traslad\u00f3 al lunes 21<\/strong>&nbsp;del mismo mes, para formar un fin de semana largo con el objetivo de impulsar el turismo durante la temporada baja.&nbsp;<\/p>\n\n\n\n<p>A la\u00a0espera de un nuevo d\u00eda de descanso establecido por el calendario oficial, algunos argentinos tendr\u00e1n un nuevo\u00a0<strong>feriado el lunes 11 de septiembre, por lo que adem\u00e1s contar\u00e1n con un fin de semana largo de tres d\u00edas.<\/strong><\/p>\n\n\n\n<h2 class=\"wp-block-heading\">Feriado el lunes 11 de septiembre: \u00bfd\u00f3nde y por qu\u00e9?<\/h2>\n\n\n\n<p>Cada 11 de septiembre se celebra el&nbsp;<strong>D\u00eda del Maestro<\/strong>&nbsp;en honor a Domingo Faustino Sarmiento, quien falleci\u00f3 en esta fecha en 1874.&nbsp;<\/p>\n\n\n\n<p>En esta jornada, solo tendr\u00e1n descanso los trabajadores relacionados con la educaci\u00f3n, abarcando a docentes y personal auxiliar. Por lo tanto,&nbsp;<strong>tambi\u00e9n se establece como feriado para los estudiantes<\/strong>.<\/p>\n\n\n\n<h2 class=\"wp-block-heading\">Los pr\u00f3ximos feriados y fines de semana largo del 2023<\/h2>\n\n\n\n<p>Quedar\u00e1n para este a\u00f1o cinco feriados (fijos, trasladables y puentes) dispuestos en el<strong>&nbsp;calendario oficial&nbsp;<\/strong>para lo que resta del 2023:<\/p>\n\n\n\n<p><strong>Feriados trasladables<\/strong><\/p>\n\n\n\n<ul class=\"wp-block-list\"><li>12 de octubre (D\u00eda del Respeto a la Diversidad Cultural), que se celebrar\u00e1 el lunes 16 de octubre<\/li><\/ul>\n\n\n\n<p><strong>Puentes tur\u00edsticos<\/strong><\/p>\n\n\n\n<ul class=\"wp-block-list\"><li>El viernes 13 de octubre (fin de semana largo, de cuatro d\u00edas, por traslado del jueves 12 de octubre -D\u00eda del Respeto a la Diversidad Cultural- al lunes 16 de octubre).<\/li><\/ul>\n\n\n\n<p><strong>Feriados intransferibles<\/strong><\/p>\n\n\n\n<ul class=\"wp-block-list\"><li>20 de noviembre (D\u00eda de la Soberan\u00eda Nacional)<\/li><li>8 de diciembre (D\u00eda de la Inmaculada Concepci\u00f3n de Mar\u00eda)<\/li><li>25 de diciembre (Navidad)<\/li><\/ul>\n","protected":false},"excerpt":{"rendered":"<p>Algunos argentinos tendr\u00e1n un d\u00eda extra de descanso y un fin de semana largo para disfrutar. El jueves&nbsp;17 de agosto se conmemor\u00f3 el Paso a la Inmortalidad de Jos\u00e9 de&hellip; <\/p>\n","protected":false},"author":4,"featured_media":85015,"comment_status":"closed","ping_status":"open","sticky":false,"template":"","format":"standard","meta":{"footnotes":""},"categories":[17],"tags":[],"class_list":["post-85014","post","type-post","status-publish","format-standard","has-post-thumbnail","hentry","category-sociales"],"_links":{"self":[{"href":"https:\/\/corrientesdetarde.com\/index.php\/wp-json\/wp\/v2\/posts\/85014","targetHints":{"allow":["GET"]}}],"collection":[{"href":"https:\/\/corrientesdetarde.com\/index.php\/wp-json\/wp\/v2\/posts"}],"about":[{"href":"https:\/\/corrientesdetarde.com\/index.php\/wp-json\/wp\/v2\/types\/post"}],"author":[{"embeddable":true,"href":"https:\/\/corrientesdetarde.com\/index.php\/wp-json\/wp\/v2\/users\/4"}],"replies":[{"embeddable":true,"href":"https:\/\/corrientesdetarde.com\/index.php\/wp-json\/wp\/v2\/comments?post=85014"}],"version-history":[{"count":3,"href":"https:\/\/corrientesdetarde.com\/index.php\/wp-json\/wp\/v2\/posts\/85014\/revisions"}],"predecessor-version":[{"id":85018,"href":"https:\/\/corrientesdetarde.com\/index.php\/wp-json\/wp\/v2\/posts\/85014\/revisions\/85018"}],"wp:featuredmedia":[{"embeddable":true,"href":"https:\/\/corrientesdetarde.com\/index.php\/wp-json\/wp\/v2\/media\/85015"}],"wp:attachment":[{"href":"https:\/\/corrientesdetarde.com\/index.php\/wp-json\/wp\/v2\/media?parent=85014"}],"wp:term":[{"taxonomy":"category","embeddable":true,"href":"https:\/\/corrientesdetarde.com\/index.php\/wp-json\/wp\/v2\/categories?post=85014"},{"taxonomy":"post_tag","embeddable":true,"href":"https:\/\/corrientesdetarde.com\/index.php\/wp-json\/wp\/v2\/tags?post=85014"}],"curies":[{"name":"wp","href":"https:\/\/api.w.org\/{rel}","templated":true}]}}