{"id":85019,"date":"2023-09-03T08:48:43","date_gmt":"2023-09-03T11:48:43","guid":{"rendered":"https:\/\/corrientesdetarde.com\/?p=85019"},"modified":"2023-09-03T08:48:56","modified_gmt":"2023-09-03T11:48:56","slug":"por-el-efecto-previaje-el-turismo-ratifica-su-liderazgo-en-la-generacion-de-empleo","status":"publish","type":"post","link":"https:\/\/corrientesdetarde.com\/index.php\/economia\/por-el-efecto-previaje-el-turismo-ratifica-su-liderazgo-en-la-generacion-de-empleo\/","title":{"rendered":"Por el efecto PreViaje, el turismo ratifica su liderazgo en la generaci\u00f3n de empleo"},"content":{"rendered":"\n<p>El programa continuar\u00e1 en la pr\u00f3xima temporada.<\/p>\n\n\n\n<p><strong>Con un incremento interanual&nbsp;de 12,7%, &#8220;hoteles y restaurantes&#8221; fue el sector con mayor&nbsp;crecimiento en la incorporaci\u00f3n de empleo asalariado registrado en&nbsp;junio \u00faltimo, de acuerdo con el \u00faltimo informe sobre la &#8220;Situaci\u00f3n&nbsp;y evoluci\u00f3n del trabajo registrado&#8221;.<\/strong><\/p>\n\n\n\n<p>Los resultados para el sector hotelero-gastron\u00f3mico coinciden\u00a0con la cuarta edici\u00f3n de<a rel=\"noreferrer noopener\" href=\"https:\/\/noticiasargentinas.com\/sociedad\/previaje-5-con-que-feriados-coincide-la-nueva-edicion\" target=\"_blank\">\u00a0<\/a>PreViaje<a rel=\"noreferrer noopener\" href=\"https:\/\/noticiasargentinas.com\/sociedad\/previaje-5-con-que-feriados-coincide-la-nueva-edicion\" target=\"_blank\">,<\/a>\u00a0dise\u00f1ada por el Ministerio de\u00a0Turismo y Deportes para estimular escapadas a fines de mayo y\u00a0junio, momento del a\u00f1o que suele tener menor actividad tur\u00edstica.<\/p>\n\n\n\n<p>Con el mismo objetivo, los ministros Sergio Massa y Mat\u00edas&nbsp;Lammens presentaron la quinta edici\u00f3n del programa, que ahora<strong>&nbsp;tiene su foco puesto en las escapadas primaverales.<\/strong><\/p>\n\n\n\n<p>Con estos reportes difundidos hoy por el Ministerio de Trabajo,&nbsp;Empleo y Seguridad Social,&nbsp;<strong>el sector tur\u00edstico ratifica su&nbsp;liderazgo en la generaci\u00f3n de empleo privado, con 24 meses&nbsp;consecutivos de aumento en la incorporaci\u00f3n de trabajadores.<\/strong><\/p>\n\n\n\n<p>En el mismo sentido,<strong>&nbsp;este rubro sum\u00f3 m\u00e1s de 55 mil puestos de&nbsp;trabajo respecto de 2022 en el primer trimestre del a\u00f1o<\/strong>, seg\u00fan&nbsp;inform\u00f3&nbsp;el&nbsp;INDEC.<\/p>\n","protected":false},"excerpt":{"rendered":"<p>El programa continuar\u00e1 en la pr\u00f3xima temporada. Con un incremento interanual&nbsp;de 12,7%, &#8220;hoteles y restaurantes&#8221; fue el sector con mayor&nbsp;crecimiento en la incorporaci\u00f3n de empleo asalariado registrado en&nbsp;junio \u00faltimo, de&hellip; <\/p>\n","protected":false},"author":4,"featured_media":85020,"comment_status":"closed","ping_status":"open","sticky":false,"template":"","format":"standard","meta":{"footnotes":""},"categories":[20],"tags":[],"class_list":["post-85019","post","type-post","status-publish","format-standard","has-post-thumbnail","hentry","category-economia"],"_links":{"self":[{"href":"https:\/\/corrientesdetarde.com\/index.php\/wp-json\/wp\/v2\/posts\/85019","targetHints":{"allow":["GET"]}}],"collection":[{"href":"https:\/\/corrientesdetarde.com\/index.php\/wp-json\/wp\/v2\/posts"}],"about":[{"href":"https:\/\/corrientesdetarde.com\/index.php\/wp-json\/wp\/v2\/types\/post"}],"author":[{"embeddable":true,"href":"https:\/\/corrientesdetarde.com\/index.php\/wp-json\/wp\/v2\/users\/4"}],"replies":[{"embeddable":true,"href":"https:\/\/corrientesdetarde.com\/index.php\/wp-json\/wp\/v2\/comments?post=85019"}],"version-history":[{"count":1,"href":"https:\/\/corrientesdetarde.com\/index.php\/wp-json\/wp\/v2\/posts\/85019\/revisions"}],"predecessor-version":[{"id":85021,"href":"https:\/\/corrientesdetarde.com\/index.php\/wp-json\/wp\/v2\/posts\/85019\/revisions\/85021"}],"wp:featuredmedia":[{"embeddable":true,"href":"https:\/\/corrientesdetarde.com\/index.php\/wp-json\/wp\/v2\/media\/85020"}],"wp:attachment":[{"href":"https:\/\/corrientesdetarde.com\/index.php\/wp-json\/wp\/v2\/media?parent=85019"}],"wp:term":[{"taxonomy":"category","embeddable":true,"href":"https:\/\/corrientesdetarde.com\/index.php\/wp-json\/wp\/v2\/categories?post=85019"},{"taxonomy":"post_tag","embeddable":true,"href":"https:\/\/corrientesdetarde.com\/index.php\/wp-json\/wp\/v2\/tags?post=85019"}],"curies":[{"name":"wp","href":"https:\/\/api.w.org\/{rel}","templated":true}]}}