{"id":85112,"date":"2023-09-03T19:02:03","date_gmt":"2023-09-03T22:02:03","guid":{"rendered":"https:\/\/corrientesdetarde.com\/?p=85112"},"modified":"2023-09-03T19:02:14","modified_gmt":"2023-09-03T22:02:14","slug":"un-choque-en-ruta-5-deja-el-saldo-de-un-muerto","status":"publish","type":"post","link":"https:\/\/corrientesdetarde.com\/index.php\/policiales\/un-choque-en-ruta-5-deja-el-saldo-de-un-muerto\/","title":{"rendered":"Un choque en Ruta 5 deja el saldo de un muerto."},"content":{"rendered":"\n<h2 class=\"wp-block-heading\">En horas tempranas de la ma\u00f1ana de hoy, Efectivos Policiales de la Comisaria 22\u00b0 Urbana, habr\u00edan tomado conocimiento que, en Ruta Provincial N\u00ba 5, entre calles Cesar \u00c1lvarez y Arquero-por causas y circunstancias que se tratan de establecer-; se habr\u00eda registrado un supuesto siniestro vial.<\/h2>\n\n\n\n<p>Seg\u00fan las primeras averiguaciones efectuadas y la informaci\u00f3n preliminar obtenida, el mismo habr\u00eda tenido como protagonista a un veh\u00edculo automotor-Renault Kangoo-; conducido por un hombre mayor de edad, y por otra parte una motocicleta-Honda CG Titan-; guiada por un hombre mayor de edad y quien, habr\u00eda fallecido en el lugar.<\/p>\n\n\n\n<p>Al respecto, se dio intervenci\u00f3n a la autoridad judicial en turno mientras que, se llevan a cabo las diligencias y tramites del caso; desconoci\u00e9ndose m\u00e1s detalles y pormenores que rodearon a este lamentable hecho.<\/p>\n","protected":false},"excerpt":{"rendered":"<p>En horas tempranas de la ma\u00f1ana de hoy, Efectivos Policiales de la Comisaria 22\u00b0 Urbana, habr\u00edan tomado conocimiento que, en Ruta Provincial N\u00ba 5, entre calles Cesar \u00c1lvarez y Arquero-por&hellip; <\/p>\n","protected":false},"author":6,"featured_media":85115,"comment_status":"closed","ping_status":"open","sticky":false,"template":"","format":"standard","meta":{"footnotes":""},"categories":[33],"tags":[],"class_list":["post-85112","post","type-post","status-publish","format-standard","has-post-thumbnail","hentry","category-policiales"],"_links":{"self":[{"href":"https:\/\/corrientesdetarde.com\/index.php\/wp-json\/wp\/v2\/posts\/85112","targetHints":{"allow":["GET"]}}],"collection":[{"href":"https:\/\/corrientesdetarde.com\/index.php\/wp-json\/wp\/v2\/posts"}],"about":[{"href":"https:\/\/corrientesdetarde.com\/index.php\/wp-json\/wp\/v2\/types\/post"}],"author":[{"embeddable":true,"href":"https:\/\/corrientesdetarde.com\/index.php\/wp-json\/wp\/v2\/users\/6"}],"replies":[{"embeddable":true,"href":"https:\/\/corrientesdetarde.com\/index.php\/wp-json\/wp\/v2\/comments?post=85112"}],"version-history":[{"count":1,"href":"https:\/\/corrientesdetarde.com\/index.php\/wp-json\/wp\/v2\/posts\/85112\/revisions"}],"predecessor-version":[{"id":85116,"href":"https:\/\/corrientesdetarde.com\/index.php\/wp-json\/wp\/v2\/posts\/85112\/revisions\/85116"}],"wp:featuredmedia":[{"embeddable":true,"href":"https:\/\/corrientesdetarde.com\/index.php\/wp-json\/wp\/v2\/media\/85115"}],"wp:attachment":[{"href":"https:\/\/corrientesdetarde.com\/index.php\/wp-json\/wp\/v2\/media?parent=85112"}],"wp:term":[{"taxonomy":"category","embeddable":true,"href":"https:\/\/corrientesdetarde.com\/index.php\/wp-json\/wp\/v2\/categories?post=85112"},{"taxonomy":"post_tag","embeddable":true,"href":"https:\/\/corrientesdetarde.com\/index.php\/wp-json\/wp\/v2\/tags?post=85112"}],"curies":[{"name":"wp","href":"https:\/\/api.w.org\/{rel}","templated":true}]}}