{"id":85113,"date":"2023-09-03T19:27:10","date_gmt":"2023-09-03T22:27:10","guid":{"rendered":"https:\/\/corrientesdetarde.com\/?p=85113"},"modified":"2023-09-03T19:27:21","modified_gmt":"2023-09-03T22:27:21","slug":"massa-reactiva-la-campana-sin-el-consenso-del-peronismo-y-con-cristina-kirchner-a-distancia","status":"publish","type":"post","link":"https:\/\/corrientesdetarde.com\/index.php\/politica\/massa-reactiva-la-campana-sin-el-consenso-del-peronismo-y-con-cristina-kirchner-a-distancia\/","title":{"rendered":"Massa reactiva la campa\u00f1a sin el consenso del peronismo y con Cristina Kirchner a distancia."},"content":{"rendered":"\n<h2 class=\"wp-block-heading\">El tigrense retoma las recorridas y re\u00fane a los gobernadores en medio del escepticismo y la ausencia de la vicepresidenta.<\/h2>\n\n\n\n<p>\u201c\u00a1<strong>Flavia Royon<\/strong>, que gran ministra de Econom\u00eda ser\u00edas!\u201d, grita\u00a0<strong>Sergio Massa<\/strong>, divertido y ante la sonrisa inc\u00f3moda de su secretaria de Energ\u00eda. \u201cPreparate, ahora te van a empezar a cagar a palos los medios\u201d, completa el tigrense, en una premonici\u00f3n cargada de animosidad e iron\u00eda.<\/p>\n\n\n\n<p>La escena, en medio de la\u00a0gira a Brasil\u00a0que el ministro-candidato protagoniz\u00f3 a principios de semana, pinta a un Massa hiperactivo, que hace planes a corto y largo plazo, que utiliza cada minuto en pos de fortalecer sus chances, en medio de la inflaci\u00f3n galopante, el d\u00f3lar que no da respiro y una sociedad que mayoritariamente opt\u00f3 por opciones opositoras al kirchnerismo en las Paso del 13 de agosto pasado.<\/p>\n\n\n\n<p>El&nbsp;<strong>optimismo desbordante<\/strong>&nbsp;del candidato de Uni\u00f3n por la Patria, que el lunes inicia su campa\u00f1a \u201ccon&nbsp;<strong>recorridas por todo el pa\u00eds<\/strong>\u201d y hacia el fin de semana prev\u00e9 reunir a los&nbsp;<strong>gobernadores peronistas<\/strong>&nbsp;en Buenos Aires,&nbsp;<mark>contrasta con el escepticismo de muchos dirigentes<\/mark>, expresada en la negativa de varios de los principales mandatarios provinciales a convalidar la suma fija, eje central de los anuncios econ\u00f3micos paliativos lanzados por Massa el domingo pasado. Las dudas se suman a la&nbsp;<mark>ausencia notoria de la vicepresidenta&nbsp;<strong>Cristina Kirchner<\/strong>&nbsp;y el diputado&nbsp;<strong>M\u00e1ximo Kirchner&nbsp;<\/strong>en la campa\u00f1a<\/mark>, la evidente distancia entre Massa y el presidente&nbsp;<strong>Alberto Fern\u00e1ndez<\/strong>, que lleva una agenda paralela de actividades y viajes, y el&nbsp;<mark>resignado apoyo de la militancia cristinista<\/mark>, que a\u00fan con resistencias se muestra cercano al candidato y trabaja para su triunfo el 22 de octubre.<\/p>\n\n\n\n<p>\u201c<strong>Los gobernadores que no paguen el bono pagar\u00e1n el costo ante la gente por no hacerlo<\/strong>\u201d, se lo escuch\u00f3 decir a Massa el mi\u00e9rcoles, anoticiado de que varios mandatarios \u2013incluso algunos del propio palo, como el tucumano<strong>\u00a0Juan Manzur<\/strong>, el chaque\u00f1o\u00a0<strong>Jorge Capitanich<\/strong>, el santafesino\u00a0<strong>Omar Perotti\u00a0<\/strong>o la santacruce\u00f1a\u00a0<strong>Alicia Kirchner<\/strong>\u2013 argumentaban\u00a0no estar en condiciones econ\u00f3micas\u00a0de otorgar el bono de $60.000 en dos cuotas, que seg\u00fan coinciden distintas fuentes,\u00a0<mark>no tuvo consulta ni aviso previo<\/mark>\u00a0que llegara a los mandatarios provinciales.<\/p>\n\n\n\n<p>\u201c<strong>No tengo plata, le avis\u00e9 a Sergio por mensajito que no pod\u00eda<\/strong>\u201d, cont\u00f3 uno de los mandatarios provinciales, preocupado por las repercusiones internas que tendr\u00eda una negativa m\u00e1s pol\u00edtica que econ\u00f3mica, a menos de dos meses de las generales. \u201cSe deber\u00eda acomodar con el correr de los d\u00edas, pero evidentemente no fue buena la reacci\u00f3n\u201d, coment\u00f3 a este diario un dirigente social que, como parte de las organizaciones cercanas al Gobierno como el Movimiento Evita, Somos Barrios de Pie o el espacio de\u00a0<strong>Juan Grabois<\/strong>, ya iniciaron su militancia \u201ccasa por casa\u201d para apoyar a Massa contra \u201cel peligro de la derecha\u201d.<\/p>\n\n\n\n<figure class=\"wp-block-image\"><img decoding=\"async\" src=\"https:\/\/resizer.glanacion.com\/resizer\/PrNI5IHZerFj1VXor7gggIDzoUg=\/420x0\/filters:format(webp):quality(70)\/cloudfront-us-east-1.images.arcpublishing.com\/lanacionar\/4M27OCEO4RFW7LEBEZUKDWWK3I.jpg\" alt=\"El ministro de Econom\u00eda y candidato a presidente Sergio Massa junto al gobernador de Buenos Aires, Axel Kicillof\"\/><figcaption>El ministro de Econom\u00eda y candidato a presidente Sergio Massa junto al gobernador de Buenos Aires, Axel KicillofPrensa Uni\u00f3n por la Patr<\/figcaption><\/figure>\n\n\n\n<p>M\u00e1s all\u00e1 de su resistencia a pagar el bono, varios gobernadores (e intendentes) aducen que su prioridad es sostener su poder local por encima de cualquier otro objetivo. \u201c<strong>Manzur se tom\u00f3 una peque\u00f1a revancha<\/strong>\u201d, aseguran desde el peronismo en relaci\u00f3n a la supuesta \u201cplancha\u201d del exjefe de gabinete, enemistado con el tigrense, en las PASO de Tucum\u00e1n, donde el m\u00e1s votado a presidente fue&nbsp;<strong>Javier Milei<\/strong>. De todos modos, una charla a solas entre Manzur y su sucesor electo,&nbsp;<strong>Osvaldo Jaldo<\/strong>, habr\u00eda dado como resultado la decisi\u00f3n de \u201cjugar fuerte\u201d para que Massa gane en Tucum\u00e1n en octubre.<\/p>\n\n\n\n<p>\u201cAlgunos gobernadores, como (Ra\u00fal) Jalil, (Ricardo) Quintela y (Gildo) Insfr\u00e1n vienen jugando bien, otros tienen una visi\u00f3n corta. \u00bfVan a sobrevivir si hay un terremoto pol\u00edtico y gana Milei o Bullrich? \u201c, se quej\u00f3 un leal a Massa, con la vista puesta en los mandatarios provinciales que \u201cno entienden el momento que les toc\u00f3\u201d. En el gabinete nacional tambi\u00e9n reconocen que muchos ministros \u201cest\u00e1n borrados\u201d de la campa\u00f1a, aunque vislumbran que todo puede reactivarse a medida que se acerque la elecci\u00f3n.<\/p>\n\n\n\n<p>En el crucial territorio bonaerense, varios intendentes hablan de un \u201cgran signo de interrogaci\u00f3n\u201d, pero prometen pelear para bajar la brecha entre los guarismos que obtuvieron a nivel local, en muchos casos muy exitosos, y los que obtuvieron&nbsp;<strong>Axel Kicillof&nbsp;<\/strong>para la gobernaci\u00f3n y Massa para Presidente. \u201c<mark>Massa quiere imponer decisiones a los golpes, pero no tiene suficiente fortaleza pol\u00edtica para hacerlo<\/mark>\u201d, se queja un jefe comunal bonaerense que busca su reelecci\u00f3n en octubre.<\/p>\n\n\n\n<h2 class=\"wp-block-heading\">La \u201cdecisi\u00f3n tomada\u201d de Cristina<\/h2>\n\n\n\n<p>El silencio de Cristina Kirchner \u2013su \u00faltima foto con Massa fue el 17 de julio, ambos subidos al simulador de Aerol\u00edneas Argentinas\u2013 ya es tomado con resignaci\u00f3n por sus leales. \u201c<strong>No creo que participe de la campa\u00f1a, ser\u00eda muy raro. Ella ya tiene una decisi\u00f3n tomada<\/strong>\u201d, dice un dirigente cercano a la expresidenta, que por estos d\u00edas record\u00f3 en las redes el primer aniversario del atentado en su contra, y se muestra ocupada por el\u00a0demorado pliego\u00a0de la jueza\u00a0<strong>Ana Mar\u00eda Figueroa<\/strong>, a quien la vicepresidenta quiere mantener en su cargo a pesar de haber cumplido la edad tope de 75 a\u00f1os. Justamente en el Senado est\u00e1 trabado uno de los proyectos que Massa quiere poner sobre la mesa para pelear los votos de los j\u00f3venes con Javier Milei: el denominado\u00a0<strong>monotributo tecnol\u00f3gico<\/strong>, ya aprobado en la C\u00e1mara de Diputados y con dictamen en la C\u00e1mara alta.<\/p>\n\n\n\n<figure class=\"wp-block-image\"><img decoding=\"async\" src=\"https:\/\/resizer.glanacion.com\/resizer\/6cBvidINmvEkmKWwhYtYEY4zjRQ=\/420x0\/filters:format(webp):quality(70)\/cloudfront-us-east-1.images.arcpublishing.com\/lanacionar\/634ZYKCYZ5E4PHAB3EX4OQU5HA.JPG\" alt=\"Sergio Massa y Cristina Fern\u00e1ndez de Kirchner en Ezeiza\"\/><figcaption>Sergio Massa y Cristina Fern\u00e1ndez de Kirchner en EzeizaPrensa UP<\/figcaption><\/figure>\n\n\n\n<p><mark>\u201cMe piden que pelee los votos de Milei y no sacan la ley, que genera divisas y no les trae gastos a las provincias\u201d<\/mark>, se queja ante sus \u00edntimos Massa, aunque conoce que la apuesta de Cristina por Figueroa mantiene (y por lo visto mantendr\u00e1) trabado el funcionamiento del Senado, con la oposici\u00f3n en contra de la extensi\u00f3n del cargo de la actual presidenta de la C\u00e1mara de Casaci\u00f3n Penal.<\/p>\n\n\n\n<p>Sin dar demasiados detalles, Massa promete una campa\u00f1a \u201cmuy activa\u201d a partir de este lunes, con presencia en todos los distritos, y combinada con anuncios econ\u00f3micos. \u201cEstamos segundos en las encuestas, y lo peor de la devaluaci\u00f3n y el aumento de precios ya pas\u00f3. Estamos en la pelea\u201d, resumen desde el comit\u00e9 de campa\u00f1a de la calle Bartolom\u00e9 Mitre, que promete volver a poblarse a partir de la semana que viene.<\/p>\n","protected":false},"excerpt":{"rendered":"<p>El tigrense retoma las recorridas y re\u00fane a los gobernadores en medio del escepticismo y la ausencia de la vicepresidenta. \u201c\u00a1Flavia Royon, que gran ministra de Econom\u00eda ser\u00edas!\u201d, grita\u00a0Sergio Massa,&hellip; <\/p>\n","protected":false},"author":6,"featured_media":85117,"comment_status":"closed","ping_status":"open","sticky":false,"template":"","format":"standard","meta":{"footnotes":""},"categories":[3],"tags":[],"class_list":["post-85113","post","type-post","status-publish","format-standard","has-post-thumbnail","hentry","category-politica"],"_links":{"self":[{"href":"https:\/\/corrientesdetarde.com\/index.php\/wp-json\/wp\/v2\/posts\/85113","targetHints":{"allow":["GET"]}}],"collection":[{"href":"https:\/\/corrientesdetarde.com\/index.php\/wp-json\/wp\/v2\/posts"}],"about":[{"href":"https:\/\/corrientesdetarde.com\/index.php\/wp-json\/wp\/v2\/types\/post"}],"author":[{"embeddable":true,"href":"https:\/\/corrientesdetarde.com\/index.php\/wp-json\/wp\/v2\/users\/6"}],"replies":[{"embeddable":true,"href":"https:\/\/corrientesdetarde.com\/index.php\/wp-json\/wp\/v2\/comments?post=85113"}],"version-history":[{"count":1,"href":"https:\/\/corrientesdetarde.com\/index.php\/wp-json\/wp\/v2\/posts\/85113\/revisions"}],"predecessor-version":[{"id":85118,"href":"https:\/\/corrientesdetarde.com\/index.php\/wp-json\/wp\/v2\/posts\/85113\/revisions\/85118"}],"wp:featuredmedia":[{"embeddable":true,"href":"https:\/\/corrientesdetarde.com\/index.php\/wp-json\/wp\/v2\/media\/85117"}],"wp:attachment":[{"href":"https:\/\/corrientesdetarde.com\/index.php\/wp-json\/wp\/v2\/media?parent=85113"}],"wp:term":[{"taxonomy":"category","embeddable":true,"href":"https:\/\/corrientesdetarde.com\/index.php\/wp-json\/wp\/v2\/categories?post=85113"},{"taxonomy":"post_tag","embeddable":true,"href":"https:\/\/corrientesdetarde.com\/index.php\/wp-json\/wp\/v2\/tags?post=85113"}],"curies":[{"name":"wp","href":"https:\/\/api.w.org\/{rel}","templated":true}]}}