{"id":85114,"date":"2023-09-03T19:31:44","date_gmt":"2023-09-03T22:31:44","guid":{"rendered":"https:\/\/corrientesdetarde.com\/?p=85114"},"modified":"2023-09-03T19:31:55","modified_gmt":"2023-09-03T22:31:55","slug":"atacaron-la-sede-del-partido-justicialista-del-chaco","status":"publish","type":"post","link":"https:\/\/corrientesdetarde.com\/index.php\/policiales\/atacaron-la-sede-del-partido-justicialista-del-chaco\/","title":{"rendered":"Atacaron la sede del Partido Justicialista del Chaco."},"content":{"rendered":"\n<h2 class=\"wp-block-heading\"><\/h2>\n\n\n\n<p>El Partido Justicialista de Chaco repudi\u00f3 hoy el ataque perpetrado contra la sede en la capital chaque\u00f1a, un acto que &#8220;atenta contra los principios democr\u00e1ticos&#8221;, y destac\u00f3 la importancia del &#8220;di\u00e1logo y el respeto mutuo para la construcci\u00f3n de una sociedad justa&#8221;.<\/p>\n\n\n\n<p>&#8220;Desde el Partido Justicialista Distrito Chaco queremos expresar nuestro m\u00e1s en\u00e9rgico repudio al reciente ataque perpetrado contra nuestra sede en la capital chaque\u00f1a, un acto de violencia que atenta contra los principios democr\u00e1ticos y el respeto a la diversidad de pensamiento que son fundamentales para nuestra sociedad&#8221;, indicaron desde el PJ chaque\u00f1o en un comunicado.<\/p>\n\n\n\n<p>En ese sentido, se\u00f1alaron que el espacio peronista es &#8220;una parte hist\u00f3rica e integral de nuestro sistema pol\u00edtico y un actor relevante en la construcci\u00f3n de una democracia pluralista&#8221;.<\/p>\n\n\n\n<p>&#8220;Este ataque, independientemente de las diferencias pol\u00edticas, implica un acto de intolerancia que socava los cimientos de nuestra convivencia democr\u00e1tica&#8221;, manifestaron.<\/p>\n\n\n\n<p>Y continuaron: &#8220;La violencia pol\u00edtica y la destrucci\u00f3n de espacios destinados al di\u00e1logo y la participaci\u00f3n ciudadana son inaceptables en una sociedad democr\u00e1tica como la nuestra&#8221;.<\/p>\n\n\n\n<p>&#8220;Es fundamental recordar que el di\u00e1logo y el respeto mutuo son esenciales para la construcci\u00f3n de una sociedad justa y pac\u00edfica. Reafirmamos nuestro compromiso con la promoci\u00f3n de la tolerancia, el entendimiento y el respeto a la diversidad de opiniones en nuestra sociedad&#8221;, expresaron.<\/p>\n\n\n\n<p>Asimismo, consideraron que &#8220;en estos momentos en que surgen discursos de odio permanentemente en los medios de comunicaci\u00f3n y hasta de los propios candidatos de la oposici\u00f3n, es fundamental unirnos en la condena a la violencia y en la defensa de nuestros principios democr\u00e1ticos&#8221;.<\/p>\n\n\n\n<p>&#8220;Es importante destacar que los discursos de odio, por su naturaleza inflamatoria y divisiva, no solo fomentan la polarizaci\u00f3n en nuestra sociedad, sino que tambi\u00e9n pueden generar acciones violentas como este ataque a nuestra sede partidaria. Cuando permitimos que los discursos de odio se propaguen sin consecuencias, estamos allanando el camino para que estas palabras se conviertan en acciones destructivas que amenazan la paz y la estabilidad de nuestra comunidad&#8221;, se\u00f1alaron.<\/p>\n\n\n\n<p>Por otra parte, informaron que la denuncia correspondiente ya fue radicada y el proceso continuar\u00e1 por las v\u00edas que sean determinadas por las autoridades competentes.<\/p>\n\n\n\n<p>Desde el PJ Chaco indicaron que la Polic\u00eda de la provincia detuvo este domingo a un joven que ser\u00eda el responsable de romper la puerta de la sede central de Partido Justicialista en Resistencia.<\/p>\n\n\n\n<p>El sujeto adem\u00e1s habr\u00eda da\u00f1ado un auto del Instituto de Ciencia, Tecnolog\u00eda e Innovaci\u00f3n de la provincia y el tablero el\u00e9ctrico de la sede, seg\u00fan afirmaron.<\/p>\n\n\n\n<p>La detenci\u00f3n se produjo esta ma\u00f1ana cerca de las 8, cuando el personal de la Comisar\u00eda Segunda Metropolitana acudi\u00f3 hasta la sede del PJ, ubicado en la intersecci\u00f3n de calle Mitre y avenida Rivadavia, debido a que minutos antes un sujeto lanz\u00f3 un trozo de ladrillo a la puerta de ingreso y la rompi\u00f3.<\/p>\n\n\n\n<p>Con la descripci\u00f3n dada por la consigna policial del lugar, comenzaron a buscar al autor, a quien lograron atrapar en La Rioja al 75, donde intentaba forzar dos veh\u00edculos, uno del Instituto de Ciencia, Tecnolog\u00eda e Innovaci\u00f3n de la provincia, que presentaba da\u00f1os en la puerta del conductor y puerta corrediza.<\/p>\n\n\n\n<p>El joven de 28 a\u00f1os fue llevado a Medicina Legal y luego alojado en la unidad policial, donde fue notificado de las actuaciones judiciales por &#8220;supuestos da\u00f1os&#8221; al Partido Justicialista y &#8220;supuestos da\u00f1os a los bienes del Estado&#8221;, en el caso del Instituto del Chaco.<\/p>\n","protected":false},"excerpt":{"rendered":"<p>El Partido Justicialista de Chaco repudi\u00f3 hoy el ataque perpetrado contra la sede en la capital chaque\u00f1a, un acto que &#8220;atenta contra los principios democr\u00e1ticos&#8221;, y destac\u00f3 la importancia del&hellip; <\/p>\n","protected":false},"author":6,"featured_media":85119,"comment_status":"closed","ping_status":"open","sticky":false,"template":"","format":"standard","meta":{"footnotes":""},"categories":[33],"tags":[],"class_list":["post-85114","post","type-post","status-publish","format-standard","has-post-thumbnail","hentry","category-policiales"],"_links":{"self":[{"href":"https:\/\/corrientesdetarde.com\/index.php\/wp-json\/wp\/v2\/posts\/85114","targetHints":{"allow":["GET"]}}],"collection":[{"href":"https:\/\/corrientesdetarde.com\/index.php\/wp-json\/wp\/v2\/posts"}],"about":[{"href":"https:\/\/corrientesdetarde.com\/index.php\/wp-json\/wp\/v2\/types\/post"}],"author":[{"embeddable":true,"href":"https:\/\/corrientesdetarde.com\/index.php\/wp-json\/wp\/v2\/users\/6"}],"replies":[{"embeddable":true,"href":"https:\/\/corrientesdetarde.com\/index.php\/wp-json\/wp\/v2\/comments?post=85114"}],"version-history":[{"count":1,"href":"https:\/\/corrientesdetarde.com\/index.php\/wp-json\/wp\/v2\/posts\/85114\/revisions"}],"predecessor-version":[{"id":85120,"href":"https:\/\/corrientesdetarde.com\/index.php\/wp-json\/wp\/v2\/posts\/85114\/revisions\/85120"}],"wp:featuredmedia":[{"embeddable":true,"href":"https:\/\/corrientesdetarde.com\/index.php\/wp-json\/wp\/v2\/media\/85119"}],"wp:attachment":[{"href":"https:\/\/corrientesdetarde.com\/index.php\/wp-json\/wp\/v2\/media?parent=85114"}],"wp:term":[{"taxonomy":"category","embeddable":true,"href":"https:\/\/corrientesdetarde.com\/index.php\/wp-json\/wp\/v2\/categories?post=85114"},{"taxonomy":"post_tag","embeddable":true,"href":"https:\/\/corrientesdetarde.com\/index.php\/wp-json\/wp\/v2\/tags?post=85114"}],"curies":[{"name":"wp","href":"https:\/\/api.w.org\/{rel}","templated":true}]}}