{"id":85121,"date":"2023-09-03T20:43:00","date_gmt":"2023-09-03T23:43:00","guid":{"rendered":"https:\/\/corrientesdetarde.com\/?p=85121"},"modified":"2023-09-03T20:43:11","modified_gmt":"2023-09-03T23:43:11","slug":"ola-de-rechazos-para-el-acto-que-prepara-victoria-villarruel-en-la-legislatura-portena","status":"publish","type":"post","link":"https:\/\/corrientesdetarde.com\/index.php\/politica\/ola-de-rechazos-para-el-acto-que-prepara-victoria-villarruel-en-la-legislatura-portena\/","title":{"rendered":"Ola de rechazos para el acto que prepara Victoria Villarruel en la Legislatura porte\u00f1a."},"content":{"rendered":"\n<h2 class=\"wp-block-heading\">Legisladores porte\u00f1os reclamaron la suspensi\u00f3n y advirtieron que pone en peligro consensos b\u00e1sicos. &#8220;El \u00fanico terrorismo fue el que llev\u00f3 adelante el Estado genocida&#8221;, afirman desde el movimiento de derechos humanos que llama a movilizarse hasta la calle Per\u00fa.<\/h2>\n\n\n\n<p>La actividad que la&nbsp;<strong>diputada pro-dictadura Victoria Villarruel&nbsp;<\/strong>prepara para el lunes en la&nbsp;<strong>Legislatura porte\u00f1a&nbsp;<\/strong>gener\u00f3 una ola de rechazos. La presidenta de la Comisi\u00f3n de Derechos Humanos de ese cuerpo,&nbsp;<strong>Victoria Montenegro,<\/strong>&nbsp;advirti\u00f3 que es&nbsp;<strong>una forma de poner en peligro los acuerdos b\u00e1sicos que lograron las distintas fuerzas democr\u00e1ticas.<\/strong>&nbsp;<strong>Organismos de derechos humanos<\/strong>&nbsp;convocaron a un<strong>&nbsp;acto de repudio en las inmediaciones del edificio de la calle Per\u00fa.&nbsp;<\/strong><\/p>\n\n\n\n<p>La convocatoria empez\u00f3 a circular en Twitter y anuncia un &#8220;<strong>homenaje a las v\u00edctimas del terrorismo&#8221;<\/strong>. El flyer dice que quien invita es la diputada Victoria Villarruel, pese a que ella no tiene nada que ver con la Legislatura porte\u00f1a, ya que ocupa una banca en el Congreso nacional. M\u00e1s peque\u00f1o aparece el nombre de la legisladora de La Libertad Avanza (LLA) Luc\u00eda Montenegro, una de las leales de Milei en el frente porte\u00f1o.\u00a0<strong>La actividad est\u00e1 prevista para el lunes a las 17 en el Sal\u00f3n Dorado.<\/strong><\/p>\n\n\n\n<p>La invitaci\u00f3n lleva el sello del&nbsp;<strong>Centro de Estudios Legales sobre el Terrorismo y sus V\u00edctimas (Celtyv), la entidad que preside Villarruel.<\/strong>&nbsp;El Celtyv fue conformado en 2006 como una reacci\u00f3n a la reapertura de los juicios por cr\u00edmenes de lesa humanidad. El principal objetivo de este grupo es llevar a juicio a los militantes de los a\u00f1os \u201870. El Celtyv se cre\u00f3 como una rama de la Asociaci\u00f3n Unidad Argentina (Aunar), fundada en 1993 por militares que actuaron en la represi\u00f3n ilegal.<\/p>\n\n\n\n<h2 class=\"wp-block-heading\">Los rechazos en la Legislatura<\/h2>\n\n\n\n<p><strong>Victoria Montenegro<\/strong>&nbsp;es la presidenta de la Comisi\u00f3n de Derechos Humanos, hija de v\u00edctimas del terrorismo de Estado y restituy\u00f3 su identidad gracias a la b\u00fasqueda de Abuelas de Plaza de Mayo. Cuando advirti\u00f3 que se estaba preparando el acto, la legisladora del Frente de Todos (FdT) le mand\u00f3 una nota al&nbsp;<strong>vicepresidente primero de la Legislatura, Emmanuel Ferrario (Pro)<\/strong>, para advertirle acercade la seriedad del tema.<\/p>\n\n\n\n<p>\u201cQuiero expresarle mi m\u00e1s profunda preocupaci\u00f3n por este acontecimiento, ya que&nbsp;<strong>pone en peligro acuerdos b\u00e1sicos alcanzados por la mayor\u00eda de las fuerzas pol\u00edticas con representaci\u00f3n parlamentaria y contradice los posicionamientos hist\u00f3ricos que cada a\u00f1o esta Legislatura renueva, en referencia a la \u00faltima dictadura c\u00edvico-militar acontecida en nuestro pa\u00eds entre 1976 y 1983<\/strong>\u201d, dice la nota que envi\u00f3 Victoria Montenegro. En su escrito le pide a Ferrario que tome las medidas necesarias.<\/p>\n\n\n\n<p>La legisladora&nbsp;<strong>Alejandrina Barry&nbsp;<\/strong>del PTS-FIT-U, que tambi\u00e9n es hija de desaparecidos, reclama que se suspenda el acto de Villarruel. \u201c<strong>No es un homenaje, es una reivindicaci\u00f3n de la dictadura<\/strong>. Resulta una verdadera provocaci\u00f3n que en la Legislatura se realice una actividad para reivindicar y promover la impunidad de los cr\u00edmenes m\u00e1s atroces del terrorismo de Estado\u201d, afirma.<\/p>\n\n\n\n<p><strong>Gabriel Solano<\/strong>, del PO-FIT-U, envi\u00f3 otra nota para que el evento sea dejado sin efecto. \u201cEstamos en presencia de un&nbsp;<strong>acto pol\u00edtico reaccionario en defensa de los genocidas de la dictadura y el terrorismo de Estado<\/strong>\u201d, manifest\u00f3.<\/p>\n\n\n\n<p>El legislador del FdT&nbsp;<strong>Claudio Morresi&nbsp;<\/strong>tambi\u00e9n observa con preocupaci\u00f3n la presencia de Villarruel en la Legislatura. \u00c9l integra&nbsp;<strong>Familiares de Desaparecidos y Detenidos por Razones Pol\u00edticas<\/strong>. Su hermano Norberto fue secuestrado a los 17 a\u00f1os y asesinado por los grupos de tareas. \u201c<strong>Es otra acci\u00f3n m\u00e1s de este grupo tan identificado con la dictadura<\/strong>, desde que est\u00e1n sentados en La legislatura, cada 24 de marzo no acompa\u00f1an el documento consensuado con los otros bloques pol\u00edticos donde se repudia el golpe de Estado. Y&nbsp;<strong>cuando vos no repudi\u00e1s los cr\u00edmenes de lesa humanidad que se cometieron en ese tiempo es porque decid\u00eds avalarlos<\/strong>\u201d, sostiene.<\/p>\n\n\n\n<figure class=\"wp-block-image\"><img decoding=\"async\" src=\"https:\/\/images.pagina12.com.ar\/styles\/width960\/public\/2023-09\/764080-whatsapp-20image-202023-09-02-20at-2018-09-45.jpeg?itok=Lpy36eEM\" alt=\"\"\/><\/figure>\n\n\n\n<h2 class=\"wp-block-heading\">Una manifestaci\u00f3n de repudio<\/h2>\n\n\n\n<p>Organismos de derechos humanos convocaron a un acto a las 16.30 en la puerta de la Legislatura, en Per\u00fa al 160.&nbsp;<strong>&#8220;Decimos que no hubo dos demonios y el \u00fanico terrorismo fue el que llev\u00f3 adelante el Estado genocida&#8221;<\/strong>, dice el comunicado firmado por&nbsp;<strong>Madres de Plaza de Mayo-L\u00ednea Fundadora, la Asamblea Permanente por los Derechos Humanos (APDH), la Fundaci\u00f3n Memoria Hist\u00f3rica y Social Agentina, Familiares y Compa\u00f1eros de los 12 de la Santa Cruz, la APDH La Matanza, la Comisi\u00f3n Zona Norte, el Movimiento Ecum\u00e9nico por los Derechos Humanos, la Liga Argentina por los Derechos Humanos (LADH) y la Asociaci\u00f3n Buena Memoria.<\/strong><\/p>\n\n\n\n<p>&#8220;Exigimos que se adopten todas las medidas necesarias para evitar que esa provocaci\u00f3n se materialice, que no s\u00f3lo niega y falsea la verdad hist\u00f3rica sino que ofende la memoria colectiva, y demandamos que las autoridades y el pleno de ese cuerpo legislativo, como de todo el arco pol\u00edtico, las organizaciones sociales, estudiantiles y sindicales, que efectivamente aspiran a consolidar el estado de Derecho y la Democracia, que tanto nos costara recuperar, se expresen en id\u00e9ntico sentido&#8221;, a\u00f1aden.<\/p>\n\n\n\n<p>El&nbsp;<strong>Encuentro Memoria, Verdad y Justicia<\/strong>&nbsp;har\u00e1 una conferencia de prensa a las 12 en la entrada de la Legislatura y tambi\u00e9n movilizar\u00e1 a la tarde. La candidata a legisladora porte\u00f1a&nbsp;<strong>Cele Fierro&nbsp;<\/strong>(MST- FIT-U), por su lado, promovi\u00f3 desde sus redes sociales un escrache al acto de LLA.&nbsp;<\/p>\n\n\n\n<p>La&nbsp;<strong>Asociaci\u00f3n Madres de Plaza de Mayo<\/strong>&nbsp;calific\u00f3 el evento como&nbsp;<strong>una ofensa a la memoria hist\u00f3rica en un sitio clave para la democracia<\/strong>, como lo es la Legislatua porte\u00f1a. &#8220;Hace muchos a\u00f1os que las Madres reivindicamos no solo la memoria de los desaparecidos, sino tambi\u00e9n sus luchas y sus objetivos pol\u00edticos&#8221;, sostuvieron y&nbsp;<strong>llamaron a repudiar la avanzada negacionista el jueves en Plaza de Mayo.<\/strong><\/p>\n\n\n\n<p><strong>H.I.J.O.S Capital<\/strong>, por su parte, defini\u00f3 la actividad como un\u00a0<strong>&#8220;acto de promoci\u00f3n de olvido y la reivindicaci\u00f3n del terrorismo de Estado<\/strong>&#8220;. En esa l\u00ednea, llam\u00f3 a\u00a0<strong>enviar correos electr\u00f3nicos a Ferrario para reclamar la suspensi\u00f3n del evento<\/strong>. &#8220;Una instituci\u00f3n de la democracia no puede tolerar discursos ni actos negacionistas ni de odio. Este tipo de acciones exceden el l\u00edmite de los consensos democr\u00e1ticos de nuestro pa\u00eds, reconocidos en el mundo&#8221;.<\/p>\n\n\n\n<blockquote class=\"instagram-media\" data-instgrm-permalink=\"https:\/\/www.instagram.com\/p\/CwtewVZRUIO\/?utm_source=ig_embed&amp;utm_campaign=loading\" data-instgrm-version=\"14\" style=\" background:#FFF; border:0; border-radius:3px; box-shadow:0 0 1px 0 rgba(0,0,0,0.5),0 1px 10px 0 rgba(0,0,0,0.15); margin: 1px; max-width:540px; min-width:326px; padding:0; width:99.375%; width:-webkit-calc(100% - 2px); width:calc(100% - 2px);\"><div style=\"padding:16px;\"> <a href=\"https:\/\/www.instagram.com\/p\/CwtewVZRUIO\/?utm_source=ig_embed&amp;utm_campaign=loading\" style=\" background:#FFFFFF; line-height:0; padding:0 0; text-align:center; text-decoration:none; width:100%;\" target=\"_blank\" rel=\"noopener\"> <div style=\" display: flex; flex-direction: row; align-items: center;\"> <div style=\"background-color: #F4F4F4; border-radius: 50%; flex-grow: 0; height: 40px; margin-right: 14px; width: 40px;\"><\/div> <div style=\"display: flex; flex-direction: column; flex-grow: 1; justify-content: center;\"> <div style=\" background-color: #F4F4F4; border-radius: 4px; flex-grow: 0; height: 14px; margin-bottom: 6px; width: 100px;\"><\/div> <div style=\" background-color: #F4F4F4; border-radius: 4px; flex-grow: 0; height: 14px; width: 60px;\"><\/div><\/div><\/div><div style=\"padding: 19% 0;\"><\/div> <div style=\"display:block; height:50px; margin:0 auto 12px; width:50px;\"><svg width=\"50px\" height=\"50px\" viewBox=\"0 0 60 60\" version=\"1.1\" xmlns=\"https:\/\/www.w3.org\/2000\/svg\" xmlns:xlink=\"https:\/\/www.w3.org\/1999\/xlink\"><g stroke=\"none\" stroke-width=\"1\" fill=\"none\" fill-rule=\"evenodd\"><g transform=\"translate(-511.000000, -20.000000)\" fill=\"#000000\"><g><path d=\"M556.869,30.41 C554.814,30.41 553.148,32.076 553.148,34.131 C553.148,36.186 554.814,37.852 556.869,37.852 C558.924,37.852 560.59,36.186 560.59,34.131 C560.59,32.076 558.924,30.41 556.869,30.41 M541,60.657 C535.114,60.657 530.342,55.887 530.342,50 C530.342,44.114 535.114,39.342 541,39.342 C546.887,39.342 551.658,44.114 551.658,50 C551.658,55.887 546.887,60.657 541,60.657 M541,33.886 C532.1,33.886 524.886,41.1 524.886,50 C524.886,58.899 532.1,66.113 541,66.113 C549.9,66.113 557.115,58.899 557.115,50 C557.115,41.1 549.9,33.886 541,33.886 M565.378,62.101 C565.244,65.022 564.756,66.606 564.346,67.663 C563.803,69.06 563.154,70.057 562.106,71.106 C561.058,72.155 560.06,72.803 558.662,73.347 C557.607,73.757 556.021,74.244 553.102,74.378 C549.944,74.521 548.997,74.552 541,74.552 C533.003,74.552 532.056,74.521 528.898,74.378 C525.979,74.244 524.393,73.757 523.338,73.347 C521.94,72.803 520.942,72.155 519.894,71.106 C518.846,70.057 518.197,69.06 517.654,67.663 C517.244,66.606 516.755,65.022 516.623,62.101 C516.479,58.943 516.448,57.996 516.448,50 C516.448,42.003 516.479,41.056 516.623,37.899 C516.755,34.978 517.244,33.391 517.654,32.338 C518.197,30.938 518.846,29.942 519.894,28.894 C520.942,27.846 521.94,27.196 523.338,26.654 C524.393,26.244 525.979,25.756 528.898,25.623 C532.057,25.479 533.004,25.448 541,25.448 C548.997,25.448 549.943,25.479 553.102,25.623 C556.021,25.756 557.607,26.244 558.662,26.654 C560.06,27.196 561.058,27.846 562.106,28.894 C563.154,29.942 563.803,30.938 564.346,32.338 C564.756,33.391 565.244,34.978 565.378,37.899 C565.522,41.056 565.552,42.003 565.552,50 C565.552,57.996 565.522,58.943 565.378,62.101 M570.82,37.631 C570.674,34.438 570.167,32.258 569.425,30.349 C568.659,28.377 567.633,26.702 565.965,25.035 C564.297,23.368 562.623,22.342 560.652,21.575 C558.743,20.834 556.562,20.326 553.369,20.18 C550.169,20.033 549.148,20 541,20 C532.853,20 531.831,20.033 528.631,20.18 C525.438,20.326 523.257,20.834 521.349,21.575 C519.376,22.342 517.703,23.368 516.035,25.035 C514.368,26.702 513.342,28.377 512.574,30.349 C511.834,32.258 511.326,34.438 511.181,37.631 C511.035,40.831 511,41.851 511,50 C511,58.147 511.035,59.17 511.181,62.369 C511.326,65.562 511.834,67.743 512.574,69.651 C513.342,71.625 514.368,73.296 516.035,74.965 C517.703,76.634 519.376,77.658 521.349,78.425 C523.257,79.167 525.438,79.673 528.631,79.82 C531.831,79.965 532.853,80.001 541,80.001 C549.148,80.001 550.169,79.965 553.369,79.82 C556.562,79.673 558.743,79.167 560.652,78.425 C562.623,77.658 564.297,76.634 565.965,74.965 C567.633,73.296 568.659,71.625 569.425,69.651 C570.167,67.743 570.674,65.562 570.82,62.369 C570.966,59.17 571,58.147 571,50 C571,41.851 570.966,40.831 570.82,37.631\"><\/path><\/g><\/g><\/g><\/svg><\/div><div style=\"padding-top: 8px;\"> <div style=\" color:#3897f0; font-family:Arial,sans-serif; font-size:14px; font-style:normal; font-weight:550; line-height:18px;\">Ver esta publicaci\u00f3n en Instagram<\/div><\/div><div style=\"padding: 12.5% 0;\"><\/div> <div style=\"display: flex; flex-direction: row; margin-bottom: 14px; align-items: center;\"><div> <div style=\"background-color: #F4F4F4; border-radius: 50%; height: 12.5px; width: 12.5px; transform: translateX(0px) translateY(7px);\"><\/div> <div style=\"background-color: #F4F4F4; height: 12.5px; transform: rotate(-45deg) translateX(3px) translateY(1px); width: 12.5px; flex-grow: 0; margin-right: 14px; margin-left: 2px;\"><\/div> <div style=\"background-color: #F4F4F4; border-radius: 50%; height: 12.5px; width: 12.5px; transform: translateX(9px) translateY(-18px);\"><\/div><\/div><div style=\"margin-left: 8px;\"> <div style=\" background-color: #F4F4F4; border-radius: 50%; flex-grow: 0; height: 20px; width: 20px;\"><\/div> <div style=\" width: 0; height: 0; border-top: 2px solid transparent; border-left: 6px solid #f4f4f4; border-bottom: 2px solid transparent; transform: translateX(16px) translateY(-4px) rotate(30deg)\"><\/div><\/div><div style=\"margin-left: auto;\"> <div style=\" width: 0px; border-top: 8px solid #F4F4F4; border-right: 8px solid transparent; transform: translateY(16px);\"><\/div> <div style=\" background-color: #F4F4F4; flex-grow: 0; height: 12px; width: 16px; transform: translateY(-4px);\"><\/div> <div style=\" width: 0; height: 0; border-top: 8px solid #F4F4F4; border-left: 8px solid transparent; transform: translateY(-4px) translateX(8px);\"><\/div><\/div><\/div> <div style=\"display: flex; flex-direction: column; flex-grow: 1; justify-content: center; margin-bottom: 24px;\"> <div style=\" background-color: #F4F4F4; border-radius: 4px; flex-grow: 0; height: 14px; margin-bottom: 6px; width: 224px;\"><\/div> <div style=\" background-color: #F4F4F4; border-radius: 4px; flex-grow: 0; height: 14px; width: 144px;\"><\/div><\/div><\/a><p style=\" color:#c9c8cd; font-family:Arial,sans-serif; font-size:14px; line-height:17px; margin-bottom:0; margin-top:8px; overflow:hidden; padding:8px 0 7px; text-align:center; text-overflow:ellipsis; white-space:nowrap;\"><a href=\"https:\/\/www.instagram.com\/p\/CwtewVZRUIO\/?utm_source=ig_embed&amp;utm_campaign=loading\" style=\" color:#c9c8cd; font-family:Arial,sans-serif; font-size:14px; font-style:normal; font-weight:normal; line-height:17px; text-decoration:none;\" target=\"_blank\" rel=\"noopener\">Una publicaci\u00f3n compartida de H.I.J.O.S. Capital \ud83d\udce3 (@h.i.j.o.s._capital)<\/a><\/p><\/div><\/blockquote> <script async src=\"\/\/www.instagram.com\/embed.js\"><\/script>\n\n\n\n<h2 class=\"wp-block-heading\">M\u00e1s descontento<\/h2>\n\n\n\n<p>La&nbsp;<strong>Central de Trabajadores y Trabajadoras de la Argentina &#8212; filial Ciudad-<\/strong>&#8211; se declar\u00f3 en&nbsp;<strong>estado de alerta y movilizaci\u00f3n<\/strong>. &#8220;A 40 a\u00f1os de la vuelta de la democracia resulta alarmante la proliferaci\u00f3n de discursos negacionistas provenientes de ciertos sectores pol\u00edticos con aspiraciones presidenciales&#8221;, sostuvieron desde la&nbsp;<strong>Intersindical de Derechos Humanos<\/strong>, que integran&nbsp;<strong>la CGT y las dos CTA.<\/strong><\/p>\n\n\n\n<p>El&nbsp;<strong>Instituto Espacio Memoria (IEM)&nbsp;<\/strong>tambi\u00e9n expres\u00f3 su rechazo. &#8220;Repudiamos la apolog\u00eda del delito y hacemos p\u00fablica nuestra&nbsp;<strong>honda preocupaci\u00f3n frente al avance de este tipo de actos que reactualizan lo peor de la metodolog\u00eda de etapa m\u00e1s oscura de la historia<\/strong>&#8220;, dice el texto firmado por&nbsp;<strong>Adolfo P\u00e9rez Esquivel, Nora Corti\u00f1as, Ana Mar\u00eda Careaga, Stella Calloni, Irma Medina y Lita Stantic.<\/strong><\/p>\n\n\n\n<p><strong>Historias Desobedientes llam\u00f3 a movilizarse<\/strong>. &#8220;Victoria Villarruel es<strong>&nbsp;una hija obediente del genocidio, que obedece los mandatos filiatorios de lealtad familiar que perpet\u00faan el silencio y justifican los cr\u00edmenes.<\/strong>&nbsp;Tan grave como eso, es que desde su posici\u00f3n dirigencial promueva pol\u00edticas de odio que pueden resultar en hechos dram\u00e1ticos en el futuro inmediato&#8221;, sostuvieron sus integrantes.<\/p>\n\n\n\n<p>Desde&nbsp;<strong>Unidad Popular<\/strong>, Claudio Lozano reclam\u00f3 que la Legislatura impida el evento por considerarlo negacionista y reivindicador del golpe de Estado de 1976. La<strong>&nbsp;Federaci\u00f3n de Entidades Culturales Judias de la Argentina (ICUF)&nbsp;<\/strong>tambi\u00e9n pidi\u00f3 que se cancele el acto por ser una desverg\u00fcenza y un intento de reinstalar la teor\u00eda de los dos demonios.<\/p>\n\n\n\n<h2 class=\"wp-block-heading\">Una militante pro-impunidad hecha y derecha<\/h2>\n\n\n\n<p>Desde sus redes sociales, la diputada nacional&nbsp;<strong>Myriam Bregman<\/strong>&nbsp;apunt\u00f3 contra Villarruel por el encuentro que organiza para el lunes &#8220;El \u00fanico sentido que tiene esto es provocar. Villaruel visitaba genocidas, \u00bfahora quiere visitar la Legislatura para contarlo?&#8221;, se pregunt\u00f3 la candidata presidencial del FIT-U.<\/p>\n\n\n\n<p><strong>Villarruel suele esconder su militancia previa en organizaciones que directamente reivindicaron el accionar de la \u00faltima dictadura<\/strong>. No habla de Aunar ni de Memoria Completa, grupo en el que milit\u00f3 \u2013seg\u00fan public\u00f3 el mayor retirado Pedro Rafael Mercado, marido de Cecilia Pando\u2013 a principios de este siglo.<\/p>\n\n\n\n<p>Villarruel tambi\u00e9n integr\u00f3&nbsp;<strong>J\u00f3venes por la Verdad<\/strong>&nbsp;y, desde all\u00ed,&nbsp;<strong>organizaba visitas a Jorge Rafael Videla mientras estaba detenido en la casa<\/strong>, de acuerdo con lo que record\u00f3 Mercado. J\u00f3venes por la Verdad tambi\u00e9n juntaba cartas para mandarle al marino&nbsp;<strong>Ricardo Cavallo<\/strong>&nbsp;\u2013represor de la ESMA\u2013 mientras estaba preso en Espa\u00f1a. A Villarruel tambi\u00e9n la une una relaci\u00f3n con otro de los que actuaron en el campo de concentraci\u00f3n de la Marina,&nbsp;<strong>Alberto Eduardo Gonz\u00e1lez.<\/strong><\/p>\n\n\n\n<p>Esta semana se conoci\u00f3 que Villarruel&nbsp;<strong>figuraba en las anotaciones que hizo Miguel Osvaldo Etchecolatz mientras preparaba su defensa&nbsp;<\/strong>para el primer juicio que debi\u00f3 afrontar tras la reapertura de los procesos. La abogada Guadalupe Godoy tambi\u00e9n exhibi\u00f3 que aparec\u00eda en los registros de&nbsp;<strong>visitas a Norberto Cozzani, la mano derecha de Etchecolatz durante los a\u00f1os del terrorismo de Estado y despu\u00e9s tambi\u00e9n.<\/strong><\/p>\n\n\n\n<h2 class=\"wp-block-heading\">La avanzada negacionista<\/h2>\n\n\n\n<p>A principios de a\u00f1o, otras organizaciones pro-impunidad usaron la f\u00f3rmula \u201cv\u00edctimas del terrorismo\u201d en una presentaci\u00f3n que hicieron ante la Legislatura porte\u00f1a para pedir que se saque el nombre de Rodolfo Walsh de la estaci\u00f3n de subte de la L\u00ednea E.&nbsp;<strong>Justicia y Concordia \u2013que re\u00fane a abogados de quienes afrontan procesos por delitos de lesa humanidad\u2013, la Asociaci\u00f3n de Familiares y Amigos de V\u00edctimas del Terrorismo en Argentina (Afavita) y el Centro de Estudios Cruz del Sur pidieron que el nombre de Walsh se reemplace por \u201cV\u00edctimas del Terrorismo\u201d.<\/strong><\/p>\n\n\n\n<p>Estas tres organizaciones suelen tener cr\u00edticas hacia Villarruel \u2013fundamentalmente porque con los a\u00f1os licu\u00f3 su discurso de defensa de los militares y polic\u00edas y se enfoc\u00f3 en la acusaci\u00f3n de los militantes\u2013. Si llegaran a participar del evento, mostrar\u00eda que la dama de hierro de La Libertad Avanza (LLA) est\u00e1 ampliando sus bases dentro de la familia militar despu\u00e9s de que la lista que encabezan con Javier Milei consiguiera casi 30 por ciento de los votos.<\/p>\n\n\n\n<p><\/p>\n\n\n\n<p><em>Fuente: P\u00e1gina 12.<\/em><\/p>\n","protected":false},"excerpt":{"rendered":"<p>Legisladores porte\u00f1os reclamaron la suspensi\u00f3n y advirtieron que pone en peligro consensos b\u00e1sicos. &#8220;El \u00fanico terrorismo fue el que llev\u00f3 adelante el Estado genocida&#8221;, afirman desde el movimiento de derechos&hellip; <\/p>\n","protected":false},"author":6,"featured_media":85128,"comment_status":"closed","ping_status":"open","sticky":false,"template":"","format":"standard","meta":{"footnotes":""},"categories":[3],"tags":[],"class_list":["post-85121","post","type-post","status-publish","format-standard","has-post-thumbnail","hentry","category-politica"],"_links":{"self":[{"href":"https:\/\/corrientesdetarde.com\/index.php\/wp-json\/wp\/v2\/posts\/85121","targetHints":{"allow":["GET"]}}],"collection":[{"href":"https:\/\/corrientesdetarde.com\/index.php\/wp-json\/wp\/v2\/posts"}],"about":[{"href":"https:\/\/corrientesdetarde.com\/index.php\/wp-json\/wp\/v2\/types\/post"}],"author":[{"embeddable":true,"href":"https:\/\/corrientesdetarde.com\/index.php\/wp-json\/wp\/v2\/users\/6"}],"replies":[{"embeddable":true,"href":"https:\/\/corrientesdetarde.com\/index.php\/wp-json\/wp\/v2\/comments?post=85121"}],"version-history":[{"count":1,"href":"https:\/\/corrientesdetarde.com\/index.php\/wp-json\/wp\/v2\/posts\/85121\/revisions"}],"predecessor-version":[{"id":85132,"href":"https:\/\/corrientesdetarde.com\/index.php\/wp-json\/wp\/v2\/posts\/85121\/revisions\/85132"}],"wp:featuredmedia":[{"embeddable":true,"href":"https:\/\/corrientesdetarde.com\/index.php\/wp-json\/wp\/v2\/media\/85128"}],"wp:attachment":[{"href":"https:\/\/corrientesdetarde.com\/index.php\/wp-json\/wp\/v2\/media?parent=85121"}],"wp:term":[{"taxonomy":"category","embeddable":true,"href":"https:\/\/corrientesdetarde.com\/index.php\/wp-json\/wp\/v2\/categories?post=85121"},{"taxonomy":"post_tag","embeddable":true,"href":"https:\/\/corrientesdetarde.com\/index.php\/wp-json\/wp\/v2\/tags?post=85121"}],"curies":[{"name":"wp","href":"https:\/\/api.w.org\/{rel}","templated":true}]}}