{"id":85122,"date":"2023-09-03T19:51:25","date_gmt":"2023-09-03T22:51:25","guid":{"rendered":"https:\/\/corrientesdetarde.com\/?p=85122"},"modified":"2023-09-03T19:51:32","modified_gmt":"2023-09-03T22:51:32","slug":"el-cine-argentino-llego-a-venecia-con-el-rapto","status":"publish","type":"post","link":"https:\/\/corrientesdetarde.com\/index.php\/espectaculos\/el-cine-argentino-llego-a-venecia-con-el-rapto\/","title":{"rendered":"El cine argentino lleg\u00f3 a Venecia con El Rapto."},"content":{"rendered":"\n<h2 class=\"wp-block-heading\">El filme de la directora Daniela Goggi y protagonizado por Rodrigo de la Serna, tuvo su aclamado estreno mundial en La Mostra, donde compite en el apartado Orizzonti Extra.<\/h2>\n\n\n\n<p>&#8220;El rapto&#8221;, cuarto largometraje de Daniela Goggi y \u00fanico t\u00edtulo argentino en el 80\u00b0 Festival de Cine de Venecia tuvo su aclamado estreno mundial en La Mostra donde compite en el apartado Orizzonti Extra.<\/p>\n\n\n\n<p>El filme, inspirado en el libro &#8220;El salto de pap\u00e1&#8221;, de Mart\u00edn Sivak, y protagonizado por Rodrigo de la Serna, logra para su directora mostrar a ese &#8220;enemigo invisible que segu\u00eda funcionando, los servicios de inteligencia de la dictadura&#8221;, seg\u00fan se\u00f1al\u00f3 en una entrevista con la agencia de noticias ANSA .<\/p>\n\n\n\n<p>La autora de las pel\u00edculas &#8220;V\u00edsperas&#8221; (2007), &#8220;Abzurdah&#8221; (2015)&nbsp;y &#8220;El hilo rojo&#8221; (2016), consider\u00f3 que en este nuevo trabajo aborda a &#8220;ese enemigo invisible que segu\u00eda funcionando, los servicios de inteligencia de la dictadura, que hac\u00edan de dobles agentes, pues ten\u00edan toda la informaci\u00f3n de la dictadura. No era un enemigo puntual. El mal era capilar, y cuando eso pasa no se controla&#8221;.<\/p>\n\n\n\n<p>En la cinta, De la Serna encarna a Julio Levy, quien tras el exilio regresa en los a\u00f1os 80 a la empresa familiar que funcionaba en Argentina y su hermano es secuestrado.<\/p>\n\n\n\n<p>Goggi, una ni\u00f1a en la transici\u00f3n, recuerda de aquel periodo &#8220;la sensaci\u00f3n de euforia e incertidumbre. Era tal el deseo de tener un pa\u00eds democr\u00e1tico que se pensaba que las instituciones se iban a alinear con el proyecto democr\u00e1tico&#8221;.<\/p>\n\n\n\n<p>La cineasta apunt\u00f3 que con esta pel\u00edcula quiso hacer un homenaje a la generaci\u00f3n de sus padres, &#8220;que fue muy golpeada y a todo el esfuerzo que hicieron, con un blindaje emocional incluido para poder sobrevivir&#8221;.<\/p>\n\n\n\n<figure class=\"wp-block-image\"><img decoding=\"async\" src=\"https:\/\/www.diarioepoca.com\/content\/bucket\/7\/1317677w762h429c.jpg.webp\" alt=\"\"\/><\/figure>\n\n\n\n<p>De la premiere de &#8220;El rapto&#8221; en Venecia tomaron parte su directora y su protagonista, adem\u00e1s de los productores del filme generado por Paramount+, Benjam\u00edn Domenech (Rei Cine) y Cindy Teperman y Phin Glynn (Infinity Hill).<\/p>\n\n\n\n<p>El camino internacional de la pel\u00edcula tambi\u00e9n actuada por Julieta Zylberberg, Lautaro P\u00e9rez Hillal, Lola Loyacono, Andrea Garrote, Germ\u00e1n Palacios y Jorge Marrale, seguir\u00e1 en la categor\u00eda &#8220;Special Presentations&#8221; del Festival de Cine de Toronto (a realizarse entre el 7 y el 17 del corriente) y su estreno nacional se concretar\u00e1 en octubre.<\/p>\n\n\n\n<p><\/p>\n","protected":false},"excerpt":{"rendered":"<p>El filme de la directora Daniela Goggi y protagonizado por Rodrigo de la Serna, tuvo su aclamado estreno mundial en La Mostra, donde compite en el apartado Orizzonti Extra. &#8220;El&hellip; <\/p>\n","protected":false},"author":6,"featured_media":85126,"comment_status":"closed","ping_status":"open","sticky":false,"template":"","format":"standard","meta":{"footnotes":""},"categories":[19],"tags":[],"class_list":["post-85122","post","type-post","status-publish","format-standard","has-post-thumbnail","hentry","category-espectaculos"],"_links":{"self":[{"href":"https:\/\/corrientesdetarde.com\/index.php\/wp-json\/wp\/v2\/posts\/85122","targetHints":{"allow":["GET"]}}],"collection":[{"href":"https:\/\/corrientesdetarde.com\/index.php\/wp-json\/wp\/v2\/posts"}],"about":[{"href":"https:\/\/corrientesdetarde.com\/index.php\/wp-json\/wp\/v2\/types\/post"}],"author":[{"embeddable":true,"href":"https:\/\/corrientesdetarde.com\/index.php\/wp-json\/wp\/v2\/users\/6"}],"replies":[{"embeddable":true,"href":"https:\/\/corrientesdetarde.com\/index.php\/wp-json\/wp\/v2\/comments?post=85122"}],"version-history":[{"count":1,"href":"https:\/\/corrientesdetarde.com\/index.php\/wp-json\/wp\/v2\/posts\/85122\/revisions"}],"predecessor-version":[{"id":85127,"href":"https:\/\/corrientesdetarde.com\/index.php\/wp-json\/wp\/v2\/posts\/85122\/revisions\/85127"}],"wp:featuredmedia":[{"embeddable":true,"href":"https:\/\/corrientesdetarde.com\/index.php\/wp-json\/wp\/v2\/media\/85126"}],"wp:attachment":[{"href":"https:\/\/corrientesdetarde.com\/index.php\/wp-json\/wp\/v2\/media?parent=85122"}],"wp:term":[{"taxonomy":"category","embeddable":true,"href":"https:\/\/corrientesdetarde.com\/index.php\/wp-json\/wp\/v2\/categories?post=85122"},{"taxonomy":"post_tag","embeddable":true,"href":"https:\/\/corrientesdetarde.com\/index.php\/wp-json\/wp\/v2\/tags?post=85122"}],"curies":[{"name":"wp","href":"https:\/\/api.w.org\/{rel}","templated":true}]}}